{"id":7638,"date":"2022-02-28T09:31:06","date_gmt":"2022-02-28T12:31:06","guid":{"rendered":"https:\/\/conectamutual.cl\/bienestar\/?p=7638"},"modified":"2022-02-28T11:49:52","modified_gmt":"2022-02-28T14:49:52","slug":"la-verdad-es-que-las-empresas-no-son-una-familia-ni-deberian-intentar-serlo","status":"publish","type":"post","link":"https:\/\/conectamutual.cl\/bienestar\/espacios-de-reflexion\/la-verdad-es-que-las-empresas-no-son-una-familia-ni-deberian-intentar-serlo\/","title":{"rendered":"La verdad es que las empresas no son una familia, ni deber\u00edan intentar serlo"},"content":{"rendered":"<p>[et_pb_section fb_built=\u00bb1&#8243; _builder_version=\u00bb3.29.3&#8243; custom_margin=\u00bb||-50px||false|false\u00bb custom_margin_phone=\u00bb||0px||false|false\u00bb custom_margin_last_edited=\u00bbon|phone\u00bb custom_padding=\u00bb11px||0px||false|false\u00bb fb_built=\u00bb1&#8243; _i=\u00bb0&#8243; _address=\u00bb0&#8243;][et_pb_row column_structure=\u00bb1_3,1_3,1_3&#8243; disabled_on=\u00bbon|on|off\u00bb _builder_version=\u00bb3.29.3&#8243; min_height=\u00bb269px\u00bb custom_margin=\u00bb-15px|auto|-190px|auto|false|false\u00bb custom_margin_last_edited=\u00bbon|phone\u00bb custom_padding=\u00bb||0px||false|false\u00bb _i=\u00bb0&#8243; _address=\u00bb0.0&#8243;][et_pb_column type=\u00bb1_3&#8243; _builder_version=\u00bb3.29.3&#8243; _i=\u00bb0&#8243; _address=\u00bb0.0.0&#8243;][\/et_pb_column][et_pb_column type=\u00bb1_3&#8243; _builder_version=\u00bb3.29.3&#8243; _i=\u00bb1&#8243; _address=\u00bb0.0.1&#8243;][et_pb_image src=\u00bbhttps:\/\/conectamutual.cl\/bienestar\/wp-content\/uploads\/2019\/10\/Logo-Espacio-Mutuo-02.png\u00bb align=\u00bbcenter\u00bb _builder_version=\u00bb3.29.3&#8243; width=\u00bb83%\u00bb width_phone=\u00bb22%\u00bb width_last_edited=\u00bbon|phone\u00bb custom_margin=\u00bb15px||||false|false\u00bb _i=\u00bb0&#8243; _address=\u00bb0.0.1.0&#8243;][\/et_pb_image][\/et_pb_column][et_pb_column type=\u00bb1_3&#8243; _builder_version=\u00bb3.29.3&#8243; _i=\u00bb2&#8243; _address=\u00bb0.0.2&#8243;][et_pb_image src=\u00bbhttps:\/\/conectamutual.cl\/bienestar\/wp-content\/uploads\/2021\/01\/Captura-de-Pantalla-2021-01-16-a-las-10.07.37.png\u00bb align=\u00bbright\u00bb _builder_version=\u00bb3.29.3&#8243; width=\u00bb72%\u00bb width_phone=\u00bb41%\u00bb width_last_edited=\u00bbon|phone\u00bb custom_margin=\u00bb45px||45px||true|false\u00bb custom_margin_phone=\u00bb10px||60px||false|false\u00bb custom_margin_last_edited=\u00bbon|phone\u00bb _i=\u00bb0&#8243; _address=\u00bb0.0.2.0&#8243;][\/et_pb_image][\/et_pb_column][\/et_pb_row][et_pb_row column_structure=\u00bb1_3,1_3,1_3&#8243; disabled_on=\u00bboff|off|on\u00bb _builder_version=\u00bb3.29.3&#8243; min_height=\u00bb269px\u00bb custom_margin=\u00bb-15px|auto|-20px|auto|false|false\u00bb custom_margin_last_edited=\u00bbon|phone\u00bb custom_padding=\u00bb||||false|false\u00bb _i=\u00bb1&#8243; _address=\u00bb0.1&#8243;][et_pb_column type=\u00bb1_3&#8243; _builder_version=\u00bb3.29.3&#8243; _i=\u00bb0&#8243; _address=\u00bb0.1.0&#8243;][\/et_pb_column][et_pb_column type=\u00bb1_3&#8243; _builder_version=\u00bb3.29.3&#8243; _i=\u00bb1&#8243; _address=\u00bb0.1.1&#8243;][et_pb_image src=\u00bbhttps:\/\/conectamutual.cl\/bienestar\/wp-content\/uploads\/2019\/10\/Logo-Espacio-Mutuo-01.png\u00bb align=\u00bbcenter\u00bb force_fullwidth=\u00bbon\u00bb _builder_version=\u00bb3.29.3&#8243; min_height=\u00bb170px\u00bb min_height_phone=\u00bb187px\u00bb min_height_last_edited=\u00bbon|phone\u00bb height=\u00bb100px\u00bb max_height=\u00bb1000px\u00bb custom_margin=\u00bb-14px||8px|||\u00bb _i=\u00bb0&#8243; _address=\u00bb0.1.1.0&#8243;][\/et_pb_image][\/et_pb_column][et_pb_column type=\u00bb1_3&#8243; _builder_version=\u00bb3.29.3&#8243; _i=\u00bb2&#8243; _address=\u00bb0.1.2&#8243;][et_pb_image src=\u00bbhttps:\/\/conectamutual.cl\/bienestar\/wp-content\/uploads\/2021\/01\/Captura-de-Pantalla-2021-01-16-a-las-10.07.37.png\u00bb align=\u00bbcenter\u00bb _builder_version=\u00bb3.29.3&#8243; width=\u00bb94%\u00bb width_phone=\u00bb65%\u00bb width_last_edited=\u00bbon|phone\u00bb module_alignment=\u00bbcenter\u00bb custom_margin=\u00bb45px||45px||true|false\u00bb custom_margin_phone=\u00bb10px||60px||false|false\u00bb custom_margin_last_edited=\u00bbon|phone\u00bb _i=\u00bb0&#8243; _address=\u00bb0.1.2.0&#8243;][\/et_pb_image][\/et_pb_column][\/et_pb_row][\/et_pb_section][et_pb_section fb_built=\u00bb1&#8243; _builder_version=\u00bb3.29.3&#8243; custom_padding=\u00bb4px||0px|||\u00bb fb_built=\u00bb1&#8243; _i=\u00bb1&#8243; _address=\u00bb1&#8243;][et_pb_row _builder_version=\u00bb3.29.3&#8243; min_height=\u00bb102px\u00bb custom_margin_phone=\u00bb20px||||false|false\u00bb custom_margin_last_edited=\u00bbon|phone\u00bb custom_padding=\u00bb34px||10px|||\u00bb _i=\u00bb0&#8243; _address=\u00bb1.0&#8243;][et_pb_column type=\u00bb4_4&#8243; _builder_version=\u00bb3.29.3&#8243; _i=\u00bb0&#8243; _address=\u00bb1.0.0&#8243;][et_pb_image src=\u00bbhttps:\/\/conectamutual.cl\/bienestar\/wp-content\/uploads\/2019\/12\/LOGOS-CATEGORIAS-01.png\u00bb align=\u00bbcenter\u00bb disabled_on=\u00bboff|off|off\u00bb _builder_version=\u00bb3.29.3&#8243; width=\u00bb50%\u00bb width_phone=\u00bb95%\u00bb width_last_edited=\u00bbon|phone\u00bb _i=\u00bb0&#8243; _address=\u00bb1.0.0.0&#8243;][\/et_pb_image][\/et_pb_column][\/et_pb_row][\/et_pb_section][et_pb_section fb_built=\u00bb1&#8243; _builder_version=\u00bb3.29.3&#8243; custom_padding=\u00bb15px||1px|||\u00bb fb_built=\u00bb1&#8243; _i=\u00bb2&#8243; _address=\u00bb2&#8243;][et_pb_row _builder_version=\u00bb3.29.3&#8243; custom_padding=\u00bb3px||36px|||\u00bb _i=\u00bb0&#8243; _address=\u00bb2.0&#8243;][et_pb_column type=\u00bb4_4&#8243; _builder_version=\u00bb3.29.3&#8243; _i=\u00bb0&#8243; _address=\u00bb2.0.0&#8243;][et_pb_post_title comments=\u00bboff\u00bb featured_image=\u00bboff\u00bb _builder_version=\u00bb3.29.3&#8243; title_font=\u00bbMontserrat|700|||||||\u00bb title_text_align=\u00bbcenter\u00bb title_text_color=\u00bb#c4d600&#8243; title_font_size=\u00bb54px\u00bb title_line_height=\u00bb1.1em\u00bb meta_font=\u00bbMontserrat||||||||\u00bb meta_text_align=\u00bbcenter\u00bb meta_font_size=\u00bb12px\u00bb title_font_size_phone=\u00bb30px\u00bb title_font_size_last_edited=\u00bbon|phone\u00bb meta_font_size_phone=\u00bb10px\u00bb meta_font_size_last_edited=\u00bbon|phone\u00bb _i=\u00bb0&#8243; _address=\u00bb2.0.0.0&#8243;][\/et_pb_post_title][\/et_pb_column][\/et_pb_row][\/et_pb_section][et_pb_section fb_built=\u00bb1&#8243; fullwidth=\u00bbon\u00bb _builder_version=\u00bb3.29.3&#8243; fb_built=\u00bb1&#8243; _i=\u00bb3&#8243; _address=\u00bb3&#8243;][et_pb_fullwidth_image src=\u00bbhttps:\/\/conectamutual.cl\/bienestar\/wp-content\/uploads\/2022\/02\/pexels-fauxels-3184434.jpg\u00bb _builder_version=\u00bb3.29.3&#8243; _i=\u00bb0&#8243; _address=\u00bb3.0&#8243;][\/et_pb_fullwidth_image][\/et_pb_section][et_pb_section fb_built=\u00bb1&#8243; _builder_version=\u00bb3.29.3&#8243; custom_padding=\u00bb11px||8px|||\u00bb fb_built=\u00bb1&#8243; _i=\u00bb4&#8243; _address=\u00bb4&#8243;][et_pb_row _builder_version=\u00bb3.29.3&#8243; custom_padding=\u00bb9px|||||\u00bb _i=\u00bb0&#8243; _address=\u00bb4.0&#8243;][et_pb_column type=\u00bb4_4&#8243; _builder_version=\u00bb3.29.3&#8243; custom_padding=\u00bb|110px||110px|false|false\u00bb custom_padding_phone=\u00bb|10px||10px|false|false\u00bb custom_padding_last_edited=\u00bbon|phone\u00bb _i=\u00bb0&#8243; _address=\u00bb4.0.0&#8243;][et_pb_text _builder_version=\u00bb3.29.3&#8243; text_font_size=\u00bb17px\u00bb text_line_height=\u00bb2.1em\u00bb header_2_text_color=\u00bb#c4d600&#8243; header_3_line_height=\u00bb1.6em\u00bb custom_margin_last_edited=\u00bbon|phone\u00bb custom_padding=\u00bb36px|0px||0px|false|false\u00bb text_font_size_phone=\u00bb16px\u00bb text_font_size_last_edited=\u00bbon|phone\u00bb text_line_height_phone=\u00bb1.9em\u00bb text_line_height_last_edited=\u00bbon|phone\u00bb header_2_font_size_phone=\u00bb23px\u00bb header_2_font_size_last_edited=\u00bbon|phone\u00bb _i=\u00bb0&#8243; _address=\u00bb4.0.0.0&#8243;]<\/p>\n<blockquote>\n<p><span style=\"font-weight: 400;\">No est\u00e1 claro d\u00f3nde comenz\u00f3 la met\u00e1fora. Lo m\u00e1s probable es que alg\u00fan ejecutivo bien intencionado en alg\u00fan lugar <\/span><b>describiera la cultura de su empresa como sentirse \u00abcomo en una familia\u00bb.<\/b><\/p>\n<\/blockquote>\n<p><span style=\"font-weight: 400;\">Con el tiempo, m\u00e1s y m\u00e1s l\u00edderes corporativos comenzaron a usar la frase \u00abcomo familia\u00bb, hasta que uno decidi\u00f3 llevarlo al siguiente nivel y omitir el \u00abcomo\u00bb, <\/span><a href=\"https:\/\/ideas.ted.com\/why-a-company-is-not-a-family-and-how-companies-can-bond-with-their-employees-instead\/\"><span style=\"font-weight: 400;\">alardeando: <\/span><b>\u00abSomos una familia\u00bb.<\/b><\/a><\/p>\n<p><span style=\"font-weight: 400;\">Pero la verdad es que <\/span><b>una empresa no es una familia<\/b><span style=\"font-weight: 400;\">. Y m\u00e1s a\u00fan \u2013 una empresa no deber\u00eda intentar serlo.\u00a0<\/span><\/p>\n<h2><b>COMPROMISO LABORAL NIVEL \u201cFAMILIA\u201d<\/b><\/h2>\n<p><span style=\"font-weight: 400;\">Cuando las empresas abusan de la palabra \u00abfamilia\u00bb, los resultados rara vez son positivos. De hecho, <\/span><b>impulsar niveles de compromiso laboral similares a los de la familia en realidad puede da\u00f1ar la cultura y la moral de la empresa<\/b><span style=\"font-weight: 400;\">.\u00a0<\/span><\/p>\n<p><span style=\"font-weight: 400;\">El mal uso de la met\u00e1fora de la \u00abfamilia\u00bb en el trabajo puede llevar a que los empleados sufran de varias maneras. Aqu\u00ed hay 3 en particular que se destacan.<\/span><\/p>\n<p><b><\/b><\/p>\n<ul>\n<li aria-level=\"1\">\n<h3><b>Los l\u00edmites entre vida personal y laboral se confunden.\u00a0<\/b><\/h3>\n<\/li>\n<\/ul>\n<p><span style=\"font-size: 17px; font-style: inherit; font-variant-ligatures: inherit; font-variant-caps: inherit;\">Muchas de las organizaciones que enfatizan ser una familia terminan tomando <\/span><b style=\"font-size: 17px; font-style: inherit; font-variant-ligatures: inherit; font-variant-caps: inherit;\">medidas que<\/b><span style=\"font-size: 17px; font-style: inherit; font-variant-ligatures: inherit; font-variant-caps: inherit;\"> <\/span><b style=\"font-size: 17px; font-style: inherit; font-variant-ligatures: inherit; font-variant-caps: inherit;\">desdibujan las l\u00edneas entre el trabajo y la vida de sus empleados<\/b><span style=\"font-size: 17px; font-style: inherit; font-variant-ligatures: inherit; font-variant-caps: inherit;\">. Esto se vio mucho m\u00e1s a menudo antes de la pandemia, cuando las empresas promocionaban comida gratis, limpieza en seco, happy hours y todo tipo de <\/span><b style=\"font-size: 17px; font-style: inherit; font-variant-ligatures: inherit; font-variant-caps: inherit;\">comodidades dise\u00f1adas para hacer la vida lo m\u00e1s f\u00e1cil posible \u2013siempre y cuando las personas nunca abandonaran el trabajo.<\/b><\/p>\n<p><span style=\"font-weight: 400;\">Pero eso se convirti\u00f3 en un problema en s\u00ed mismo. Los empleados nunca sal\u00edan del trabajo, pasaban m\u00e1s y m\u00e1s tiempo con su \u00abfamilia del trabajo\u00bb pero <\/span><b>nunca obten\u00edan el tiempo de inactividad que necesitaban para mantener su productividad.<\/b><\/p>\n<p><b><\/b><\/p>\n<ul>\n<li aria-level=\"1\">\n<h3><b>Se pueden aprovechar de los empleados comprometidos.\u00a0<\/b><\/h3>\n<\/li>\n<\/ul>\n<p><span style=\"font-size: 17px; font-style: inherit; font-variant-ligatures: inherit; font-variant-caps: inherit;\">Cuando las empresas o los l\u00edderes de equipo enfatizan demasiado la met\u00e1fora de la familia, el siguiente paso es pedir un compromiso a nivel familiar por parte de los empleados. Y esto <\/span><b style=\"font-size: 17px; font-style: inherit; font-variant-ligatures: inherit; font-variant-caps: inherit;\">crea muchas oportunidades para que los l\u00edderes se aprovechen de los empleados.<\/b><span style=\"font-size: 17px; font-style: inherit; font-variant-ligatures: inherit; font-variant-caps: inherit;\"> Se asume un proyecto tras otro, sin tener en cuenta las cargas de trabajo existentes y dificultando que los empleados digan que no.<\/span><\/p>\n<p><span style=\"font-weight: 400;\">En el peor de los casos, <\/span><b>se les puede pedir a los empleados demasiado comprometidos que vayan m\u00e1s all\u00e1 del exceso de trabajo y cometan acciones \u00e9ticamente inestables<\/b><span style=\"font-weight: 400;\">. Cuando est\u00e1 en juego la supervivencia de la empresa -o de la \u201cfamilia\u201d- los empleados pueden sentirse presionados a utilizar cualquier medio necesario. El <\/span><a href=\"https:\/\/www.newyorker.com\/culture\/culture-desk\/the-rise-and-fall-of-wework\"><span style=\"font-weight: 400;\">caso de WeWork<\/span><\/a><span style=\"font-weight: 400;\"> es un ejemplo reciente.<\/span><\/p>\n<p><b><\/b><\/p>\n<ul>\n<li aria-level=\"1\">\n<h3><b>Los empleados que se van son etiquetados como traidores.\u00a0<\/b><\/h3>\n<\/li>\n<\/ul>\n<p><span style=\"font-size: 17px; font-style: inherit; font-variant-ligatures: inherit; font-variant-caps: inherit;\">Si los empleados deciden que no les gustan los l\u00edmites borrosos entre el trabajo y su vida personal o la \u00e9tica laboral del lugar de trabajo y pese a ello eligen seguir adelante, eso puede crear un problema completamente nuevo. <\/span><b style=\"font-size: 17px; font-style: inherit; font-variant-ligatures: inherit; font-variant-caps: inherit;\">En organizaciones que enfatizan demasiado la familia, se vuelve f\u00e1cil para los l\u00edderes etiquetar las salidas como una forma de traici\u00f3n.<\/b><\/p>\n<p><span style=\"font-weight: 400;\">No es raro que <\/span><b>las empresas corten la comunicaci\u00f3n con los exempleados e instruyan a su gente a hacer lo mismo. <\/b><span style=\"font-weight: 400;\">M\u00e1s all\u00e1 de ser simplemente err\u00f3nea, esta mentalidad en realidad puede limitar a una empresa, ya que las investigaciones muestran que <\/span><b>los antiguos colegas que se mantienen conectados se convierten en fuentes potentes de nuevos conocimientos entre ellos y para sus nuevos empleadores.<\/b><\/p>\n<h2><b>ENTONCES, \u00bfPOR QU\u00c9 NO SER UN EQUIPO?<\/b><\/h2>\n<p><span style=\"font-weight: 400;\">La intenci\u00f3n detr\u00e1s de etiquetar a una empresa como una familia podr\u00eda haber sido positiva: las organizaciones y los l\u00edderes desean una <\/span><b>cultura s\u00f3lida formada por empleados que est\u00e9n vinculados entre s\u00ed y que se empujen mutuamente a nuevos niveles de desempe\u00f1o<\/b><span style=\"font-weight: 400;\">.<\/span><\/p>\n<p><span style=\"font-weight: 400;\">Pero si eso es lo que queremos, <\/span><b>\u00bfqu\u00e9 tiene de malo llamarlo \u201cequipo\u201d?<\/b> <b>Los equipos fuertes ofrecen exactamente eso.<\/b><span style=\"font-weight: 400;\"> Y ya sea que est\u00e9s en una empresa que abusa de la met\u00e1fora familiar o no, aqu\u00ed hay algunas acciones que puedes tomar para construir un equipo m\u00e1s fuerte.<\/span><\/p>\n<p><b><\/b><\/p>\n<ul>\n<li aria-level=\"1\">\n<h3><b>REDEFINE TU PROP\u00d3SITO.\u00a0<\/b><\/h3>\n<\/li>\n<\/ul>\n<p><span style=\"font-size: 17px; font-style: inherit; font-variant-ligatures: inherit; font-variant-caps: inherit;\">Una de las razones por las que las empresas eligieron la met\u00e1fora de la familia fue sin duda un intento de unir a las personas, los equipos y las organizaciones. Pero, como todos sabemos, <\/span><b style=\"font-size: 17px; font-style: inherit; font-variant-ligatures: inherit; font-variant-caps: inherit;\">el simple hecho de decir que son una familia no crea v\u00ednculos.<\/b><\/p>\n<p><span style=\"font-weight: 400;\">En cambio, la investigaci\u00f3n sugiere que una de las formas m\u00e1s potentes de vincular a un equipo es se\u00f1alar sus llamados objetivos \u00absuperiores\u201d; es decir, objetivos que son tan grandes que requieren colaboraci\u00f3n.<\/span><\/p>\n<p><span style=\"font-weight: 400;\">Para muchas organizaciones, su objetivo superior a menudo ya se establece como su prop\u00f3sito o declaraci\u00f3n de misi\u00f3n. Pero incluso aqu\u00ed, hay trabajo por hacer. La mayor\u00eda de las organizaciones <\/span><b>escriben declaraciones de misi\u00f3n abstractas o elevadas con las que puede ser dif\u00edcil conectarse para los empleados<\/b><span style=\"font-weight: 400;\">. Corresponde a los l\u00edderes de equipo <\/span><b>traducir esa noble misi\u00f3n en una que aglutine y motive a las personas.<\/b><span style=\"font-weight: 400;\"> Y la mejor manera de hacerlo es redefinirlo de un gran y audaz \u201cpor qu\u00e9\u201d <\/span><i><span style=\"font-weight: 400;\">(como en \u201c\u00bfpor qu\u00e9 hacemos lo que hacemos<\/span><\/i><span style=\"font-weight: 400;\">?\u201d) a un \u201cqui\u00e9n\u201d espec\u00edfico <\/span><i><span style=\"font-weight: 400;\">(como en \u201c\u00bfa qui\u00e9n ayuda el trabajo que hacemos?\u00bb).<\/span><\/i><\/p>\n<p><b><\/b><\/p>\n<ul>\n<li aria-level=\"1\">\n<h3><b>APOYA LOS L\u00cdMITES.\u00a0<\/b><\/h3>\n<\/li>\n<\/ul>\n<p><span style=\"font-size: 17px; font-style: inherit; font-variant-ligatures: inherit; font-variant-caps: inherit;\">A pesar de lo que pueda parecer al principio, tener empleados comprometidos no siempre es positivo, porque <\/span><b style=\"font-size: 17px; font-style: inherit; font-variant-ligatures: inherit; font-variant-caps: inherit;\">la l\u00ednea entre personas comprometidas y sobre comprometidas es incre\u00edblemente delgada. <\/b><span style=\"font-size: 17px; font-style: inherit; font-variant-ligatures: inherit; font-variant-caps: inherit;\">Muchos l\u00edderes y gerentes piensan que quieren personas que trabajen incansablemente hasta que terminen su trabajo, llegando temprano y qued\u00e1ndose hasta tarde si es necesario.<\/span><\/p>\n<p><b>Pero la verdad es que, en una econom\u00eda moderna, el trabajo nunca se termina.<\/b><\/p>\n<p><b>La \u00fanica forma de garantizar que las personas se mantengan productivas de una manera sostenible es asegurarse de que todos los empleados tambi\u00e9n disfruten del tiempo de inactividad<\/b><span style=\"font-weight: 400;\">. Cada vez m\u00e1s empresas est\u00e1n experimentando con formas de reforzar los l\u00edmites, como prohibir el correo electr\u00f3nico fuera del horario laboral, cambiar a semanas laborales de 4 d\u00edas o incluso pagar a las personas para que se tomen sus vacaciones. <\/span><b>Y todos los resultados sugieren lo mismo: el tiempo fuera del trabajo mejora el trabajo de las personas.<\/b><\/p>\n<p><b><\/b><\/p>\n<ul>\n<li aria-level=\"1\">\n<h3><b>CELEBRA LAS DESPEDIDAS<\/b><\/h3>\n<\/li>\n<\/ul>\n<p><b style=\"font-size: 17px; font-style: inherit; font-variant-ligatures: inherit; font-variant-caps: inherit;\">No importa cu\u00e1n comprometidos est\u00e9n los empleados de una empresa, la mayor\u00eda de ellos eventualmente seguir\u00e1 adelante<\/b><span style=\"font-size: 17px; font-style: inherit; font-variant-ligatures: inherit; font-variant-caps: inherit;\">. Se presentan nuevas oportunidades, ocurren cambios en la vida y tambi\u00e9n muchas otras razones para que los empleados busquen en otro lado. <\/span><b style=\"font-size: 17px; font-style: inherit; font-variant-ligatures: inherit; font-variant-caps: inherit;\">Ante esta inevitabilidad, tratar las partidas como traiciones no tiene sentido.<\/b><\/p>\n<p><span style=\"font-weight: 400;\">En cambio, <\/span><b>las salidas deber\u00edan celebrarse<\/b><span style=\"font-weight: 400;\">. Los empleados que se van en buenos t\u00e9rminos deben <\/span><b>ser vistos como exalumnos que representan a la organizaci\u00f3n incluso en sus nuevos emprendimientos.<\/b><span style=\"font-weight: 400;\"> Los empleados que se van tambi\u00e9n son una nueva y poderosa fuente de referencias para las nuevas contrataciones.<\/span><\/p>\n<p><span style=\"font-weight: 400;\">De hecho, no hay mejor reclutador que un exempleado satisfecho que ahora trabaja en otra empresa. Adem\u00e1s, tratar bien a los empleados que se van tiene un <\/span><b>efecto motivador en los empleados que se quedan<\/b><span style=\"font-weight: 400;\">, ya que ven cu\u00e1n positivamente fueron tratados sus colegas que se van y conf\u00edan en que alg\u00fan d\u00eda se les brindar\u00e1 el mismo respeto y aprecio.<\/span><\/p>\n<p><b>Llamar \u201cfamilia\u201d a las personas de tu empresa puede ser una met\u00e1fora bien intencionada, pero no es \u00fatil<\/b><span style=\"font-weight: 400;\">. La mayor\u00eda de los empleados no quieren ser parte de otra familia. En cambio, quieren ser parte de un equipo unido por un prop\u00f3sito com\u00fan y basado en la confianza y el respeto. Quieren saber que sus contribuciones son valiosas incluso despu\u00e9s de que se vayan. No quieren l\u00edderes que se comprometan demasiado y se aprovechen de su lealtad. <\/span><b>Quieren l\u00edderes que los ayuden a hacer su mejor trabajo<\/b><span style=\"font-weight: 400;\">.<\/span><\/p>\n<p>[\/et_pb_text][et_pb_text _builder_version=\u00bb3.29.3&#8243; text_font_size=\u00bb13px\u00bb text_line_height=\u00bb0.6em\u00bb custom_margin=\u00bb-15px||||false|false\u00bb custom_padding=\u00bb34px|||||\u00bb text_font_size_phone=\u00bb11px\u00bb text_font_size_last_edited=\u00bbon|phone\u00bb _i=\u00bb1&#8243; _address=\u00bb4.0.0.1&#8243;]<\/p>\n<p style=\"text-align: center;\"><img loading=\"lazy\" decoding=\"async\" class=\"wp-image-608 alignnone size-full\" src=\"https:\/\/conectamutual.cl\/bienestar\/wp-content\/uploads\/2019\/10\/Imagen-equipo.png\" alt=\"\" width=\"91\" height=\"88\" \/><\/p>\n<p style=\"text-align: center;\"><strong>Por Equipo Espacio Mutuo<\/strong><\/p>\n<p style=\"text-align: center;\"><em>Mutual de Seguridad<\/em><\/p>\n<p>[\/et_pb_text][\/et_pb_column][\/et_pb_row][et_pb_row _builder_version=\u00bb3.29.3&#8243; background_color=\u00bbrgba(0,0,0,0)\u00bb _i=\u00bb1&#8243; _address=\u00bb4.1&#8243;][et_pb_column type=\u00bb4_4&#8243; _builder_version=\u00bb3.29.3&#8243; transform_scale_linked=\u00bboff\u00bb transform_translate=\u00bb-4px|10px\u00bb transform_translate_linked=\u00bboff\u00bb custom_padding=\u00bb5px|0px|5px|0px|false|true\u00bb animation_style=\u00bbzoom\u00bb animation_duration=\u00bb500ms\u00bb border_radii=\u00bboff||||\u00bb border_color_all=\u00bb#cde002&#8243; border_width_top=\u00bb1px\u00bb border_color_top=\u00bb#e09900&#8243; border_style_top=\u00bbdotted\u00bb border_width_bottom=\u00bb1px\u00bb border_color_bottom=\u00bb#e09900&#8243; border_style_bottom=\u00bbdotted\u00bb _i=\u00bb0&#8243; _address=\u00bb4.1.0&#8243;][et_pb_code admin_label=\u00bbRating Art\u00edculo\u00bb _builder_version=\u00bb3.29.3&#8243; transform_scale=\u00bb110%|110%\u00bb transform_translate=\u00bb424px|5px\u00bb transform_translate_linked=\u00bboff\u00bb _i=\u00bb0&#8243; _address=\u00bb4.1.0.0&#8243;]<a class=\"typeform-share button\" href=\"https:\/\/singularmktg.typeform.com\/to\/COMq1XCs#art=567\" data-mode=\"drawer_right\" style=\"display:inline-block;text-decoration:none;background-color:#CDE002;color:white;cursor:pointer;font-family:Helvetica,Arial,sans-serif;font-size:20px;line-height:50px;text-align:center;margin:0;height:50px;padding:0px 33px;border-radius:12px;max-width:100%;white-space:nowrap;overflow:hidden;text-overflow:ellipsis;font-weight:bold;-webkit-font-smoothing:antialiased;-moz-osx-font-smoothing:grayscale;\" data-hide-headers=\"true\" data-hide-footer=\"true\" data-submit-close-delay=\"2\" target=\"_blank\" rel=\"noopener noreferrer\">Eval\u00faa este art\u00edculo <\/a> <script> (function() { var qs,js,q,s,d=document, gi=d.getElementById, ce=d.createElement, gt=d.getElementsByTagName, id=\"typef_orm_share\", b=\"https:\/\/embed.typeform.com\/\"; if(!gi.call(d,id)){ js=ce.call(d,\"script\"); js.id=id; js.src=b+\"embed.js\"; q=gt.call(d,\"script\")[0]; q.parentNode.insertBefore(js,q) } })() <\/script>[\/et_pb_code][\/et_pb_column][\/et_pb_row][et_pb_row _builder_version=\u00bb3.29.3&#8243; _i=\u00bb2&#8243; _address=\u00bb4.2&#8243;][et_pb_column type=\u00bb4_4&#8243; _builder_version=\u00bb3.29.3&#8243; custom_padding_phone=\u00bb40px||||false|false\u00bb custom_padding_last_edited=\u00bbon|phone\u00bb _i=\u00bb0&#8243; _address=\u00bb4.2.0&#8243;][et_pb_posts_carousel_agsdcm category_id=\u00bb27&#8243; max_title_characters=\u00bb150&#8243; heading_style=\u00bbcustom\u00bb heading_primary=\u00bb\u00daltimos Art\u00edculos\u00bb heading_sub=\u00bbEspacios de Reflexi\u00f3n\u00bb posts_filter_any=\u00bbon\u00bb _builder_version=\u00bb3.29.3&#8243; header_font=\u00bbMontserrat||||||||\u00bb header_text_color=\u00bb#757575&#8243; header_font_size=\u00bb19px\u00bb subheader_text_color=\u00bb#828282&#8243; title_font=\u00bbMontserrat|700|||||||\u00bb title_text_color=\u00bb#acc601&#8243; border_color_all=\u00bb#cde002&#8243; _i=\u00bb0&#8243; _address=\u00bb4.2.0.0&#8243;][\/et_pb_posts_carousel_agsdcm][\/et_pb_column][\/et_pb_row][\/et_pb_section]<\/p>\n","protected":false},"excerpt":{"rendered":"<p>No est\u00e1 claro d\u00f3nde comenz\u00f3 la met\u00e1fora. Lo m\u00e1s probable es que alg\u00fan ejecutivo bien intencionado en alg\u00fan lugar describiera la cultura de su empresa como sentirse \u00abcomo en una familia\u00bb. Con el tiempo, m\u00e1s y m\u00e1s l\u00edderes corporativos comenzaron a usar la frase \u00abcomo familia\u00bb, hasta que uno decidi\u00f3 llevarlo al siguiente nivel y [&hellip;]<\/p>\n","protected":false},"author":2,"featured_media":7641,"comment_status":"closed","ping_status":"closed","sticky":false,"template":"","format":"standard","meta":{"_et_pb_use_builder":"on","_et_pb_old_content":"","_et_gb_content_width":"","footnotes":""},"categories":[27],"tags":[],"class_list":["post-7638","post","type-post","status-publish","format-standard","has-post-thumbnail","hentry","category-espacios-de-reflexion","et-has-post-format-content","et_post_format-et-post-format-standard"],"_links":{"self":[{"href":"https:\/\/conectamutual.cl\/bienestar\/wp-json\/wp\/v2\/posts\/7638","targetHints":{"allow":["GET"]}}],"collection":[{"href":"https:\/\/conectamutual.cl\/bienestar\/wp-json\/wp\/v2\/posts"}],"about":[{"href":"https:\/\/conectamutual.cl\/bienestar\/wp-json\/wp\/v2\/types\/post"}],"author":[{"embeddable":true,"href":"https:\/\/conectamutual.cl\/bienestar\/wp-json\/wp\/v2\/users\/2"}],"replies":[{"embeddable":true,"href":"https:\/\/conectamutual.cl\/bienestar\/wp-json\/wp\/v2\/comments?post=7638"}],"version-history":[{"count":4,"href":"https:\/\/conectamutual.cl\/bienestar\/wp-json\/wp\/v2\/posts\/7638\/revisions"}],"predecessor-version":[{"id":7666,"href":"https:\/\/conectamutual.cl\/bienestar\/wp-json\/wp\/v2\/posts\/7638\/revisions\/7666"}],"wp:featuredmedia":[{"embeddable":true,"href":"https:\/\/conectamutual.cl\/bienestar\/wp-json\/wp\/v2\/media\/7641"}],"wp:attachment":[{"href":"https:\/\/conectamutual.cl\/bienestar\/wp-json\/wp\/v2\/media?parent=7638"}],"wp:term":[{"taxonomy":"category","embeddable":true,"href":"https:\/\/conectamutual.cl\/bienestar\/wp-json\/wp\/v2\/categories?post=7638"},{"taxonomy":"post_tag","embeddable":true,"href":"https:\/\/conectamutual.cl\/bienestar\/wp-json\/wp\/v2\/tags?post=7638"}],"curies":[{"name":"wp","href":"https:\/\/api.w.org\/{rel}","templated":true}]}}