{"id":7718,"date":"2022-03-14T09:38:03","date_gmt":"2022-03-14T12:38:03","guid":{"rendered":"https:\/\/conectamutual.cl\/bienestar\/?p=7718"},"modified":"2022-03-14T09:39:47","modified_gmt":"2022-03-14T12:39:47","slug":"la-advertencia-de-la-oms-por-los-trabajadores-remotos-es-necesario-proteger-su-salud-y-bienestar","status":"publish","type":"post","link":"https:\/\/conectamutual.cl\/bienestar\/empresas-que-cambian\/la-advertencia-de-la-oms-por-los-trabajadores-remotos-es-necesario-proteger-su-salud-y-bienestar\/","title":{"rendered":"La advertencia de la OMS por los trabajadores remotos: es necesario proteger su salud y bienestar"},"content":{"rendered":"<p>[et_pb_section fb_built=\u00bb1&#8243; _builder_version=\u00bb3.29.3&#8243; custom_margin=\u00bb||-50px||false|false\u00bb custom_margin_phone=\u00bb||0px||false|false\u00bb custom_margin_last_edited=\u00bbon|phone\u00bb custom_padding=\u00bb11px||0px||false|false\u00bb fb_built=\u00bb1&#8243; _i=\u00bb0&#8243; _address=\u00bb0&#8243;][et_pb_row column_structure=\u00bb1_3,1_3,1_3&#8243; disabled_on=\u00bbon|on|off\u00bb _builder_version=\u00bb3.29.3&#8243; min_height=\u00bb269px\u00bb custom_margin=\u00bb-15px|auto|-190px|auto|false|false\u00bb custom_margin_last_edited=\u00bbon|phone\u00bb custom_padding=\u00bb||0px||false|false\u00bb _i=\u00bb0&#8243; _address=\u00bb0.0&#8243;][et_pb_column type=\u00bb1_3&#8243; _builder_version=\u00bb3.29.3&#8243; _i=\u00bb0&#8243; _address=\u00bb0.0.0&#8243;][\/et_pb_column][et_pb_column type=\u00bb1_3&#8243; _builder_version=\u00bb3.29.3&#8243; _i=\u00bb1&#8243; _address=\u00bb0.0.1&#8243;][et_pb_image src=\u00bbhttps:\/\/conectamutual.cl\/bienestar\/wp-content\/uploads\/2019\/10\/Logo-Espacio-Mutuo-02.png\u00bb align=\u00bbcenter\u00bb _builder_version=\u00bb3.29.3&#8243; width=\u00bb83%\u00bb width_phone=\u00bb22%\u00bb width_last_edited=\u00bbon|phone\u00bb custom_margin=\u00bb15px||||false|false\u00bb _i=\u00bb0&#8243; _address=\u00bb0.0.1.0&#8243;][\/et_pb_image][\/et_pb_column][et_pb_column type=\u00bb1_3&#8243; _builder_version=\u00bb3.29.3&#8243; _i=\u00bb2&#8243; _address=\u00bb0.0.2&#8243;][et_pb_image src=\u00bbhttps:\/\/conectamutual.cl\/bienestar\/wp-content\/uploads\/2021\/01\/Captura-de-Pantalla-2021-01-16-a-las-10.07.37.png\u00bb align=\u00bbright\u00bb _builder_version=\u00bb3.29.3&#8243; width=\u00bb72%\u00bb width_phone=\u00bb41%\u00bb width_last_edited=\u00bbon|phone\u00bb custom_margin=\u00bb45px||45px||true|false\u00bb custom_margin_phone=\u00bb10px||60px||false|false\u00bb custom_margin_last_edited=\u00bbon|phone\u00bb _i=\u00bb0&#8243; _address=\u00bb0.0.2.0&#8243;][\/et_pb_image][\/et_pb_column][\/et_pb_row][et_pb_row column_structure=\u00bb1_3,1_3,1_3&#8243; disabled_on=\u00bboff|off|on\u00bb _builder_version=\u00bb3.29.3&#8243; min_height=\u00bb269px\u00bb custom_margin=\u00bb-15px|auto|-20px|auto|false|false\u00bb custom_margin_last_edited=\u00bbon|phone\u00bb custom_padding=\u00bb||||false|false\u00bb _i=\u00bb1&#8243; _address=\u00bb0.1&#8243;][et_pb_column type=\u00bb1_3&#8243; _builder_version=\u00bb3.29.3&#8243; _i=\u00bb0&#8243; _address=\u00bb0.1.0&#8243;][\/et_pb_column][et_pb_column type=\u00bb1_3&#8243; _builder_version=\u00bb3.29.3&#8243; _i=\u00bb1&#8243; _address=\u00bb0.1.1&#8243;][et_pb_image src=\u00bbhttps:\/\/conectamutual.cl\/bienestar\/wp-content\/uploads\/2019\/10\/Logo-Espacio-Mutuo-01.png\u00bb align=\u00bbcenter\u00bb force_fullwidth=\u00bbon\u00bb _builder_version=\u00bb3.29.3&#8243; min_height=\u00bb170px\u00bb min_height_phone=\u00bb187px\u00bb min_height_last_edited=\u00bbon|phone\u00bb height=\u00bb100px\u00bb max_height=\u00bb1000px\u00bb custom_margin=\u00bb-14px||8px|||\u00bb _i=\u00bb0&#8243; _address=\u00bb0.1.1.0&#8243;][\/et_pb_image][\/et_pb_column][et_pb_column type=\u00bb1_3&#8243; _builder_version=\u00bb3.29.3&#8243; _i=\u00bb2&#8243; _address=\u00bb0.1.2&#8243;][et_pb_image src=\u00bbhttps:\/\/conectamutual.cl\/bienestar\/wp-content\/uploads\/2021\/01\/Captura-de-Pantalla-2021-01-16-a-las-10.07.37.png\u00bb align=\u00bbcenter\u00bb _builder_version=\u00bb3.29.3&#8243; width=\u00bb94%\u00bb width_phone=\u00bb65%\u00bb width_last_edited=\u00bbon|phone\u00bb module_alignment=\u00bbcenter\u00bb custom_margin=\u00bb45px||45px||true|false\u00bb custom_margin_phone=\u00bb10px||60px||false|false\u00bb custom_margin_last_edited=\u00bbon|phone\u00bb _i=\u00bb0&#8243; _address=\u00bb0.1.2.0&#8243;][\/et_pb_image][\/et_pb_column][\/et_pb_row][\/et_pb_section][et_pb_section fb_built=\u00bb1&#8243; _builder_version=\u00bb3.29.3&#8243; custom_padding=\u00bb4px||0px|||\u00bb fb_built=\u00bb1&#8243; _i=\u00bb1&#8243; _address=\u00bb1&#8243;][et_pb_row _builder_version=\u00bb3.29.3&#8243; min_height=\u00bb102px\u00bb custom_margin_phone=\u00bb20px||||false|false\u00bb custom_margin_last_edited=\u00bbon|phone\u00bb custom_padding=\u00bb34px||10px|||\u00bb _i=\u00bb0&#8243; _address=\u00bb1.0&#8243;][et_pb_column type=\u00bb4_4&#8243; _builder_version=\u00bb3.29.3&#8243; _i=\u00bb0&#8243; _address=\u00bb1.0.0&#8243;][et_pb_image src=\u00bbhttps:\/\/conectamutual.cl\/bienestar\/wp-content\/uploads\/2019\/12\/LOGOS-CATEGORIAS-04.png\u00bb align=\u00bbcenter\u00bb disabled_on=\u00bboff|off|off\u00bb _builder_version=\u00bb3.29.3&#8243; width=\u00bb47%\u00bb width_phone=\u00bb95%\u00bb width_last_edited=\u00bbon|phone\u00bb _i=\u00bb0&#8243; _address=\u00bb1.0.0.0&#8243;][\/et_pb_image][\/et_pb_column][\/et_pb_row][\/et_pb_section][et_pb_section fb_built=\u00bb1&#8243; _builder_version=\u00bb3.29.3&#8243; custom_padding=\u00bb15px||1px|||\u00bb fb_built=\u00bb1&#8243; _i=\u00bb2&#8243; _address=\u00bb2&#8243;][et_pb_row _builder_version=\u00bb3.29.3&#8243; custom_padding=\u00bb3px||36px|||\u00bb _i=\u00bb0&#8243; _address=\u00bb2.0&#8243;][et_pb_column type=\u00bb4_4&#8243; _builder_version=\u00bb3.29.3&#8243; _i=\u00bb0&#8243; _address=\u00bb2.0.0&#8243;][et_pb_post_title comments=\u00bboff\u00bb featured_image=\u00bboff\u00bb _builder_version=\u00bb3.29.3&#8243; title_font=\u00bbMontserrat|700|||||||\u00bb title_text_align=\u00bbcenter\u00bb title_text_color=\u00bb#c4d600&#8243; title_font_size=\u00bb54px\u00bb title_line_height=\u00bb1.1em\u00bb meta_font=\u00bbMontserrat||||||||\u00bb meta_text_align=\u00bbcenter\u00bb meta_font_size=\u00bb12px\u00bb title_font_size_phone=\u00bb30px\u00bb title_font_size_last_edited=\u00bbon|phone\u00bb meta_font_size_phone=\u00bb10px\u00bb meta_font_size_last_edited=\u00bbon|phone\u00bb _i=\u00bb0&#8243; _address=\u00bb2.0.0.0&#8243;][\/et_pb_post_title][\/et_pb_column][\/et_pb_row][\/et_pb_section][et_pb_section fb_built=\u00bb1&#8243; fullwidth=\u00bbon\u00bb _builder_version=\u00bb3.29.3&#8243; fb_built=\u00bb1&#8243; _i=\u00bb3&#8243; _address=\u00bb3&#8243;][et_pb_fullwidth_image src=\u00bbhttps:\/\/conectamutual.cl\/bienestar\/wp-content\/uploads\/2022\/03\/pexels-taryn-elliott-4231767.jpg\u00bb _builder_version=\u00bb3.29.3&#8243; hover_enabled=\u00bb0&#8243; _i=\u00bb0&#8243; _address=\u00bb3.0&#8243;][\/et_pb_fullwidth_image][\/et_pb_section][et_pb_section fb_built=\u00bb1&#8243; _builder_version=\u00bb3.29.3&#8243; custom_padding=\u00bb11px||8px|||\u00bb fb_built=\u00bb1&#8243; _i=\u00bb4&#8243; _address=\u00bb4&#8243;][et_pb_row _builder_version=\u00bb3.29.3&#8243; custom_padding=\u00bb9px||0px|||\u00bb _i=\u00bb0&#8243; _address=\u00bb4.0&#8243;][et_pb_column type=\u00bb4_4&#8243; _builder_version=\u00bb3.29.3&#8243; custom_padding=\u00bb|110px||110px|false|false\u00bb custom_padding_phone=\u00bb|10px||10px|false|false\u00bb custom_padding_last_edited=\u00bbon|phone\u00bb _i=\u00bb0&#8243; _address=\u00bb4.0.0&#8243;][et_pb_text _builder_version=\u00bb3.29.3&#8243; text_font_size=\u00bb17px\u00bb text_line_height=\u00bb2.1em\u00bb header_2_text_color=\u00bb#c4d600&#8243; custom_margin=\u00bb-3px|||||\u00bb custom_margin_last_edited=\u00bbon|phone\u00bb custom_padding=\u00bb37px|0px|0px|0px|false|false\u00bb hover_enabled=\u00bb0&#8243; text_font_size_phone=\u00bb16px\u00bb text_font_size_last_edited=\u00bbon|phone\u00bb text_line_height_phone=\u00bb1.9em\u00bb text_line_height_last_edited=\u00bbon|phone\u00bb header_2_font_size_phone=\u00bb23px\u00bb header_2_font_size_last_edited=\u00bbon|phone\u00bb _i=\u00bb0&#8243; _address=\u00bb4.0.0.0&#8243; ul_line_height=\u00bb2.2em\u00bb]<\/p>\n<blockquote>\n<p><span style=\"font-weight: 400;\">Dos a\u00f1os despu\u00e9s del inicio de la pandemia, <\/span><b>millones de personas en todo el mundo contin\u00faan trabajando desde casa a tiempo completo<\/b><span style=\"font-weight: 400;\">, mientras que otra gran parte de la fuerza laboral ha adoptado un modelo h\u00edbrido que combina presencialidad con\u00a0<\/span><a href=\"https:\/\/www.reasonwhy.es\/noticias-sobre\/teletrabajo\"><span style=\"font-weight: 400;\">teletrabajo.<\/span><\/a><span style=\"font-weight: 400;\">\u00a0<\/span><\/p>\n<\/blockquote>\n<p><span style=\"font-weight: 400;\">Como vimos durante los \u00faltimos meses, el trabajo a distancia conlleva <\/span><b>m\u00faltiples beneficios, tanto para los empleados como para las organizaciones, pero<\/b> <b>tambi\u00e9n entra\u00f1a riesgos para la salud y el bienestar de las personas,<\/b><span style=\"font-weight: 400;\"> tal y como han advertido la\u00a0Organizaci\u00f3n Mundial de la Salud (OMS)\u00a0y la\u00a0Organizaci\u00f3n Internacional del Trabajo (OIT)\u00a0en un informe t\u00e9cnico reciente.\u00a0<\/span><\/p>\n<p><span style=\"font-weight: 400;\">Mientras todos se concentran en la vuelta a la \u201cnueva normalidad\u201d tras las vacunas, ambos organismos de las Naciones Unidas han analizado y expuesto las\u00a0<\/span><b>ventajas y riesgos del teletrabajo para la salud<\/b><span style=\"font-weight: 400;\">\u00a0y las medidas necesarias que las compa\u00f1\u00edas, los gobiernos y los trabajadores han de adoptar para adaptarse adecuadamente a las nuevas formas de trabajo. A este respecto, tambi\u00e9n han aportado una <\/span><a href=\"https:\/\/www.reasonwhy.es\/actualidad\/oms-salud-bienestar-trabajadores-teletrabajo\"><span style=\"font-weight: 400;\">serie de consejos y medidas a implementar<\/span><\/a><span style=\"font-weight: 400;\"> de cara a proteger la salud de los trabajadores que ejercen su actividad en modalidad remota.\u00a0<\/span><b>Despu\u00e9s de todo, para muchas personas, la \u201cnueva normalidad\u201d significa no volver a la oficina.\u00a0<\/b><\/p>\n<h2><b>LO BUENO Y LO MALO<\/b><\/h2>\n<p><span style=\"font-weight: 400;\">Tal y como ha se\u00f1alado la Dra. Maria Neira, Directora del Departamento de Medio Ambiente, Cambio Clim\u00e1tico y Salud, de la OMS, en los 2 a\u00f1os transcurridos desde el inicio de la pandemia, ha quedado claro que\u00a0<\/span><b>el teletrabajo puede aportar beneficios para la salud<\/b><span style=\"font-weight: 400;\">, pero tambi\u00e9n<\/span><b>\u00a0puede tener un efecto nefasto.<\/b><span style=\"font-weight: 400;\">\u00a0\u201c<\/span><i><span style=\"font-weight: 400;\">Hacia qu\u00e9 lado se incline la balanza depende totalmente de que los gobiernos, los empleadores y los trabajadores trabajen juntos, y de que haya servicios de salud laboral \u00e1giles e imaginativos, a fin de poner en marcha pol\u00edticas y pr\u00e1cticas que beneficien tanto a los trabajadores como al trabajo<\/span><\/i><span style=\"font-weight: 400;\">\u201d, se\u00f1al\u00f3 en un comunicado.\u00a0<\/span><\/p>\n<p><span style=\"font-weight: 400;\">Entre los beneficios, el informe apunta a una <\/span><b>mejora del equilibrio entre la vida laboral y la personal,<\/b><span style=\"font-weight: 400;\"> la<\/span><b>\u00a0posibilidad de un horario flexible\u00a0<\/b><span style=\"font-weight: 400;\">y de <\/span><b>realizar actividad f\u00edsica<\/b><span style=\"font-weight: 400;\">, la reducci\u00f3n del tiempo en desplazamientos y del tr\u00e1fico de veh\u00edculos, y la disminuci\u00f3n de la contaminaci\u00f3n atmosf\u00e9rica. Todos ellos se suman a la posibilidad de un aumento de la productividad y la disminuci\u00f3n de costes operativos para las empresas.\u00a0<\/span><\/p>\n<p><span style=\"font-weight: 400;\">En cambio, el an\u00e1lisis de la OMS y la OIT advierten que, sin la planificaci\u00f3n, organizaci\u00f3n y asistencia en salud y seguridad adecuados, <\/span><b>el teletrabajo puede acarrear repercusiones en la salud f\u00edsica y psicol\u00f3gica<\/b><span style=\"font-weight: 400;\">, as\u00ed como el bienestar social de los empleados. El<\/span><b>\u00a0aislamiento, el agotamiento, la depresi\u00f3n, la violencia dom\u00e9stica<\/b><span style=\"font-weight: 400;\">, las <\/span><a href=\"https:\/\/conectamutual.cl\/bienestar\/vivir-mejor\/14-senales-con-las-que-tu-cuerpo-intenta-decirte-mueveme\/\"><span style=\"font-weight: 400;\">lesiones musculoesquel\u00e9ticas<\/span><\/a><span style=\"font-weight: 400;\">, el aumento de consumo del tabaco o alcohol, la <\/span><a href=\"https:\/\/conectamutual.cl\/bienestar\/vivir-mejor\/si-tu-estas-cansado-imagina-tus-ojos-conoce-los-5-mejores-trucos-para-evitar-la-fatiga-ocular\/\"><span style=\"font-weight: 400;\">fatiga ocular<\/span><\/a><span style=\"font-weight: 400;\"> o el exceso de <\/span><b>tiempo sentados frente a la pantalla y un posible aumento de peso<\/b><span style=\"font-weight: 400;\"> son los elementos citados entre los aspectos negativos del trabajo a distancia.\u00a0<\/span><\/p>\n<h2><b>PROTEGE TU CUERPO Y MENTE<\/b><\/h2>\n<p><span style=\"font-weight: 400;\">Los organismos tambi\u00e9n se\u00f1alan la<\/span><b>\u00a0importancia de establecer marcos y pol\u00edticas que garanticen su calidad.\u00a0<\/b><span style=\"font-weight: 400;\">\u201c<\/span><i><span style=\"font-weight: 400;\">A medida que nos disponemos a salir del \u2018comp\u00e1s de espera\u2019 para asentarnos en una nueva normalidad, tenemos la posibilidad de incorporar nuevas pol\u00edticas, pr\u00e1cticas y normas de apoyo que garanticen que millones de personas que realizan trabajo remoto tengan un trabajo saludable, feliz, productivo y decente<\/span><\/i><span style=\"font-weight: 400;\">\u201d, dijo Vera Paquete-Perdig\u00e3o, Directora del Departamento de Gobernanza y Tripartismo de la OIT.\u00a0<\/span><\/p>\n<p><span style=\"font-weight: 400;\">En este sentido, el informe incluye una serie de recomendaciones para que tanto los propios empleados como las compa\u00f1\u00edas\u00a0<\/span><b>velen por la seguridad y el bienestar del teletrabajo<\/b><span style=\"font-weight: 400;\">\u00a0atendiendo tanto a aspectos f\u00edsicos como psicol\u00f3gicos y emocionales, y la organizaci\u00f3n atienda las necesidades de ambas partes. Entre estas medidas, la OMS y la OIT destacan:\u00a0<\/span><\/p>\n<ul>\n<li style=\"font-weight: 400;\" aria-level=\"1\"><span style=\"font-weight: 400;\">Velar por que los trabajadores reciban el\u00a0<\/span><b>equipo adecuado<\/b><span style=\"font-weight: 400;\">\u00a0para completar las tareas del trabajo.<\/span><\/li>\n<li style=\"font-weight: 400;\" aria-level=\"1\"><span style=\"font-weight: 400;\">Proporcionar la<\/span><b>\u00a0informaci\u00f3n, directrices y formaci\u00f3n\u00a0<\/b><span style=\"font-weight: 400;\">pertinentes para reducir el efecto psicosocial y de salud emocional del teletrabajo.<\/span><\/li>\n<li style=\"font-weight: 400;\" aria-level=\"1\"><span style=\"font-weight: 400;\">Formar a los directivos en la<\/span><b>\u00a0gesti\u00f3n eficaz de los riesgos,\u00a0<\/b><span style=\"font-weight: 400;\">la gesti\u00f3n a distancia y la promoci\u00f3n de la salud en el lugar de trabajo.<\/span><\/li>\n<li style=\"font-weight: 400;\" aria-level=\"1\"><span style=\"font-weight: 400;\">Establecer el\u00a0<\/span><b>derecho a la desconexi\u00f3n\u00a0<\/b><span style=\"font-weight: 400;\">y d\u00edas de descanso suficientes.<\/span><\/li>\n<li style=\"font-weight: 400;\" aria-level=\"1\"><span style=\"font-weight: 400;\">Prestar\u00a0<\/span><b>asistencia en salud ergon\u00f3mica, mental y psicosocial\u00a0<\/b><span style=\"font-weight: 400;\">a quienes trabajan a distancia, mediante tecnolog\u00edas digitales de telesalud.<\/span><\/li>\n<li style=\"font-weight: 400;\" aria-level=\"1\"><span style=\"font-weight: 400;\">Debatir y formular<\/span><b>\u00a0planes de trabajo individuales<\/b><span style=\"font-weight: 400;\">\u00a0para el teletrabajo y aclarar las prioridades.<\/span><\/li>\n<li style=\"font-weight: 400;\" aria-level=\"1\"><span style=\"font-weight: 400;\">Ser claros con respecto a los <\/span><b>plazos y a los resultados<\/b><span style=\"font-weight: 400;\"> previstos.<\/span><\/li>\n<li style=\"font-weight: 400;\" aria-level=\"1\"><span style=\"font-weight: 400;\">Acordar un sistema com\u00fan que anuncie la\u00a0<\/span><b>disponibilidad para trabajar<\/b><span style=\"font-weight: 400;\">\u00a0y garantizar el respeto a dicho sistema.<\/span><\/li>\n<\/ul>\n<p><span style=\"font-weight: 400;\">Asimismo, el documento indica que <\/span><b>las empresas con trabajadores en remoto deben<\/b><span style=\"font-weight: 400;\">\u00a0<\/span><b>dise\u00f1ar programas especiales para el teletrabajo.<\/b><span style=\"font-weight: 400;\">\u00a0Estos deber\u00e1n combinar medidas para la gesti\u00f3n del trabajo y el rendimiento con tecnolog\u00edas de la informaci\u00f3n y la comunicaci\u00f3n y equipos adecuados. Asimismo, han de incluir servicios\u00a0de salud laboral que presten asistencia en salud general y en salud ergon\u00f3mica y psicosocial.\u00a0<\/span><\/p>\n<p><span style=\"font-weight: 400;\">Por \u00faltimo, el informe subraya el<\/span><b>\u00a0papel de los profesionales de la salud en el trabajo y de los representantes de los trabajadores.<\/b><span style=\"font-weight: 400;\">\u00a0Los primeros son determinantes para la identificaci\u00f3n y mitigaci\u00f3n de los riesgos para la salud del teletrabajo a trav\u00e9s de nuevas f\u00f3rmulas, como aplicaciones m\u00f3viles, evaluaciones online o intervenciones tele-ergon\u00f3micas. Por su parte, los segundos deber\u00e1n seleccionar y concertar servicios efectivos con dichos profesionales, incluyendo brindar informaci\u00f3n sobre el acceso a asesoramiento y servicios.\u00a0<\/span><\/p>\n<p>[\/et_pb_text][et_pb_text _builder_version=\u00bb3.29.3&#8243; text_font_size=\u00bb13px\u00bb text_line_height=\u00bb0.6em\u00bb custom_margin=\u00bb-15px||||false|false\u00bb custom_padding=\u00bb34px|||||\u00bb text_font_size_phone=\u00bb11px\u00bb text_font_size_last_edited=\u00bbon|phone\u00bb _i=\u00bb1&#8243; _address=\u00bb4.0.0.1&#8243;]<\/p>\n<p style=\"text-align: center;\"><img loading=\"lazy\" decoding=\"async\" class=\"wp-image-608 alignnone size-full\" src=\"https:\/\/conectamutual.cl\/bienestar\/wp-content\/uploads\/2019\/10\/Imagen-equipo.png\" alt=\"\" width=\"91\" height=\"88\" \/><\/p>\n<p style=\"text-align: center;\"><strong>Por Equipo Espacio Mutuo<\/strong><\/p>\n<p style=\"text-align: center;\"><em>Mutual de Seguridad<\/em><\/p>\n<p>[\/et_pb_text][\/et_pb_column][\/et_pb_row][et_pb_row _builder_version=\u00bb3.29.3&#8243; background_color=\u00bbrgba(0,0,0,0)\u00bb collapsed=\u00bboff\u00bb _i=\u00bb1&#8243; _address=\u00bb4.1&#8243;][et_pb_column type=\u00bb4_4&#8243; _builder_version=\u00bb3.29.3&#8243; transform_scale_linked=\u00bboff\u00bb transform_translate=\u00bb-4px|10px\u00bb transform_translate_linked=\u00bboff\u00bb custom_padding=\u00bb5px|0px|5px|0px|false|true\u00bb animation_style=\u00bbzoom\u00bb animation_duration=\u00bb500ms\u00bb border_radii=\u00bboff||||\u00bb border_color_all=\u00bb#cde002&#8243; border_width_top=\u00bb1px\u00bb border_color_top=\u00bb#e09900&#8243; border_style_top=\u00bbdotted\u00bb border_width_bottom=\u00bb1px\u00bb border_color_bottom=\u00bb#e09900&#8243; border_style_bottom=\u00bbdotted\u00bb _i=\u00bb0&#8243; _address=\u00bb4.1.0&#8243;][et_pb_code admin_label=\u00bbRating Art\u00edculo\u00bb _builder_version=\u00bb3.29.3&#8243; transform_scale=\u00bb110%|110%\u00bb transform_translate=\u00bb424px|5px\u00bb transform_translate_linked=\u00bboff\u00bb hover_enabled=\u00bb0&#8243; saved_tabs=\u00bball\u00bb _i=\u00bb0&#8243; _address=\u00bb4.1.0.0&#8243;]<a class=\"typeform-share button\" style=\"display: inline-block; text-decoration: none; background-color: #cde002; color: white; cursor: pointer; font-family: Helvetica,Arial,sans-serif; font-size: 20px; line-height: 50px; text-align: center; margin: 0; height: 50px; padding: 0px 33px; border-radius: 12px; max-width: 100%; white-space: nowrap; overflow: hidden; text-overflow: ellipsis; font-weight: bold; -webkit-font-smoothing: antialiased; -moz-osx-font-smoothing: grayscale;\" href=\"https:\/\/singularmktg.typeform.com\/to\/COMq1XCs#art=576\" target=\"_blank\" rel=\"noopener noreferrer\" data-mode=\"drawer_right\" data-hide-headers=\"true\" data-hide-footer=\"true\" data-submit-close-delay=\"2\">Eval\u00faa este art\u00edculo <\/a> <script> (function() { var qs,js,q,s,d=document, gi=d.getElementById, ce=d.createElement, gt=d.getElementsByTagName, id=\"typef_orm_share\", b=\"https:\/\/embed.typeform.com\/\"; if(!gi.call(d,id)){ js=ce.call(d,\"script\"); js.id=id; js.src=b+\"embed.js\"; q=gt.call(d,\"script\")[0]; q.parentNode.insertBefore(js,q) } })() <\/script>[\/et_pb_code][\/et_pb_column][\/et_pb_row][et_pb_row _builder_version=\u00bb3.29.3&#8243; custom_padding=\u00bb63px|||||\u00bb _i=\u00bb2&#8243; _address=\u00bb4.2&#8243;][et_pb_column type=\u00bb4_4&#8243; _builder_version=\u00bb3.29.3&#8243; custom_padding_phone=\u00bb40px||||false|false\u00bb custom_padding_last_edited=\u00bbon|phone\u00bb _i=\u00bb0&#8243; _address=\u00bb4.2.0&#8243;][et_pb_posts_carousel_agsdcm category_id=\u00bb26&#8243; max_title_characters=\u00bb150&#8243; heading_style=\u00bbcustom\u00bb heading_primary=\u00bb\u00daltimos Art\u00edculos\u00bb heading_sub=\u00bbEmpresas que Cambian\u00bb posts_filter_any=\u00bbon\u00bb _builder_version=\u00bb3.29.3&#8243; header_font=\u00bbMontserrat||||||||\u00bb header_text_color=\u00bb#757575&#8243; header_font_size=\u00bb19px\u00bb subheader_text_color=\u00bb#828282&#8243; title_font=\u00bbMontserrat|700|||||||\u00bb title_text_color=\u00bb#acc601&#8243; border_color_all=\u00bb#cde002&#8243; _i=\u00bb0&#8243; _address=\u00bb4.2.0.0&#8243;][\/et_pb_posts_carousel_agsdcm][\/et_pb_column][\/et_pb_row][\/et_pb_section]<\/p>\n","protected":false},"excerpt":{"rendered":"<p>Dos a\u00f1os despu\u00e9s del inicio de la pandemia, millones de personas en todo el mundo contin\u00faan trabajando desde casa a tiempo completo, mientras que otra gran parte de la fuerza laboral ha adoptado un modelo h\u00edbrido que combina presencialidad con\u00a0teletrabajo.\u00a0 Como vimos durante los \u00faltimos meses, el trabajo a distancia conlleva m\u00faltiples beneficios, tanto para [&hellip;]<\/p>\n","protected":false},"author":2,"featured_media":7721,"comment_status":"closed","ping_status":"closed","sticky":false,"template":"","format":"standard","meta":{"_et_pb_use_builder":"on","_et_pb_old_content":"","_et_gb_content_width":"","footnotes":""},"categories":[26],"tags":[],"class_list":["post-7718","post","type-post","status-publish","format-standard","has-post-thumbnail","hentry","category-empresas-que-cambian","et-has-post-format-content","et_post_format-et-post-format-standard"],"_links":{"self":[{"href":"https:\/\/conectamutual.cl\/bienestar\/wp-json\/wp\/v2\/posts\/7718","targetHints":{"allow":["GET"]}}],"collection":[{"href":"https:\/\/conectamutual.cl\/bienestar\/wp-json\/wp\/v2\/posts"}],"about":[{"href":"https:\/\/conectamutual.cl\/bienestar\/wp-json\/wp\/v2\/types\/post"}],"author":[{"embeddable":true,"href":"https:\/\/conectamutual.cl\/bienestar\/wp-json\/wp\/v2\/users\/2"}],"replies":[{"embeddable":true,"href":"https:\/\/conectamutual.cl\/bienestar\/wp-json\/wp\/v2\/comments?post=7718"}],"version-history":[{"count":4,"href":"https:\/\/conectamutual.cl\/bienestar\/wp-json\/wp\/v2\/posts\/7718\/revisions"}],"predecessor-version":[{"id":7724,"href":"https:\/\/conectamutual.cl\/bienestar\/wp-json\/wp\/v2\/posts\/7718\/revisions\/7724"}],"wp:featuredmedia":[{"embeddable":true,"href":"https:\/\/conectamutual.cl\/bienestar\/wp-json\/wp\/v2\/media\/7721"}],"wp:attachment":[{"href":"https:\/\/conectamutual.cl\/bienestar\/wp-json\/wp\/v2\/media?parent=7718"}],"wp:term":[{"taxonomy":"category","embeddable":true,"href":"https:\/\/conectamutual.cl\/bienestar\/wp-json\/wp\/v2\/categories?post=7718"},{"taxonomy":"post_tag","embeddable":true,"href":"https:\/\/conectamutual.cl\/bienestar\/wp-json\/wp\/v2\/tags?post=7718"}],"curies":[{"name":"wp","href":"https:\/\/api.w.org\/{rel}","templated":true}]}}