{"id":782,"date":"2019-11-06T15:39:45","date_gmt":"2019-11-06T18:39:45","guid":{"rendered":"https:\/\/conectamutual.cl\/bienestar\/?p=782"},"modified":"2019-12-05T19:08:18","modified_gmt":"2019-12-05T22:08:18","slug":"no-basta-con-contar-ovejas-sigue-estos-pasos-y-ganale-insomnio","status":"publish","type":"post","link":"https:\/\/conectamutual.cl\/bienestar\/vivir-mejor\/no-basta-con-contar-ovejas-sigue-estos-pasos-y-ganale-insomnio\/","title":{"rendered":"No basta con contar ovejas: sigue estos pasos y g\u00e1nale insomnio"},"content":{"rendered":"<p>[et_pb_section fb_built=\u00bb1&#8243; _builder_version=\u00bb3.29.3&#8243; custom_padding=\u00bb4px||0px|||\u00bb fb_built=\u00bb1&#8243; _i=\u00bb0&#8243; _address=\u00bb0&#8243;][et_pb_row _builder_version=\u00bb3.29.3&#8243; min_height=\u00bb102px\u00bb custom_margin_phone=\u00bb20px||||false|false\u00bb custom_margin_last_edited=\u00bbon|phone\u00bb custom_padding=\u00bb34px||10px|||\u00bb _i=\u00bb0&#8243; _address=\u00bb0.0&#8243;][et_pb_column type=\u00bb4_4&#8243; _builder_version=\u00bb3.29.3&#8243; _i=\u00bb0&#8243; _address=\u00bb0.0.0&#8243;][et_pb_image src=\u00bbhttps:\/\/conectamutual.cl\/bienestar\/wp-content\/uploads\/2019\/12\/LOGOS-CATEGORIAS-05.png\u00bb align=\u00bbcenter\u00bb disabled_on=\u00bboff|off|off\u00bb _builder_version=\u00bb3.29.3&#8243; width=\u00bb41%\u00bb width_phone=\u00bb95%\u00bb width_last_edited=\u00bbon|phone\u00bb _i=\u00bb0&#8243; _address=\u00bb0.0.0.0&#8243;][\/et_pb_image][\/et_pb_column][\/et_pb_row][\/et_pb_section][et_pb_section fb_built=\u00bb1&#8243; _builder_version=\u00bb3.29.3&#8243; custom_padding=\u00bb1px||0px|||\u00bb fb_built=\u00bb1&#8243; _i=\u00bb0&#8243; _address=\u00bb0&#8243;][et_pb_row _builder_version=\u00bb3.29.3&#8243; custom_padding=\u00bb0px||5px|||\u00bb _i=\u00bb0&#8243; _address=\u00bb0.0&#8243;][et_pb_column type=\u00bb4_4&#8243; _builder_version=\u00bb3.29.3&#8243; _i=\u00bb0&#8243; _address=\u00bb0.0.0&#8243;][et_pb_image src=\u00bbhttps:\/\/conectamutual.cl\/bienestar\/wp-content\/uploads\/2019\/10\/Logo-Espacio-Mutuo-02.png\u00bb align=\u00bbcenter\u00bb _builder_version=\u00bb3.29.3&#8243; width=\u00bb13%\u00bb width_phone=\u00bb22%\u00bb width_last_edited=\u00bbon|phone\u00bb custom_margin=\u00bb0px||||false|false\u00bb _i=\u00bb0&#8243; _address=\u00bb0.0.0.0&#8243;][\/et_pb_image][\/et_pb_column][\/et_pb_row][\/et_pb_section][et_pb_section fb_built=\u00bb1&#8243; _builder_version=\u00bb3.29.3&#8243; custom_padding=\u00bb15px||1px|||\u00bb fb_built=\u00bb1&#8243; _i=\u00bb2&#8243; _address=\u00bb2&#8243;][et_pb_row _builder_version=\u00bb3.29.3&#8243; custom_padding=\u00bb3px||36px|||\u00bb _i=\u00bb1&#8243; _address=\u00bb2.1&#8243;][et_pb_column type=\u00bb4_4&#8243; _builder_version=\u00bb3.29.3&#8243; _i=\u00bb0&#8243; _address=\u00bb2.1.0&#8243;][et_pb_post_title comments=\u00bboff\u00bb featured_image=\u00bboff\u00bb _builder_version=\u00bb3.29.3&#8243; title_font=\u00bbMontserrat|700|||||||\u00bb title_text_align=\u00bbcenter\u00bb title_text_color=\u00bb#c4d600&#8243; title_font_size=\u00bb54px\u00bb title_line_height=\u00bb1.1em\u00bb meta_font=\u00bbMontserrat||||||||\u00bb meta_text_align=\u00bbcenter\u00bb meta_font_size=\u00bb12px\u00bb title_font_size_phone=\u00bb30px\u00bb title_font_size_last_edited=\u00bbon|phone\u00bb meta_font_size_phone=\u00bb10px\u00bb meta_font_size_last_edited=\u00bbon|phone\u00bb _i=\u00bb0&#8243; _address=\u00bb2.1.0.0&#8243;][\/et_pb_post_title][\/et_pb_column][\/et_pb_row][\/et_pb_section][et_pb_section fb_built=\u00bb1&#8243; fullwidth=\u00bbon\u00bb _builder_version=\u00bb3.29.3&#8243; fb_built=\u00bb1&#8243; _i=\u00bb3&#8243; _address=\u00bb3&#8243;][et_pb_fullwidth_image src=\u00bbhttps:\/\/conectamutual.cl\/bienestar\/wp-content\/uploads\/2019\/11\/matthew-t-rader-bZbd02TN9t0-unsplash.jpg\u00bb _builder_version=\u00bb3.29.3&#8243; custom_padding=\u00bb0px|||||\u00bb _i=\u00bb0&#8243; _address=\u00bb3.0&#8243;][\/et_pb_fullwidth_image][\/et_pb_section][et_pb_section fb_built=\u00bb1&#8243; _builder_version=\u00bb3.29.3&#8243; custom_padding=\u00bb||8px|||\u00bb fb_built=\u00bb1&#8243; _i=\u00bb4&#8243; _address=\u00bb4&#8243;][et_pb_row _builder_version=\u00bb3.29.3&#8243; custom_padding=\u00bb9px|||||\u00bb _i=\u00bb0&#8243; _address=\u00bb4.0&#8243;][et_pb_column type=\u00bb4_4&#8243; _builder_version=\u00bb3.29.3&#8243; custom_padding=\u00bb|110px||110px|false|false\u00bb custom_padding_phone=\u00bb|10px||10px|false|false\u00bb custom_padding_last_edited=\u00bbon|phone\u00bb _i=\u00bb0&#8243; _address=\u00bb4.0.0&#8243;][et_pb_text _builder_version=\u00bb3.29.3&#8243; text_font_size=\u00bb17px\u00bb text_line_height=\u00bb2.2em\u00bb header_2_text_color=\u00bb#c4d600&#8243; custom_margin_last_edited=\u00bbon|phone\u00bb custom_padding=\u00bb|0px||0px|false|false\u00bb text_font_size_phone=\u00bb16px\u00bb text_font_size_last_edited=\u00bbon|phone\u00bb header_2_font_size_phone=\u00bb23px\u00bb header_2_font_size_last_edited=\u00bbon|phone\u00bb _i=\u00bb0&#8243; _address=\u00bb4.0.0.0&#8243;]<\/p>\n<p>Las personas con insomnio estar\u00e1n de acuerdo: pocas sensaciones resultan tan frustrantes y desesperantes como el despertar repentinamente en la mitad de la noche, solo para despu\u00e9s no poder volver a conciliar el sue\u00f1o. A continuaci\u00f3n, te dejamos los mejores consejos para alcanzar esos \u201cdulces sue\u00f1os\u201d que tanto necesitas, <span><a href=\"https:\/\/www.nytimes.com\/es\/2019\/09\/14\/espanol\/estilos-de-vida\/insomnio-por-usar-celular.html\">seg\u00fan The New York Times<\/a><\/span>:<\/p>\n<h2><strong>Hagas lo que hagas, no te levantes.<\/strong><\/h2>\n<p>Tras varios minutos mirando el techo sin ni un atisbo de sue\u00f1o, lo m\u00e1s probable es que te den ganas de ponerte de pie y de hacer alguna actividad tranquila, como leer. \u00a1No lo hagas! Para quedarte dormido, tu ritmo card\u00edaco debe disminuir. Pasear por tu habitaci\u00f3n, ir a buscar comida a la cocina o visitar el ba\u00f1o har\u00e1n exactamente lo contrario. \u201cLev\u00e1ntate solo cuando est\u00e9s tan inquieto que de todos modos no te vas a poder dormir\u201d, indica Jennifer Martin, doctora especialista en insomnio de la UCLA.<\/p>\n<h2><strong>Escapa de la luz<\/strong><\/h2>\n<p>Cualquier punto focal de luz, por m\u00e1s min\u00fasculo que sea, atraer\u00e1 tu mirada y te desconcentrar\u00e1 del sue\u00f1o. Los aparatos electr\u00f3nicos como computadores, impresoras, despertadores o cajas de televisi\u00f3n por cable poseen luces indicadoras imposibles de apagar. De la misma forma, los bordes de las cortinas dejan pasar tenues halos de luz que vienen desde afuera, y que tambi\u00e9n pueden resultar molestos. John Hanifin, de la Universidad de Filadelfia, recomienda usar cinta adhesiva negra para tapar las luces y dormir con antifaz.<\/p>\n<h2><strong>O\u00eddos sordos duermen mejor<\/strong><\/h2>\n<p>Tu entorno de sue\u00f1o no tiene que ser completamente silencioso, pero para que tu cerebro env\u00ede una se\u00f1al a tu cuerpo de que es seguro quedarse dormido, cualquier ruido que percibas debe ser mon\u00f3tono. Evita radiadores ruidosos o llaves de agua con goteras. Si lo prefieres, existen m\u00e1quinas y Apps para celular de ruido blanco que puedes utilizar por las noches.<\/p>\n<h2><strong>Calla tu mente<\/strong><\/h2>\n<p>Nada como esa ansiedad de madrugada para alejarte del sue\u00f1o, \u00bfno? Preocuparte demasiado o revivir sucesos del pasado puede provocar un aumento de qu\u00edmicos relacionados con el estr\u00e9s, adem\u00e1s de acelerar el ritmo card\u00edaco y aumentar la temperatura central. Tu cerebro se enciende y trabaja en las zonas de la memoria y las emociones, en un momento en que deber\u00eda estar calmado. Roy Raymann, de SleepScore Labs, recomienda t\u00e9cnicas de relajaci\u00f3n: respira profundo, medita, haz ejercicios de <em>mindfulness<\/em>. Cualquier cosa que logre distraer a tu cerebro sin generar esfuerzo ni respuestas emocionales.<\/p>\n<h2><strong>Piensa positivo<\/strong><\/h2>\n<p>No dejes que la desesperaci\u00f3n te gane. Si debes despertarte a las 6:30 y el reloj te dice que son las tres de la ma\u00f1ana, no pienses: \u201cAy, no, \u00a1solo me quedan tres horas!\u201d. La negatividad solo provoca una respuesta de estr\u00e9s que te mantiene despierto. Mejor di: \u201cExcelente, \u00a1todav\u00eda tengo tres horas para dormir!\u201d. Michael Breus, especialista del sue\u00f1o de Los \u00c1ngeles, asegura que \u201csuena tonto, pero s\u00ed funciona\u201d.<\/p>\n<p>\u00a0De todas formas, si tienes insomnio m\u00e1s 3 veces a la semana y por m\u00e1s de 3 meses, busca a un especialista que te ayude a encontrar la raz\u00f3n detr\u00e1s, y a idear un plan para ti.<\/p>\n<p>[\/et_pb_text][et_pb_text _builder_version=\u00bb3.29.3&#8243; text_font_size=\u00bb13px\u00bb text_line_height=\u00bb0.6em\u00bb custom_margin=\u00bb-15px||||false|false\u00bb custom_padding=\u00bb34px|||||\u00bb text_font_size_phone=\u00bb11px\u00bb text_font_size_last_edited=\u00bbon|phone\u00bb _i=\u00bb1&#8243; _address=\u00bb4.0.0.1&#8243;]<\/p>\n<p style=\"text-align: center;\"><img loading=\"lazy\" decoding=\"async\" class=\"wp-image-608 alignnone size-full\" src=\"https:\/\/conectamutual.cl\/bienestar\/wp-content\/uploads\/2019\/10\/Imagen-equipo.png\" alt=\"\" width=\"91\" height=\"88\" \/><\/p>\n<p style=\"text-align: center;\"><strong>Por Equipo Espacio Mutuo<\/strong><\/p>\n<p style=\"text-align: center;\"><em>Mutual de Seguridad<\/em><\/p>\n<p>[\/et_pb_text][\/et_pb_column][\/et_pb_row][\/et_pb_section]<\/p>\n","protected":false},"excerpt":{"rendered":"<p>Las personas con insomnio estar\u00e1n de acuerdo: pocas sensaciones resultan tan frustrantes y desesperantes como el despertar repentinamente en la mitad de la noche, solo para despu\u00e9s no poder volver a conciliar el sue\u00f1o. A continuaci\u00f3n, te dejamos los mejores consejos para alcanzar esos \u201cdulces sue\u00f1os\u201d que tanto necesitas, seg\u00fan The New York Times: Hagas [&hellip;]<\/p>\n","protected":false},"author":2,"featured_media":787,"comment_status":"open","ping_status":"open","sticky":false,"template":"","format":"standard","meta":{"_et_pb_use_builder":"on","_et_pb_old_content":"","_et_gb_content_width":"","footnotes":""},"categories":[34],"tags":[],"class_list":["post-782","post","type-post","status-publish","format-standard","has-post-thumbnail","hentry","category-vivir-mejor","et-has-post-format-content","et_post_format-et-post-format-standard"],"_links":{"self":[{"href":"https:\/\/conectamutual.cl\/bienestar\/wp-json\/wp\/v2\/posts\/782","targetHints":{"allow":["GET"]}}],"collection":[{"href":"https:\/\/conectamutual.cl\/bienestar\/wp-json\/wp\/v2\/posts"}],"about":[{"href":"https:\/\/conectamutual.cl\/bienestar\/wp-json\/wp\/v2\/types\/post"}],"author":[{"embeddable":true,"href":"https:\/\/conectamutual.cl\/bienestar\/wp-json\/wp\/v2\/users\/2"}],"replies":[{"embeddable":true,"href":"https:\/\/conectamutual.cl\/bienestar\/wp-json\/wp\/v2\/comments?post=782"}],"version-history":[{"count":6,"href":"https:\/\/conectamutual.cl\/bienestar\/wp-json\/wp\/v2\/posts\/782\/revisions"}],"predecessor-version":[{"id":1178,"href":"https:\/\/conectamutual.cl\/bienestar\/wp-json\/wp\/v2\/posts\/782\/revisions\/1178"}],"wp:featuredmedia":[{"embeddable":true,"href":"https:\/\/conectamutual.cl\/bienestar\/wp-json\/wp\/v2\/media\/787"}],"wp:attachment":[{"href":"https:\/\/conectamutual.cl\/bienestar\/wp-json\/wp\/v2\/media?parent=782"}],"wp:term":[{"taxonomy":"category","embeddable":true,"href":"https:\/\/conectamutual.cl\/bienestar\/wp-json\/wp\/v2\/categories?post=782"},{"taxonomy":"post_tag","embeddable":true,"href":"https:\/\/conectamutual.cl\/bienestar\/wp-json\/wp\/v2\/tags?post=782"}],"curies":[{"name":"wp","href":"https:\/\/api.w.org\/{rel}","templated":true}]}}