{"id":8228,"date":"2022-05-30T10:09:00","date_gmt":"2022-05-30T14:09:00","guid":{"rendered":"https:\/\/conectamutual.cl\/bienestar\/?p=8228"},"modified":"2022-05-30T10:13:14","modified_gmt":"2022-05-30T14:13:14","slug":"quieres-ser-mas-sustentable-compra-un-75-menos-de-ropa","status":"publish","type":"post","link":"https:\/\/conectamutual.cl\/bienestar\/espacios-de-reflexion\/quieres-ser-mas-sustentable-compra-un-75-menos-de-ropa\/","title":{"rendered":"\u00bfQuieres ser m\u00e1s sustentable? Compra un 75% menos de ropa"},"content":{"rendered":"<p>[et_pb_section fb_built=\u00bb1&#8243; _builder_version=\u00bb3.29.3&#8243; custom_margin=\u00bb||-50px||false|false\u00bb custom_margin_phone=\u00bb||0px||false|false\u00bb custom_margin_last_edited=\u00bbon|phone\u00bb custom_padding=\u00bb11px||0px||false|false\u00bb fb_built=\u00bb1&#8243; _i=\u00bb0&#8243; _address=\u00bb0&#8243;][et_pb_row column_structure=\u00bb1_3,1_3,1_3&#8243; disabled_on=\u00bbon|on|off\u00bb _builder_version=\u00bb3.29.3&#8243; min_height=\u00bb269px\u00bb custom_margin=\u00bb-15px|auto|-190px|auto|false|false\u00bb custom_margin_last_edited=\u00bbon|phone\u00bb custom_padding=\u00bb||0px||false|false\u00bb _i=\u00bb0&#8243; _address=\u00bb0.0&#8243;][et_pb_column type=\u00bb1_3&#8243; _builder_version=\u00bb3.29.3&#8243; _i=\u00bb0&#8243; _address=\u00bb0.0.0&#8243;][\/et_pb_column][et_pb_column type=\u00bb1_3&#8243; _builder_version=\u00bb3.29.3&#8243; _i=\u00bb1&#8243; _address=\u00bb0.0.1&#8243;][et_pb_image src=\u00bbhttps:\/\/conectamutual.cl\/bienestar\/wp-content\/uploads\/2019\/10\/Logo-Espacio-Mutuo-02.png\u00bb align=\u00bbcenter\u00bb _builder_version=\u00bb3.29.3&#8243; width=\u00bb83%\u00bb width_phone=\u00bb22%\u00bb width_last_edited=\u00bbon|phone\u00bb custom_margin=\u00bb15px||||false|false\u00bb _i=\u00bb0&#8243; _address=\u00bb0.0.1.0&#8243;][\/et_pb_image][\/et_pb_column][et_pb_column type=\u00bb1_3&#8243; _builder_version=\u00bb3.29.3&#8243; _i=\u00bb2&#8243; _address=\u00bb0.0.2&#8243;][et_pb_image src=\u00bbhttps:\/\/conectamutual.cl\/bienestar\/wp-content\/uploads\/2021\/01\/Captura-de-Pantalla-2021-01-16-a-las-10.07.37.png\u00bb align=\u00bbright\u00bb _builder_version=\u00bb3.29.3&#8243; width=\u00bb72%\u00bb width_phone=\u00bb41%\u00bb width_last_edited=\u00bbon|phone\u00bb custom_margin=\u00bb45px||45px||true|false\u00bb custom_margin_phone=\u00bb10px||60px||false|false\u00bb custom_margin_last_edited=\u00bbon|phone\u00bb _i=\u00bb0&#8243; _address=\u00bb0.0.2.0&#8243;][\/et_pb_image][\/et_pb_column][\/et_pb_row][et_pb_row column_structure=\u00bb1_3,1_3,1_3&#8243; disabled_on=\u00bboff|off|on\u00bb _builder_version=\u00bb3.29.3&#8243; min_height=\u00bb269px\u00bb custom_margin=\u00bb-15px|auto|-20px|auto|false|false\u00bb custom_margin_last_edited=\u00bbon|phone\u00bb custom_padding=\u00bb||||false|false\u00bb _i=\u00bb1&#8243; _address=\u00bb0.1&#8243;][et_pb_column type=\u00bb1_3&#8243; _builder_version=\u00bb3.29.3&#8243; _i=\u00bb0&#8243; _address=\u00bb0.1.0&#8243;][\/et_pb_column][et_pb_column type=\u00bb1_3&#8243; _builder_version=\u00bb3.29.3&#8243; _i=\u00bb1&#8243; _address=\u00bb0.1.1&#8243;][et_pb_image src=\u00bbhttps:\/\/conectamutual.cl\/bienestar\/wp-content\/uploads\/2019\/10\/Logo-Espacio-Mutuo-01.png\u00bb align=\u00bbcenter\u00bb force_fullwidth=\u00bbon\u00bb _builder_version=\u00bb3.29.3&#8243; min_height=\u00bb170px\u00bb min_height_phone=\u00bb187px\u00bb min_height_last_edited=\u00bbon|phone\u00bb height=\u00bb100px\u00bb max_height=\u00bb1000px\u00bb custom_margin=\u00bb-14px||8px|||\u00bb _i=\u00bb0&#8243; _address=\u00bb0.1.1.0&#8243;][\/et_pb_image][\/et_pb_column][et_pb_column type=\u00bb1_3&#8243; _builder_version=\u00bb3.29.3&#8243; _i=\u00bb2&#8243; _address=\u00bb0.1.2&#8243;][et_pb_image src=\u00bbhttps:\/\/conectamutual.cl\/bienestar\/wp-content\/uploads\/2021\/01\/Captura-de-Pantalla-2021-01-16-a-las-10.07.37.png\u00bb align=\u00bbcenter\u00bb _builder_version=\u00bb3.29.3&#8243; width=\u00bb94%\u00bb width_phone=\u00bb65%\u00bb width_last_edited=\u00bbon|phone\u00bb module_alignment=\u00bbcenter\u00bb custom_margin=\u00bb45px||45px||true|false\u00bb custom_margin_phone=\u00bb10px||60px||false|false\u00bb custom_margin_last_edited=\u00bbon|phone\u00bb _i=\u00bb0&#8243; _address=\u00bb0.1.2.0&#8243;][\/et_pb_image][\/et_pb_column][\/et_pb_row][\/et_pb_section][et_pb_section fb_built=\u00bb1&#8243; _builder_version=\u00bb3.29.3&#8243; custom_padding=\u00bb4px||0px|||\u00bb fb_built=\u00bb1&#8243; _i=\u00bb1&#8243; _address=\u00bb1&#8243;][et_pb_row _builder_version=\u00bb3.29.3&#8243; min_height=\u00bb102px\u00bb custom_margin_phone=\u00bb20px||||false|false\u00bb custom_margin_last_edited=\u00bbon|phone\u00bb custom_padding=\u00bb34px||10px|||\u00bb _i=\u00bb0&#8243; _address=\u00bb1.0&#8243;][et_pb_column type=\u00bb4_4&#8243; _builder_version=\u00bb3.29.3&#8243; _i=\u00bb0&#8243; _address=\u00bb1.0.0&#8243;][et_pb_image src=\u00bbhttps:\/\/conectamutual.cl\/bienestar\/wp-content\/uploads\/2019\/12\/LOGOS-CATEGORIAS-01.png\u00bb align=\u00bbcenter\u00bb disabled_on=\u00bboff|off|off\u00bb _builder_version=\u00bb3.29.3&#8243; width=\u00bb50%\u00bb width_phone=\u00bb95%\u00bb width_last_edited=\u00bbon|phone\u00bb _i=\u00bb0&#8243; _address=\u00bb1.0.0.0&#8243;][\/et_pb_image][\/et_pb_column][\/et_pb_row][\/et_pb_section][et_pb_section fb_built=\u00bb1&#8243; _builder_version=\u00bb3.29.3&#8243; custom_padding=\u00bb15px||1px|||\u00bb fb_built=\u00bb1&#8243; _i=\u00bb2&#8243; _address=\u00bb2&#8243;][et_pb_row _builder_version=\u00bb3.29.3&#8243; custom_padding=\u00bb3px||36px|||\u00bb _i=\u00bb0&#8243; _address=\u00bb2.0&#8243;][et_pb_column type=\u00bb4_4&#8243; _builder_version=\u00bb3.29.3&#8243; _i=\u00bb0&#8243; _address=\u00bb2.0.0&#8243;][et_pb_post_title comments=\u00bboff\u00bb featured_image=\u00bboff\u00bb _builder_version=\u00bb3.29.3&#8243; title_font=\u00bbMontserrat|700|||||||\u00bb title_text_align=\u00bbcenter\u00bb title_text_color=\u00bb#c4d600&#8243; title_font_size=\u00bb54px\u00bb title_line_height=\u00bb1.1em\u00bb meta_font=\u00bbMontserrat||||||||\u00bb meta_text_align=\u00bbcenter\u00bb meta_font_size=\u00bb12px\u00bb title_font_size_phone=\u00bb30px\u00bb title_font_size_last_edited=\u00bbon|phone\u00bb meta_font_size_phone=\u00bb10px\u00bb meta_font_size_last_edited=\u00bbon|phone\u00bb _i=\u00bb0&#8243; _address=\u00bb2.0.0.0&#8243;][\/et_pb_post_title][\/et_pb_column][\/et_pb_row][\/et_pb_section][et_pb_section fb_built=\u00bb1&#8243; fullwidth=\u00bbon\u00bb _builder_version=\u00bb3.29.3&#8243; fb_built=\u00bb1&#8243; _i=\u00bb3&#8243; _address=\u00bb3&#8243;][et_pb_fullwidth_image src=\u00bbhttps:\/\/conectamutual.cl\/bienestar\/wp-content\/uploads\/2022\/05\/pexels-anastasia-shuraeva-8084473.jpg\u00bb _builder_version=\u00bb3.29.3&#8243; _i=\u00bb0&#8243; _address=\u00bb3.0&#8243;][\/et_pb_fullwidth_image][\/et_pb_section][et_pb_section fb_built=\u00bb1&#8243; _builder_version=\u00bb3.29.3&#8243; custom_padding=\u00bb11px||8px|||\u00bb fb_built=\u00bb1&#8243; _i=\u00bb4&#8243; _address=\u00bb4&#8243;][et_pb_row _builder_version=\u00bb3.29.3&#8243; custom_padding=\u00bb9px|||||\u00bb _i=\u00bb0&#8243; _address=\u00bb4.0&#8243;][et_pb_column type=\u00bb4_4&#8243; _builder_version=\u00bb3.29.3&#8243; custom_padding=\u00bb|110px||110px|false|false\u00bb custom_padding_phone=\u00bb|10px||10px|false|false\u00bb custom_padding_last_edited=\u00bbon|phone\u00bb _i=\u00bb0&#8243; _address=\u00bb4.0.0&#8243;][et_pb_text _builder_version=\u00bb3.29.3&#8243; text_font_size=\u00bb17px\u00bb text_line_height=\u00bb2.1em\u00bb ul_line_height=\u00bb2.2em\u00bb ol_line_height=\u00bb2.2em\u00bb header_2_text_color=\u00bb#c4d600&#8243; header_3_line_height=\u00bb1.6em\u00bb custom_margin_last_edited=\u00bbon|phone\u00bb custom_padding=\u00bb36px|0px||0px|false|false\u00bb text_font_size_phone=\u00bb16px\u00bb text_font_size_last_edited=\u00bbon|phone\u00bb text_line_height_phone=\u00bb1.9em\u00bb text_line_height_last_edited=\u00bbon|phone\u00bb header_2_font_size_phone=\u00bb23px\u00bb header_2_font_size_last_edited=\u00bbon|phone\u00bb _i=\u00bb0&#8243; _address=\u00bb4.0.0.0&#8243;]<\/p>\n<blockquote>\n<p><span style=\"font-weight: 400;\">Si no hacemos algo pronto, la industria de la moda podr\u00eda usar una cuarta parte del presupuesto global de carbono restante del mundo y usar un 35% m\u00e1s de recursos de la tierra para producir fibras para el a\u00f1o 2030.<\/span><\/p>\n<\/blockquote>\n<p><span style=\"font-weight: 400;\">Parece incre\u00edble, pero no lo es. En los \u00faltimos 15 a\u00f1os, <\/span><b>la producci\u00f3n de ropa se ha duplicado\u2026 pero el tiempo que realmente usamos esa ropa se ha reducido en casi un 40%.<\/b><span style=\"font-weight: 400;\"> La ca\u00edda de los precios ha generado que las personas compren m\u00e1s ropa que nunca y gasten menos dinero en el proceso.\u00a0<\/span><\/p>\n<p><span style=\"font-weight: 400;\">Esto, claro est\u00e1, no es sostenible. Algo tiene que cambiar.\u00a0<\/span><\/p>\n<p><span style=\"font-weight: 400;\">La soluci\u00f3n puede ser un <\/span><b>\u201ccl\u00f3set de bienestar<\/b><span style=\"font-weight: 400;\">\u201d, una nueva forma de avanzar en la moda, donde se <\/span><b>privilegia el bienestar humano y ambiental por encima del consumo<\/b><span style=\"font-weight: 400;\"> cada vez mayor de la moda r\u00e1pida y desechable (la llamada <\/span><i><span style=\"font-weight: 400;\">\u201cfast fashion\u201d).<\/span><\/i><span style=\"font-weight: 400;\">\u00a0<\/span><\/p>\n<h2><b>\u00bfC\u00d3MO SE VE UN CL\u00d3SET DE BIENESTAR?<\/b><\/h2>\n<p><span style=\"font-weight: 400;\">El estilo depende de tu gusto, pero el uso y la duraci\u00f3n de la ropa ahora tambi\u00e9n son nuestra responsabilidad. <\/span><a href=\"https:\/\/ideas.ted.com\/more-sustainable-wardrobe-cut-new-clothing-purchases-by-75-percent\/\"><span style=\"font-weight: 400;\">La idea de un cl\u00f3set de bienestar<\/span><\/a><span style=\"font-weight: 400;\"> gira alrededor de 3 pilares base: <\/span><b>reducir nuestra compra de ropa nueva en un 75%, comprar ropa dise\u00f1ada para durar <\/b><b><i>y <\/i><\/b><b>reciclar dicha ropa al final de sus d\u00edas.\u00a0<\/b><\/p>\n<p><span style=\"font-weight: 400;\">Para el sector de la confecci\u00f3n, significar\u00eda <\/span><b>hacerse cargo de los bajos ingresos de las personas que fabrican la ropa<\/b><span style=\"font-weight: 400;\">, as\u00ed como <\/span><b>brindar medidas de apoyo para los trabajadores que podr\u00edan perder sus trabajos <\/b><span style=\"font-weight: 400;\">durante la transici\u00f3n hacia una industria m\u00e1s sostenible.<\/span><\/p>\n<p><span style=\"font-weight: 400;\">Sin embargo, la moda en realidad se est\u00e1 acelerando. <\/span><b>La moda r\u00e1pida est\u00e1 siendo reemplazada por <\/b><a href=\"https:\/\/amp.theguardian.com\/fashion\/2021\/dec\/21\/how-shein-beat-amazon-at-its-own-game-and-reinvented-fast-fashion\"><b>la moda ultra r\u00e1pida<\/b><\/a><b>, lanzando vol\u00famenes sin precedentes de ropa nueva al mercado. <\/b><span style=\"font-weight: 400;\">Desde principios de a\u00f1o, los <\/span><b>gigantes del fast fashion, H&amp;M y Zara,<\/b><span style=\"font-weight: 400;\"> han lanzado alrededor de 11.000 nuevos estilos combinados.<\/span><\/p>\n<p><span style=\"font-weight: 400;\">Al mismo tiempo, <\/span><b>la marca de moda ultra r\u00e1pida Shein ha lanzado la asombrosa cantidad de 314.877 estilos<\/b><span style=\"font-weight: 400;\">. Shein es actualmente la aplicaci\u00f3n de compras m\u00e1s popular en varios pa\u00edses. Como era de esperar, <\/span><b>esta aceleraci\u00f3n est\u00e1 produciendo una enorme cantidad de residuos<\/b><span style=\"font-weight: 400;\">.<\/span><\/p>\n<h2><b>HACERSE CARGO, PERO EN SERIO<\/b><\/h2>\n<p><span style=\"font-weight: 400;\">En respuesta, la industria de la moda ha ideado una serie de planes para abordar el problema. El problema es que <\/span><b>muchas iniciativas de sustentabilidad a\u00fan anteponen las oportunidades econ\u00f3micas y el crecimiento a las preocupaciones ambientales<\/b><span style=\"font-weight: 400;\">.<\/span><\/p>\n<p><span style=\"font-weight: 400;\">Esfuerzos como cambiar hacia el uso de fibras y textiles m\u00e1s sostenibles y ofrecer opciones \u00e9ticamente conscientes son nobles. Desafortunadamente, <\/span><b>hacen muy poco para enfrentar el r\u00e1pido aumento del consumo de recursos y la generaci\u00f3n de desechos del sector.<\/b><\/p>\n<p><span style=\"font-weight: 400;\">Adem\u00e1s de esto, <\/span><b>abundan los <\/b><a href=\"https:\/\/cleanclothes.org\/news\"><b>abusos de los derechos laborales<\/b><\/a><b> de los trabajadores en la cadena de suministro<\/b><span style=\"font-weight: 400;\">. En los \u00faltimos 5 a\u00f1os, los problemas de trabajo infantil, discriminaci\u00f3n y trabajo forzado de la industria han empeorado a nivel mundial. Los principales pa\u00edses fabricantes de prendas de vestir, incluidos Myanmar, Camboya, Bangladesh y Vietnam, <\/span><b>se consideran un <\/b><a href=\"https:\/\/www.maplecroft.com\/insights\/analysis\/worldwide-decline-in-labour-rights-strikes-at-heart-of-global-supply-chains\/\"><b>\u00abriesgo extremo\u00bb<\/b><\/a><b> para la esclavitud moderna.<\/b><\/p>\n<h2><b>QU\u00c9 PODEMOS HACER:\u00a0<\/b><\/h2>\n<p><b><\/b><\/p>\n<ul>\n<li aria-level=\"1\">\n<h3><b>Reducir nuestro consumo.\u00a0<\/b><\/h3>\n<\/li>\n<\/ul>\n<p><span style=\"font-size: 17px; font-style: inherit; font-variant-ligatures: inherit; font-variant-caps: inherit;\">Necesitamos tener conversaciones serias <\/span><b style=\"font-size: 17px; font-style: inherit; font-variant-ligatures: inherit; font-variant-caps: inherit;\">entre la industria, los consumidores y los gobiernos sobre la limitaci\u00f3n del uso de recursos en la industria de la moda<\/b><span style=\"font-size: 17px; font-style: inherit; font-variant-ligatures: inherit; font-variant-caps: inherit;\">. Como sociedad, necesitamos hablar sobre cu\u00e1nta ropa es suficiente para vivir bien.<\/span><\/p>\n<p><span style=\"font-weight: 400;\">A nivel individual, significa <\/span><b>comprar menos ropa nueva, as\u00ed como reconsiderar de d\u00f3nde obtenemos nuestra ropa.<\/b><span style=\"font-weight: 400;\"> Comprar ropa de segunda mano o utilizar servicios de alquiler son formas de cambiar tu guardarropa con menor impacto.<\/span><\/p>\n<p><b><\/b><\/p>\n<ul>\n<li aria-level=\"1\">\n<h3><b>Expandir el movimiento de la moda lenta.\u00a0<\/b><\/h3>\n<\/li>\n<\/ul>\n<p><span style=\"font-size: 17px; font-style: inherit; font-variant-ligatures: inherit; font-variant-caps: inherit;\">El creciente <\/span><a href=\"https:\/\/slowfashion.global\/\" style=\"font-size: 17px; font-style: inherit; font-variant-ligatures: inherit; font-variant-caps: inherit;\">movimiento de moda lenta<\/a><span style=\"font-size: 17px; font-style: inherit; font-variant-ligatures: inherit; font-variant-caps: inherit;\"> <\/span><b style=\"font-size: 17px; font-style: inherit; font-variant-ligatures: inherit; font-variant-caps: inherit;\">se centra en la calidad de las prendas sobre la cantidad<\/b><span style=\"font-size: 17px; font-style: inherit; font-variant-ligatures: inherit; font-variant-caps: inherit;\"> y <\/span><b style=\"font-size: 17px; font-style: inherit; font-variant-ligatures: inherit; font-variant-caps: inherit;\">favorece los estilos cl\u00e1sicos sobre las tendencias fugaces.<\/b><\/p>\n<p><span style=\"font-weight: 400;\">Tambi\u00e9n debemos prestar atenci\u00f3n renovada a la reparaci\u00f3n y el cuidado de la ropa que ya tenemos para prolongar su vida \u00fatil, por ejemplo, reactivando la costura, el arreglo de la ropa y otras habilidades.<\/span><\/p>\n<p><b><\/b><\/p>\n<ul>\n<li aria-level=\"1\">\n<h3><b>Volver a imaginar los modelos de negocio.\u00a0<\/b><\/h3>\n<\/li>\n<\/ul>\n<p><span style=\"font-size: 17px; font-style: inherit; font-variant-ligatures: inherit; font-variant-caps: inherit;\">Adem\u00e1s, el guardarropa del bienestar significar\u00eda alejarse de los modelos comerciales de moda existentes y <\/span><b style=\"font-size: 17px; font-style: inherit; font-variant-ligatures: inherit; font-variant-caps: inherit;\">adoptar nuevos sistemas de intercambio<\/b><span style=\"font-size: 17px; font-style: inherit; font-variant-ligatures: inherit; font-variant-caps: inherit;\">, como modelos de consumo colaborativo, cooperativas, empresas sociales sin fines de lucro y B-corps.<\/span><\/p>\n<p><span style=\"font-weight: 400;\">\u00bfQu\u00e9 son estos? Los modelos de consumo colaborativo implican <\/span><b>compartir o alquilar ropa<\/b><span style=\"font-weight: 400;\">, mientras que las empresas sociales y las B-corps son <\/span><b>negocios con prop\u00f3sitos m\u00e1s all\u00e1 de obtener ganancias, como garantizar salarios dignos para los trabajadores y minimizar o eliminar los impactos ambientales.<\/b><\/p>\n<p><span style=\"font-weight: 400;\">Tambi\u00e9n hay m\u00e9todos que no dependen del dinero, como <\/span><b>intercambiar o pedir prestada ropa con amigos y modificar o redise\u00f1ar ropa<\/b><span style=\"font-weight: 400;\"> en talleres de reparaci\u00f3n y c\u00edrculos de costura.<\/span><\/p>\n<p><b><\/b><\/p>\n<ul>\n<li aria-level=\"1\">\n<h3><b>Reconocer el valor cultural de la ropa.\u00a0<\/b><\/h3>\n<\/li>\n<\/ul>\n<p>Finalmente, como consumidores, debemos fomentar una diversidad de culturas de la ropa, incluida la incorporaci\u00f3n del conocimiento del dise\u00f1o de moda ind\u00edgena, que tiene como n\u00facleo el respeto por el medio ambiente.<\/p>\n<p><span style=\"font-weight: 400;\">Se debe <\/span><b>alentar a las comunidades de intercambio a reconocer el valor cultural de la ropa y reconstruir conexiones emocionales con las prendas<\/b><span style=\"font-weight: 400;\">, apoyando as\u00ed el uso y cuidado a largo plazo.\u00a0<\/span><\/p>\n<p><span style=\"font-weight: 400;\">Cambiar la moda de un modelo de crecimiento perpetuo a un enfoque sostenible no ser\u00e1 f\u00e1cil. Pasar a una industria de la moda que vaya m\u00e1s all\u00e1 del crecimiento requerir\u00e1 que legisladores y la industria introduzcan una amplia gama de reformas y re-imaginen los roles y responsabilidades en la sociedad.<\/span><\/p>\n<p><span style=\"font-weight: 400;\">Puedes pensar que esto es demasiado dif\u00edcil, pero el <\/span><i><span style=\"font-weight: 400;\">status quo<\/span><\/i><span style=\"font-weight: 400;\"> de crecimiento constante no puede durar para siempre. Es mejor que actuemos para dar forma al futuro de la moda y <\/span><b>trabajemos por un vestuario que sea bueno para las personas y el planeta<\/b><span style=\"font-weight: 400;\">, en lugar de dejar que un maremoto de <\/span><b>ropa desperdiciada absorba los recursos, la energ\u00eda y nuestro presupuesto limitado de carbono.<\/b><\/p>\n<p>[\/et_pb_text][et_pb_text _builder_version=\u00bb3.29.3&#8243; text_font_size=\u00bb13px\u00bb text_line_height=\u00bb0.6em\u00bb custom_margin=\u00bb-15px||||false|false\u00bb custom_padding=\u00bb34px|||||\u00bb text_font_size_phone=\u00bb11px\u00bb text_font_size_last_edited=\u00bbon|phone\u00bb _i=\u00bb1&#8243; _address=\u00bb4.0.0.1&#8243;]<\/p>\n<p style=\"text-align: center;\"><img loading=\"lazy\" decoding=\"async\" class=\"wp-image-608 alignnone size-full\" src=\"https:\/\/conectamutual.cl\/bienestar\/wp-content\/uploads\/2019\/10\/Imagen-equipo.png\" alt=\"\" width=\"91\" height=\"88\" \/><\/p>\n<p style=\"text-align: center;\"><strong>Por Equipo Espacio Mutuo<\/strong><\/p>\n<p style=\"text-align: center;\"><em>Mutual de Seguridad<\/em><\/p>\n<p>[\/et_pb_text][\/et_pb_column][\/et_pb_row][et_pb_row _builder_version=\u00bb3.29.3&#8243; background_color=\u00bbrgba(0,0,0,0)\u00bb _i=\u00bb1&#8243; _address=\u00bb4.1&#8243;][et_pb_column type=\u00bb4_4&#8243; _builder_version=\u00bb3.29.3&#8243; transform_scale_linked=\u00bboff\u00bb transform_translate=\u00bb-4px|10px\u00bb transform_translate_linked=\u00bboff\u00bb custom_padding=\u00bb5px|0px|5px|0px|false|true\u00bb animation_style=\u00bbzoom\u00bb animation_duration=\u00bb500ms\u00bb border_radii=\u00bboff||||\u00bb border_color_all=\u00bb#cde002&#8243; border_width_top=\u00bb1px\u00bb border_color_top=\u00bb#e09900&#8243; border_style_top=\u00bbdotted\u00bb border_width_bottom=\u00bb1px\u00bb border_color_bottom=\u00bb#e09900&#8243; border_style_bottom=\u00bbdotted\u00bb _i=\u00bb0&#8243; _address=\u00bb4.1.0&#8243;][et_pb_code admin_label=\u00bbRating Art\u00edculo\u00bb _builder_version=\u00bb3.29.3&#8243; transform_scale=\u00bb110%|110%\u00bb transform_translate=\u00bb424px|5px\u00bb transform_translate_linked=\u00bboff\u00bb hover_enabled=\u00bb0&#8243; _i=\u00bb0&#8243; _address=\u00bb4.1.0.0&#8243;]<a class=\"typeform-share button\" href=\"https:\/\/singularmktg.typeform.com\/to\/COMq1XCs#art=634\" data-mode=\"drawer_right\" style=\"display:inline-block;text-decoration:none;background-color:#CDE002;color:white;cursor:pointer;font-family:Helvetica,Arial,sans-serif;font-size:20px;line-height:50px;text-align:center;margin:0;height:50px;padding:0px 33px;border-radius:12px;max-width:100%;white-space:nowrap;overflow:hidden;text-overflow:ellipsis;font-weight:bold;-webkit-font-smoothing:antialiased;-moz-osx-font-smoothing:grayscale;\" data-hide-headers=\"true\" data-hide-footer=\"true\" data-submit-close-delay=\"2\" target=\"_blank\" rel=\"noopener noreferrer\">Eval\u00faa este art\u00edculo <\/a> <script> (function() { var qs,js,q,s,d=document, gi=d.getElementById, ce=d.createElement, gt=d.getElementsByTagName, id=\"typef_orm_share\", b=\"https:\/\/embed.typeform.com\/\"; if(!gi.call(d,id)){ js=ce.call(d,\"script\"); js.id=id; js.src=b+\"embed.js\"; q=gt.call(d,\"script\")[0]; q.parentNode.insertBefore(js,q) } })() <\/script>[\/et_pb_code][\/et_pb_column][\/et_pb_row][et_pb_row _builder_version=\u00bb3.29.3&#8243; _i=\u00bb2&#8243; _address=\u00bb4.2&#8243;][et_pb_column type=\u00bb4_4&#8243; _builder_version=\u00bb3.29.3&#8243; custom_padding_phone=\u00bb40px||||false|false\u00bb custom_padding_last_edited=\u00bbon|phone\u00bb _i=\u00bb0&#8243; _address=\u00bb4.2.0&#8243;][et_pb_posts_carousel_agsdcm category_id=\u00bb27&#8243; max_title_characters=\u00bb150&#8243; heading_style=\u00bbcustom\u00bb heading_primary=\u00bb\u00daltimos Art\u00edculos\u00bb heading_sub=\u00bbEspacios de Reflexi\u00f3n\u00bb posts_filter_any=\u00bbon\u00bb _builder_version=\u00bb3.29.3&#8243; header_font=\u00bbMontserrat||||||||\u00bb header_text_color=\u00bb#757575&#8243; header_font_size=\u00bb19px\u00bb subheader_text_color=\u00bb#828282&#8243; title_font=\u00bbMontserrat|700|||||||\u00bb title_text_color=\u00bb#acc601&#8243; border_color_all=\u00bb#cde002&#8243; _i=\u00bb0&#8243; _address=\u00bb4.2.0.0&#8243;][\/et_pb_posts_carousel_agsdcm][\/et_pb_column][\/et_pb_row][\/et_pb_section]<\/p>\n","protected":false},"excerpt":{"rendered":"<p>Si no hacemos algo pronto, la industria de la moda podr\u00eda usar una cuarta parte del presupuesto global de carbono restante del mundo y usar un 35% m\u00e1s de recursos de la tierra para producir fibras para el a\u00f1o 2030. Parece incre\u00edble, pero no lo es. En los \u00faltimos 15 a\u00f1os, la producci\u00f3n de ropa [&hellip;]<\/p>\n","protected":false},"author":2,"featured_media":8231,"comment_status":"closed","ping_status":"closed","sticky":false,"template":"","format":"standard","meta":{"_et_pb_use_builder":"on","_et_pb_old_content":"","_et_gb_content_width":"","footnotes":""},"categories":[27],"tags":[351,348,350,346,347,352,349],"class_list":["post-8228","post","type-post","status-publish","format-standard","has-post-thumbnail","hentry","category-espacios-de-reflexion","tag-ecologia","tag-fast-fashion","tag-medio-ambiente","tag-moda","tag-moda-sostenible","tag-reciclaje","tag-slow-fashion","et-has-post-format-content","et_post_format-et-post-format-standard"],"_links":{"self":[{"href":"https:\/\/conectamutual.cl\/bienestar\/wp-json\/wp\/v2\/posts\/8228","targetHints":{"allow":["GET"]}}],"collection":[{"href":"https:\/\/conectamutual.cl\/bienestar\/wp-json\/wp\/v2\/posts"}],"about":[{"href":"https:\/\/conectamutual.cl\/bienestar\/wp-json\/wp\/v2\/types\/post"}],"author":[{"embeddable":true,"href":"https:\/\/conectamutual.cl\/bienestar\/wp-json\/wp\/v2\/users\/2"}],"replies":[{"embeddable":true,"href":"https:\/\/conectamutual.cl\/bienestar\/wp-json\/wp\/v2\/comments?post=8228"}],"version-history":[{"count":4,"href":"https:\/\/conectamutual.cl\/bienestar\/wp-json\/wp\/v2\/posts\/8228\/revisions"}],"predecessor-version":[{"id":8234,"href":"https:\/\/conectamutual.cl\/bienestar\/wp-json\/wp\/v2\/posts\/8228\/revisions\/8234"}],"wp:featuredmedia":[{"embeddable":true,"href":"https:\/\/conectamutual.cl\/bienestar\/wp-json\/wp\/v2\/media\/8231"}],"wp:attachment":[{"href":"https:\/\/conectamutual.cl\/bienestar\/wp-json\/wp\/v2\/media?parent=8228"}],"wp:term":[{"taxonomy":"category","embeddable":true,"href":"https:\/\/conectamutual.cl\/bienestar\/wp-json\/wp\/v2\/categories?post=8228"},{"taxonomy":"post_tag","embeddable":true,"href":"https:\/\/conectamutual.cl\/bienestar\/wp-json\/wp\/v2\/tags?post=8228"}],"curies":[{"name":"wp","href":"https:\/\/api.w.org\/{rel}","templated":true}]}}