{"id":8406,"date":"2022-07-04T10:32:14","date_gmt":"2022-07-04T14:32:14","guid":{"rendered":"https:\/\/conectamutual.cl\/bienestar\/?p=8406"},"modified":"2022-07-04T10:34:40","modified_gmt":"2022-07-04T14:34:40","slug":"generacion-z-los-trabajadores-que-lo-quieren-todo","status":"publish","type":"post","link":"https:\/\/conectamutual.cl\/bienestar\/empresas-que-cambian\/generacion-z-los-trabajadores-que-lo-quieren-todo\/","title":{"rendered":"Generaci\u00f3n Z: los trabajadores que lo quieren todo"},"content":{"rendered":"<p>[et_pb_section fb_built=\u00bb1&#8243; _builder_version=\u00bb3.29.3&#8243; custom_margin=\u00bb||-50px||false|false\u00bb custom_margin_phone=\u00bb||0px||false|false\u00bb custom_margin_last_edited=\u00bbon|phone\u00bb custom_padding=\u00bb11px||0px||false|false\u00bb fb_built=\u00bb1&#8243; _i=\u00bb0&#8243; _address=\u00bb0&#8243;][et_pb_row column_structure=\u00bb1_3,1_3,1_3&#8243; disabled_on=\u00bbon|on|off\u00bb _builder_version=\u00bb3.29.3&#8243; min_height=\u00bb269px\u00bb custom_margin=\u00bb-15px|auto|-190px|auto|false|false\u00bb custom_margin_last_edited=\u00bbon|phone\u00bb custom_padding=\u00bb||0px||false|false\u00bb _i=\u00bb0&#8243; _address=\u00bb0.0&#8243;][et_pb_column type=\u00bb1_3&#8243; _builder_version=\u00bb3.29.3&#8243; _i=\u00bb0&#8243; _address=\u00bb0.0.0&#8243;][\/et_pb_column][et_pb_column type=\u00bb1_3&#8243; _builder_version=\u00bb3.29.3&#8243; _i=\u00bb1&#8243; _address=\u00bb0.0.1&#8243;][et_pb_image src=\u00bbhttps:\/\/conectamutual.cl\/bienestar\/wp-content\/uploads\/2019\/10\/Logo-Espacio-Mutuo-02.png\u00bb align=\u00bbcenter\u00bb _builder_version=\u00bb3.29.3&#8243; width=\u00bb83%\u00bb width_phone=\u00bb22%\u00bb width_last_edited=\u00bbon|phone\u00bb custom_margin=\u00bb15px||||false|false\u00bb _i=\u00bb0&#8243; _address=\u00bb0.0.1.0&#8243;][\/et_pb_image][\/et_pb_column][et_pb_column type=\u00bb1_3&#8243; _builder_version=\u00bb3.29.3&#8243; _i=\u00bb2&#8243; _address=\u00bb0.0.2&#8243;][et_pb_image src=\u00bbhttps:\/\/conectamutual.cl\/bienestar\/wp-content\/uploads\/2021\/01\/Captura-de-Pantalla-2021-01-16-a-las-10.07.37.png\u00bb align=\u00bbright\u00bb _builder_version=\u00bb3.29.3&#8243; width=\u00bb72%\u00bb width_phone=\u00bb41%\u00bb width_last_edited=\u00bbon|phone\u00bb custom_margin=\u00bb45px||45px||true|false\u00bb custom_margin_phone=\u00bb10px||60px||false|false\u00bb custom_margin_last_edited=\u00bbon|phone\u00bb _i=\u00bb0&#8243; _address=\u00bb0.0.2.0&#8243;][\/et_pb_image][\/et_pb_column][\/et_pb_row][et_pb_row column_structure=\u00bb1_3,1_3,1_3&#8243; disabled_on=\u00bboff|off|on\u00bb _builder_version=\u00bb3.29.3&#8243; min_height=\u00bb269px\u00bb custom_margin=\u00bb-15px|auto|-20px|auto|false|false\u00bb custom_margin_last_edited=\u00bbon|phone\u00bb custom_padding=\u00bb||||false|false\u00bb _i=\u00bb1&#8243; _address=\u00bb0.1&#8243;][et_pb_column type=\u00bb1_3&#8243; _builder_version=\u00bb3.29.3&#8243; _i=\u00bb0&#8243; _address=\u00bb0.1.0&#8243;][\/et_pb_column][et_pb_column type=\u00bb1_3&#8243; _builder_version=\u00bb3.29.3&#8243; _i=\u00bb1&#8243; _address=\u00bb0.1.1&#8243;][et_pb_image src=\u00bbhttps:\/\/conectamutual.cl\/bienestar\/wp-content\/uploads\/2019\/10\/Logo-Espacio-Mutuo-01.png\u00bb align=\u00bbcenter\u00bb force_fullwidth=\u00bbon\u00bb _builder_version=\u00bb3.29.3&#8243; min_height=\u00bb170px\u00bb min_height_phone=\u00bb187px\u00bb min_height_last_edited=\u00bbon|phone\u00bb height=\u00bb100px\u00bb max_height=\u00bb1000px\u00bb custom_margin=\u00bb-14px||8px|||\u00bb _i=\u00bb0&#8243; _address=\u00bb0.1.1.0&#8243;][\/et_pb_image][\/et_pb_column][et_pb_column type=\u00bb1_3&#8243; _builder_version=\u00bb3.29.3&#8243; _i=\u00bb2&#8243; _address=\u00bb0.1.2&#8243;][et_pb_image src=\u00bbhttps:\/\/conectamutual.cl\/bienestar\/wp-content\/uploads\/2021\/01\/Captura-de-Pantalla-2021-01-16-a-las-10.07.37.png\u00bb align=\u00bbcenter\u00bb _builder_version=\u00bb3.29.3&#8243; width=\u00bb94%\u00bb width_phone=\u00bb65%\u00bb width_last_edited=\u00bbon|phone\u00bb module_alignment=\u00bbcenter\u00bb custom_margin=\u00bb45px||45px||true|false\u00bb custom_margin_phone=\u00bb10px||60px||false|false\u00bb custom_margin_last_edited=\u00bbon|phone\u00bb _i=\u00bb0&#8243; _address=\u00bb0.1.2.0&#8243;][\/et_pb_image][\/et_pb_column][\/et_pb_row][\/et_pb_section][et_pb_section fb_built=\u00bb1&#8243; _builder_version=\u00bb3.29.3&#8243; custom_padding=\u00bb4px||0px|||\u00bb fb_built=\u00bb1&#8243; _i=\u00bb1&#8243; _address=\u00bb1&#8243;][et_pb_row _builder_version=\u00bb3.29.3&#8243; min_height=\u00bb102px\u00bb custom_margin_phone=\u00bb20px||||false|false\u00bb custom_margin_last_edited=\u00bbon|phone\u00bb custom_padding=\u00bb34px||10px|||\u00bb _i=\u00bb0&#8243; _address=\u00bb1.0&#8243;][et_pb_column type=\u00bb4_4&#8243; _builder_version=\u00bb3.29.3&#8243; _i=\u00bb0&#8243; _address=\u00bb1.0.0&#8243;][et_pb_image src=\u00bbhttps:\/\/conectamutual.cl\/bienestar\/wp-content\/uploads\/2019\/12\/LOGOS-CATEGORIAS-04.png\u00bb align=\u00bbcenter\u00bb disabled_on=\u00bboff|off|off\u00bb _builder_version=\u00bb3.29.3&#8243; width=\u00bb47%\u00bb width_phone=\u00bb95%\u00bb width_last_edited=\u00bbon|phone\u00bb _i=\u00bb0&#8243; _address=\u00bb1.0.0.0&#8243;][\/et_pb_image][\/et_pb_column][\/et_pb_row][\/et_pb_section][et_pb_section fb_built=\u00bb1&#8243; _builder_version=\u00bb3.29.3&#8243; custom_padding=\u00bb15px||1px|||\u00bb fb_built=\u00bb1&#8243; _i=\u00bb2&#8243; _address=\u00bb2&#8243;][et_pb_row _builder_version=\u00bb3.29.3&#8243; custom_padding=\u00bb3px||36px|||\u00bb _i=\u00bb0&#8243; _address=\u00bb2.0&#8243;][et_pb_column type=\u00bb4_4&#8243; _builder_version=\u00bb3.29.3&#8243; _i=\u00bb0&#8243; _address=\u00bb2.0.0&#8243;][et_pb_post_title comments=\u00bboff\u00bb featured_image=\u00bboff\u00bb _builder_version=\u00bb3.29.3&#8243; title_font=\u00bbMontserrat|700|||||||\u00bb title_text_align=\u00bbcenter\u00bb title_text_color=\u00bb#c4d600&#8243; title_font_size=\u00bb54px\u00bb title_line_height=\u00bb1.1em\u00bb meta_font=\u00bbMontserrat||||||||\u00bb meta_text_align=\u00bbcenter\u00bb meta_font_size=\u00bb12px\u00bb title_font_size_phone=\u00bb30px\u00bb title_font_size_last_edited=\u00bbon|phone\u00bb meta_font_size_phone=\u00bb10px\u00bb meta_font_size_last_edited=\u00bbon|phone\u00bb _i=\u00bb0&#8243; _address=\u00bb2.0.0.0&#8243;][\/et_pb_post_title][\/et_pb_column][\/et_pb_row][\/et_pb_section][et_pb_section fb_built=\u00bb1&#8243; fullwidth=\u00bbon\u00bb _builder_version=\u00bb3.29.3&#8243; fb_built=\u00bb1&#8243; _i=\u00bb3&#8243; _address=\u00bb3&#8243;][et_pb_fullwidth_image src=\u00bbhttps:\/\/conectamutual.cl\/bienestar\/wp-content\/uploads\/2022\/07\/pexels-fox-1595385.jpg\u00bb _builder_version=\u00bb3.29.3&#8243; hover_enabled=\u00bb0&#8243; _i=\u00bb0&#8243; _address=\u00bb3.0&#8243;][\/et_pb_fullwidth_image][\/et_pb_section][et_pb_section fb_built=\u00bb1&#8243; _builder_version=\u00bb3.29.3&#8243; custom_padding=\u00bb11px||8px|||\u00bb fb_built=\u00bb1&#8243; _i=\u00bb4&#8243; _address=\u00bb4&#8243;][et_pb_row _builder_version=\u00bb3.29.3&#8243; custom_padding=\u00bb9px||0px|||\u00bb _i=\u00bb0&#8243; _address=\u00bb4.0&#8243;][et_pb_column type=\u00bb4_4&#8243; _builder_version=\u00bb3.29.3&#8243; custom_padding=\u00bb|110px||110px|false|false\u00bb custom_padding_phone=\u00bb|10px||10px|false|false\u00bb custom_padding_last_edited=\u00bbon|phone\u00bb _i=\u00bb0&#8243; _address=\u00bb4.0.0&#8243;][et_pb_text _builder_version=\u00bb3.29.3&#8243; text_font_size=\u00bb17px\u00bb text_line_height=\u00bb2.1em\u00bb ul_line_height=\u00bb2.2em\u00bb header_2_text_color=\u00bb#c4d600&#8243; custom_margin=\u00bb-3px|||||\u00bb custom_margin_last_edited=\u00bbon|phone\u00bb custom_padding=\u00bb37px|0px|0px|0px|false|false\u00bb hover_enabled=\u00bb0&#8243; text_font_size_phone=\u00bb16px\u00bb text_font_size_last_edited=\u00bbon|phone\u00bb text_line_height_phone=\u00bb1.9em\u00bb text_line_height_last_edited=\u00bbon|phone\u00bb header_2_font_size_phone=\u00bb23px\u00bb header_2_font_size_last_edited=\u00bbon|phone\u00bb _i=\u00bb0&#8243; _address=\u00bb4.0.0.0&#8243;]<\/p>\n<blockquote>\n<p><span style=\"font-weight: 400;\">Clarissa Holleman siempre hab\u00eda sentido que ense\u00f1ar era su vocaci\u00f3n. Pero poco m\u00e1s de un a\u00f1o despu\u00e9s de su primer trabajo cuidando a ni\u00f1os con necesidades especiales, la joven de 24 a\u00f1os de Georgia, Estados Unidos, <\/span><b>estaba agotada. Seg\u00fan ella misma, no ten\u00eda vida propia fuera de su trabajo y le costaba ver un futuro dentro del campo de la educaci\u00f3n<\/b><span style=\"font-weight: 400;\">.<\/span><\/p>\n<\/blockquote>\n<p><span style=\"font-weight: 400;\">Cuando Holleman comenz\u00f3 a dar clases en julio de 2020, todas sus clases eran remotas debido a la pandemia. Se sent\u00eda impotente y carente de apoyo para ayudar a los ni\u00f1os que cuidaba. \u201cEse tipo de ambiente de trabajo es una locura; no te queda energ\u00eda al final del d\u00eda\u201d, dice Holleman. <\/span><b>Adem\u00e1s de la ansiedad y el agotamiento que estaba experimentando, hab\u00eda problemas econ\u00f3micos<\/b><span style=\"font-weight: 400;\">: no le pagaban durante las vacaciones escolares. Holleman sinti\u00f3 cada vez m\u00e1s que el costo que el trabajo le estaba cobrando a su vida ya no val\u00eda la pena por el sentido de prop\u00f3sito que le ofrec\u00eda.<\/span><\/p>\n<p><span style=\"font-weight: 400;\">Entonces, en enero de 2022, despu\u00e9s de pasar meses aprendiendo nuevas habilidades a trav\u00e9s de cursos gratuitos de LinkedIn, Holleman renunci\u00f3 a lo que antes hab\u00eda sido su \u00abcarrera so\u00f1ada\u00bb. Ahora es reclutadora en una empresa de tecnolog\u00eda dirigida por millennials y, aunque ya no se identifica tanto con su trabajo, lo prefiere as\u00ed. Tiene tiempo libre remunerado ilimitado (y culturalmente permitido), <\/span><b>un gran equilibrio entre el trabajo y la vida personal que permite pasatiempos establecidos y un mejor salario<\/b><span style=\"font-weight: 400;\">. \u201cDefinitivamente me veo qued\u00e1ndome aqu\u00ed a largo plazo\u201d, dice ella.<\/span><\/p>\n<h2><b>ESCRIBIR UN NUEVO GUION<\/b><\/h2>\n<p><span style=\"font-weight: 400;\">Durante d\u00e9cadas, el mandato cultural en muchos pa\u00edses occidentales ha sido <\/span><b>\u201cesfu\u00e9rzate mucho para tu empleador y ser\u00e1s recompensado\u201d.<\/b><span style=\"font-weight: 400;\"> Si el esfuerzo es por un trabajo que amas, el pago ser\u00e1 satisfacci\u00f3n. Y si el trabajo implica subir los pelda\u00f1os de una escalera corporativa, la paga ser\u00e1, pues, mucho dinero. Aunque diferentes en motivaci\u00f3n, ambos caminos comparten la misma narrativa. Como resultado, <\/span><b>el trabajo se ha convertido en una obsesi\u00f3n, incluso en una identidad: algo que los trabajadores tradicionalmente se sent\u00edan afortunados de tener.<\/b><\/p>\n<p><span style=\"font-weight: 400;\">Pero cada vez m\u00e1s, <\/span><a href=\"https:\/\/www.bbc.com\/worklife\/article\/20220613-gen-z-the-workers-who-want-it-all\"><span style=\"font-weight: 400;\">trabajadores de la Generaci\u00f3n Z como Holleman (nacidos entre 1997 y 2012) insisten en que escribamos un nuevo guion para el trabajo<\/span><\/a><span style=\"font-weight: 400;\">. Habiendo observado que los trabajadores mayores experimentan agotamiento, escasez de tiempo e inseguridad econ\u00f3mica, <\/span><b>exigen m\u00e1s de los lugares de trabajo: salarios m\u00e1s altos, m\u00e1s tiempo libre, la flexibilidad de trabajar de forma remota y una mayor responsabilidad social y ambiental<\/b><span style=\"font-weight: 400;\">. Muchos de estos valores eran preferencias de los millennials, pero para la Generaci\u00f3n Z se han convertido en expectativas y est\u00e1n dispuestos a renunciar si no se satisfacen sus necesidades.<\/span><\/p>\n<p><span style=\"font-weight: 400;\">Como resultado de su guerra contra el trabajo, <\/span><a href=\"https:\/\/www.bbc.com\/worklife\/article\/20220218-are-younger-generations-truly-weaker-than-older-ones\"><b>los Gen Z han sido tildados de consentidos o anticapitalistas<\/b><\/a><b>. Sin embargo, no lo son: lo quieren todo y est\u00e1n dispuestos a trabajar duro\u2026 para el empleador adecuado. <\/b><span style=\"font-weight: 400;\">Pero si no vale la pena exprimir el jugo, se ir\u00e1n y buscar\u00e1n otras formas de llegar a fin de mes.<\/span><b>\u00a0<\/b><\/p>\n<h2><b>CAMBIAN LAS PRIORIDADES<\/b><\/h2>\n<p><span style=\"font-weight: 400;\">Si bien hay, por supuesto, personas de la Gen Z que aspiran a todo tipo de vidas, <\/span><b>la principal prioridad para estos trabajadores y trabajadoras es un salario m\u00e1s alto, <\/b><span style=\"font-weight: 400;\">seg\u00fan una encuesta de 2022 realizada por CareerBuilder. Eso <\/span><b>tambi\u00e9n se aplica a los que a\u00fan no han ingresado a la fuerza laboral: <\/b><span style=\"font-weight: 400;\">el 77% de los estudiantes universitarios de \u00faltimo a\u00f1o en <\/span><a href=\"https:\/\/resources.ripplematch.com\/hubfs\/The%20Gen%20Z%20Job%20Seeker%20-%202020%20Report.pdf\"><span style=\"font-weight: 400;\">una encuesta de 2020 realizada por RippleMatch<\/span><\/a><span style=\"font-weight: 400;\"> dijo que <\/span><b>la compensaci\u00f3n ser\u00eda el factor n\u00famero uno al evaluar las ofertas<\/b><span style=\"font-weight: 400;\">.<\/span><\/p>\n<p><span style=\"font-weight: 400;\">Esto representa un <\/span><b>cambio significativo en los valores en comparaci\u00f3n con los millennials<\/b><span style=\"font-weight: 400;\">. Seg\u00fan una encuesta global de 2011 realizada por la red de servicios profesionales PwC, los millennials que ingresan al lugar de trabajo valoran la progresi\u00f3n profesional y el desarrollo personal por encima de la recompensa financiera. <\/span><b>Se sent\u00edan m\u00e1s atra\u00eddos por los empleadores que pod\u00edan ayudarlos a subir la escalera de su elecci\u00f3n que aquellos con los bolsillos m\u00e1s profundos<\/b><span style=\"font-weight: 400;\">.<\/span><\/p>\n<p><b>Aun as\u00ed, tiene sentido que ahora est\u00e9n m\u00e1s enfocados en los salarios \u2013la Generaci\u00f3n Z est\u00e1 entrando en un panorama econ\u00f3mico y laboral que es muy diferente al anterior<\/b><span style=\"font-weight: 400;\">. Si bien los trabajadores j\u00f3venes de todas las generaciones tienden a tener dificultades financieras al principio de sus carreras, la Generaci\u00f3n Z enfrenta factores estresantes particularmente agudos, especialmente cuando el aumento de la inflaci\u00f3n supera el crecimiento salarial.<\/span><\/p>\n<p><b>La pandemia ha intensificado la precariedad econ\u00f3mica para todos los trabajadores<\/b><span style=\"font-weight: 400;\">. <\/span><a href=\"https:\/\/www.pewresearch.org\/politics\/2020\/03\/26\/worries-about-coronavirus-surge-as-most-americans-expect-a-recession-or-worse\/\"><span style=\"font-weight: 400;\">Seg\u00fan el Pew Research Center,<\/span><\/a><span style=\"font-weight: 400;\"> la mitad de los estadounidenses de la Generaci\u00f3n Z que tienen la edad suficiente para trabajar vieron a alguien en su hogar <\/span><b>perder el trabajo o recibir un recorte salarial debido al brote de COVID-19.<\/b><span style=\"font-weight: 400;\"> Tambi\u00e9n han visto a las generaciones mayores pasar por <\/span><b>m\u00faltiples recesiones y terminar con enormes deudas,<\/b><span style=\"font-weight: 400;\"> dice Elizabeth Michelle, psic\u00f3loga y consultora de participaci\u00f3n en el lugar de trabajo con sede en Londres. <\/span><b>\u201cEntonces, la Generaci\u00f3n Z est\u00e1 mirando todo eso y pensando: &#8216;No para m\u00ed; yo no voy a hacer eso'\u00bb.<\/b><\/p>\n<p><span style=\"font-weight: 400;\">Pero por mucho \u00e9nfasis que haya en el pago, <\/span><b>los Gen Z tambi\u00e9n buscan hacer crecer sus carreras en ciertos tipos de organizaciones, m\u00e1s humanistas<\/b><span style=\"font-weight: 400;\">. Seg\u00fan una <\/span><a href=\"https:\/\/www.talentlms.com\/research\/gen-z-workplace-statistics#what-matters-to-Gen-Z\"><span style=\"font-weight: 400;\">investigaci\u00f3n de 2022<\/span><\/a><span style=\"font-weight: 400;\"> realizada por la empresa de capacitaci\u00f3n en el lugar de trabajo TalentLMs, el 82% de los Gen Z encuestados quiere d\u00edas de salud mental, el 77% considera importante que su empresa promueva la diversidad, equidad e inclusi\u00f3n, y el 74% optar\u00eda por un trabajo h\u00edbrido o totalmente remoto. <\/span><b>Despu\u00e9s de un salario insatisfactorio, el agotamiento y la falta de equilibrio entre el trabajo y la vida fueron la raz\u00f3n n\u00famero uno por la que renunciar\u00edan<\/b><span style=\"font-weight: 400;\">. Mientras que el trabajo sol\u00eda ser sobre lo que los empleados pod\u00edan ofrecer a las empresas, dice Michelle, \u00abahora se trata de lo que la Generaci\u00f3n Z espera de las empresas\u00bb.<\/span><\/p>\n<h2><b>NO TEMEN RENUNCIAR<\/b><\/h2>\n<p><span style=\"font-weight: 400;\">Adem\u00e1s de la importancia del salario y el equilibrio entre el trabajo y la vida, los Gen Z vienen con otra caracter\u00edstica destacada: <\/span><b>poseen m\u00e1s probabilidades de renunciar si no est\u00e1n satisfechos en el trabajo<\/b><span style=\"font-weight: 400;\">. Un estudio de 2021 realizado por Bankrate descubri\u00f3 que <\/span><b>el 77% de los Gen Z encuestados estaban buscando un nuevo trabajo<\/b><span style=\"font-weight: 400;\">. De los millennials en la misma etapa de sus carreras, solo el 38% de los encuestados en 2011 dijeron que estaban buscando nuevas oportunidades. <\/span><b>Y los Gen Z ya pasan menos tiempo en un puesto que los millennials, seg\u00fan CareerBuilder.<\/b><\/p>\n<p><span style=\"font-weight: 400;\">Renunciar o cambiar de carrera puede parecer probable que haga que los salarios m\u00e1s altos queden fuera del alcance, pero la investigaci\u00f3n encuentra que ese no es el caso. En comparaci\u00f3n con los que se quedan, la Oficina de Estad\u00edsticas Nacionales del Reino Unido descubri\u00f3 que <\/span><b>los salarios m\u00e1s altos eran una ventaja clave para todos los trabajadores a la hora de cambiar de trabajo.<\/b><\/p>\n<p><span style=\"font-weight: 400;\">Nacidos en un mundo conectado digitalmente, <\/span><b>son muy conscientes de los movimientos ambientales y de justicia social<\/b><span style=\"font-weight: 400;\">, as\u00ed como de las nuevas formas de trabajar que est\u00e1n sacudiendo el estatus quo. Tambi\u00e9n est\u00e1n ingresando a un mercado laboral que, a pesar de las infinitas oportunidades profesionales nuevas que brinda la tecnolog\u00eda, se ha vuelto menos estable y m\u00e1s amorfo desde la d\u00e9cada de 1950.<\/span><\/p>\n<p><span style=\"font-weight: 400;\">La confianza y la lealtad entre empleadores y trabajadores se han erosionado, y la Generaci\u00f3n Z ha internalizado esa inseguridad. <\/span><b>Lo que puede parecer un comportamiento justificado (renunciar y exigir cambios en el trabajo) es en realidad que los empleadores no cumplen con las exigencias de la vida moderna.<\/b><span style=\"font-weight: 400;\"> Los Gen Z simplemente <\/span><b>quieren un salario decente por hacer el trabajo que disfrutan y el respeto que les permite tener una vida fuera de sus trabajos<\/b><span style=\"font-weight: 400;\">.\u00a0<\/span><\/p>\n<h2><b>OPTIMISMO\u2026 AL LARGO PLAZO<\/b><\/h2>\n<p><span style=\"font-weight: 400;\">Los trabajadores m\u00e1s j\u00f3venes est\u00e1n ingresando al mercado laboral con un conjunto de demandas y la determinaci\u00f3n de actuar en consecuencia. Aun as\u00ed, a pesar de sus esfuerzos, las noticias no son del todo positivas: <\/span><b>los expertos est\u00e1n preocupados de que los Gen Z est\u00e9n aplicando soluciones individuales a problemas colectivos<\/b><span style=\"font-weight: 400;\">. Los trabajadores que renuncian o protestan aplican <\/span><b>jugadas que tienen menos probabilidades de convencer a los empleadores de hacer cambios, a diferencia de la legislaci\u00f3n gubernamental o la presi\u00f3n sindical que exigen beneficios como salarios m\u00e1s altos y m\u00e1s tiempo libre.<\/b><span style=\"font-weight: 400;\"> Especialmente considerando que <\/span><b>la movilidad depende en gran medida del privilegio<\/b><span style=\"font-weight: 400;\">; los trabajadores por hora y aquellos con menos experiencia corporativa tienen muy poca influencia para cambiar de trabajo o establecer l\u00edmites que podr\u00edan evitar que el trabajo invada la vida.<\/span><\/p>\n<p><span style=\"font-weight: 400;\">Sin embargo, la esperanza de que la Generaci\u00f3n Z pueda catalizar el cambio persiste. Es m\u00e1s probable que la aguja se mueva, ya que <\/span><b>los millennials con valores similares a los de la Generaci\u00f3n Z asumen cada vez m\u00e1s roles de liderazgo<\/b><span style=\"font-weight: 400;\"> y <\/span><b>las empresas presionadas para atraer y retener talento se ven obligadas a ceder ante algunas demandas<\/b><span style=\"font-weight: 400;\"> de los trabajadores, pero se advierte que <\/span><b>probablemente tomar\u00e1 alg\u00fan tiempo antes de que todos los trabajadores se beneficien.<\/b><\/p>\n<p>[\/et_pb_text][et_pb_text _builder_version=\u00bb3.29.3&#8243; text_font_size=\u00bb13px\u00bb text_line_height=\u00bb0.6em\u00bb custom_margin=\u00bb-15px||||false|false\u00bb custom_padding=\u00bb34px|||||\u00bb text_font_size_phone=\u00bb11px\u00bb text_font_size_last_edited=\u00bbon|phone\u00bb _i=\u00bb1&#8243; _address=\u00bb4.0.0.1&#8243;]<\/p>\n<p style=\"text-align: center;\"><img loading=\"lazy\" decoding=\"async\" class=\"wp-image-608 alignnone size-full\" src=\"https:\/\/conectamutual.cl\/bienestar\/wp-content\/uploads\/2019\/10\/Imagen-equipo.png\" alt=\"\" width=\"91\" height=\"88\" \/><\/p>\n<p style=\"text-align: center;\"><strong>Por Equipo Espacio Mutuo<\/strong><\/p>\n<p style=\"text-align: center;\"><em>Mutual de Seguridad<\/em><\/p>\n<p>[\/et_pb_text][\/et_pb_column][\/et_pb_row][et_pb_row _builder_version=\u00bb3.29.3&#8243; background_color=\u00bbrgba(0,0,0,0)\u00bb collapsed=\u00bboff\u00bb _i=\u00bb1&#8243; _address=\u00bb4.1&#8243;][et_pb_column type=\u00bb4_4&#8243; _builder_version=\u00bb3.29.3&#8243; transform_scale_linked=\u00bboff\u00bb transform_translate=\u00bb-4px|10px\u00bb transform_translate_linked=\u00bboff\u00bb custom_padding=\u00bb5px|0px|5px|0px|false|true\u00bb animation_style=\u00bbzoom\u00bb animation_duration=\u00bb500ms\u00bb border_radii=\u00bboff||||\u00bb border_color_all=\u00bb#cde002&#8243; border_width_top=\u00bb1px\u00bb border_color_top=\u00bb#e09900&#8243; border_style_top=\u00bbdotted\u00bb border_width_bottom=\u00bb1px\u00bb border_color_bottom=\u00bb#e09900&#8243; border_style_bottom=\u00bbdotted\u00bb _i=\u00bb0&#8243; _address=\u00bb4.1.0&#8243;][et_pb_code admin_label=\u00bbRating Art\u00edculo\u00bb _builder_version=\u00bb3.29.3&#8243; transform_scale=\u00bb110%|110%\u00bb transform_translate=\u00bb424px|5px\u00bb transform_translate_linked=\u00bboff\u00bb hover_enabled=\u00bb0&#8243; saved_tabs=\u00bball\u00bb _i=\u00bb0&#8243; _address=\u00bb4.1.0.0&#8243;]<a class=\"typeform-share button\" style=\"display: inline-block; text-decoration: none; background-color: #cde002; color: white; cursor: pointer; font-family: Helvetica,Arial,sans-serif; font-size: 20px; line-height: 50px; text-align: center; margin: 0; height: 50px; padding: 0px 33px; border-radius: 12px; max-width: 100%; white-space: nowrap; overflow: hidden; text-overflow: ellipsis; font-weight: bold; -webkit-font-smoothing: antialiased; -moz-osx-font-smoothing: grayscale;\" href=\"https:\/\/singularmktg.typeform.com\/to\/COMq1XCs#art=656\" target=\"_blank\" rel=\"noopener noreferrer\" data-mode=\"drawer_right\" data-hide-headers=\"true\" data-hide-footer=\"true\" data-submit-close-delay=\"2\">Eval\u00faa este art\u00edculo <\/a> <script> (function() { var qs,js,q,s,d=document, gi=d.getElementById, ce=d.createElement, gt=d.getElementsByTagName, id=\"typef_orm_share\", b=\"https:\/\/embed.typeform.com\/\"; if(!gi.call(d,id)){ js=ce.call(d,\"script\"); js.id=id; js.src=b+\"embed.js\"; q=gt.call(d,\"script\")[0]; q.parentNode.insertBefore(js,q) } })() <\/script>[\/et_pb_code][\/et_pb_column][\/et_pb_row][et_pb_row _builder_version=\u00bb3.29.3&#8243; custom_padding=\u00bb63px|||||\u00bb _i=\u00bb2&#8243; _address=\u00bb4.2&#8243;][et_pb_column type=\u00bb4_4&#8243; _builder_version=\u00bb3.29.3&#8243; custom_padding_phone=\u00bb40px||||false|false\u00bb custom_padding_last_edited=\u00bbon|phone\u00bb _i=\u00bb0&#8243; _address=\u00bb4.2.0&#8243;][et_pb_posts_carousel_agsdcm category_id=\u00bb26&#8243; max_title_characters=\u00bb150&#8243; heading_style=\u00bbcustom\u00bb heading_primary=\u00bb\u00daltimos Art\u00edculos\u00bb heading_sub=\u00bbEmpresas que Cambian\u00bb posts_filter_any=\u00bbon\u00bb _builder_version=\u00bb3.29.3&#8243; header_font=\u00bbMontserrat||||||||\u00bb header_text_color=\u00bb#757575&#8243; header_font_size=\u00bb19px\u00bb subheader_text_color=\u00bb#828282&#8243; title_font=\u00bbMontserrat|700|||||||\u00bb title_text_color=\u00bb#acc601&#8243; border_color_all=\u00bb#cde002&#8243; _i=\u00bb0&#8243; _address=\u00bb4.2.0.0&#8243;][\/et_pb_posts_carousel_agsdcm][\/et_pb_column][\/et_pb_row][\/et_pb_section]<\/p>\n","protected":false},"excerpt":{"rendered":"<p>Clarissa Holleman siempre hab\u00eda sentido que ense\u00f1ar era su vocaci\u00f3n. Pero poco m\u00e1s de un a\u00f1o despu\u00e9s de su primer trabajo cuidando a ni\u00f1os con necesidades especiales, la joven de 24 a\u00f1os de Georgia, Estados Unidos, estaba agotada. Seg\u00fan ella misma, no ten\u00eda vida propia fuera de su trabajo y le costaba ver un futuro [&hellip;]<\/p>\n","protected":false},"author":2,"featured_media":8409,"comment_status":"closed","ping_status":"closed","sticky":false,"template":"","format":"standard","meta":{"_et_pb_use_builder":"on","_et_pb_old_content":"","_et_gb_content_width":"","footnotes":""},"categories":[26],"tags":[319,195,354,355,356,186,89],"class_list":["post-8406","post","type-post","status-publish","format-standard","has-post-thumbnail","hentry","category-empresas-que-cambian","tag-cultura-de-empresas","tag-fuerza-laboral","tag-generacion-z","tag-jovenes","tag-millenials","tag-trabajadores","tag-vida-laboral","et-has-post-format-content","et_post_format-et-post-format-standard"],"_links":{"self":[{"href":"https:\/\/conectamutual.cl\/bienestar\/wp-json\/wp\/v2\/posts\/8406","targetHints":{"allow":["GET"]}}],"collection":[{"href":"https:\/\/conectamutual.cl\/bienestar\/wp-json\/wp\/v2\/posts"}],"about":[{"href":"https:\/\/conectamutual.cl\/bienestar\/wp-json\/wp\/v2\/types\/post"}],"author":[{"embeddable":true,"href":"https:\/\/conectamutual.cl\/bienestar\/wp-json\/wp\/v2\/users\/2"}],"replies":[{"embeddable":true,"href":"https:\/\/conectamutual.cl\/bienestar\/wp-json\/wp\/v2\/comments?post=8406"}],"version-history":[{"count":3,"href":"https:\/\/conectamutual.cl\/bienestar\/wp-json\/wp\/v2\/posts\/8406\/revisions"}],"predecessor-version":[{"id":8412,"href":"https:\/\/conectamutual.cl\/bienestar\/wp-json\/wp\/v2\/posts\/8406\/revisions\/8412"}],"wp:featuredmedia":[{"embeddable":true,"href":"https:\/\/conectamutual.cl\/bienestar\/wp-json\/wp\/v2\/media\/8409"}],"wp:attachment":[{"href":"https:\/\/conectamutual.cl\/bienestar\/wp-json\/wp\/v2\/media?parent=8406"}],"wp:term":[{"taxonomy":"category","embeddable":true,"href":"https:\/\/conectamutual.cl\/bienestar\/wp-json\/wp\/v2\/categories?post=8406"},{"taxonomy":"post_tag","embeddable":true,"href":"https:\/\/conectamutual.cl\/bienestar\/wp-json\/wp\/v2\/tags?post=8406"}],"curies":[{"name":"wp","href":"https:\/\/api.w.org\/{rel}","templated":true}]}}