{"id":8455,"date":"2022-07-11T11:25:44","date_gmt":"2022-07-11T15:25:44","guid":{"rendered":"https:\/\/conectamutual.cl\/bienestar\/?p=8455"},"modified":"2022-07-11T11:27:17","modified_gmt":"2022-07-11T15:27:17","slug":"por-que-cambiar-de-opinion-es-una-caracteristica-de-la-evolucion-no-un-error","status":"publish","type":"post","link":"https:\/\/conectamutual.cl\/bienestar\/espacios-de-reflexion\/por-que-cambiar-de-opinion-es-una-caracteristica-de-la-evolucion-no-un-error\/","title":{"rendered":"Por qu\u00e9 cambiar de opini\u00f3n es una caracter\u00edstica de la evoluci\u00f3n, no un error"},"content":{"rendered":"<p>[et_pb_section fb_built=\u00bb1&#8243; _builder_version=\u00bb3.29.3&#8243; custom_margin=\u00bb||-50px||false|false\u00bb custom_margin_phone=\u00bb||0px||false|false\u00bb custom_margin_last_edited=\u00bbon|phone\u00bb custom_padding=\u00bb11px||0px||false|false\u00bb fb_built=\u00bb1&#8243; _i=\u00bb0&#8243; _address=\u00bb0&#8243;][et_pb_row column_structure=\u00bb1_3,1_3,1_3&#8243; disabled_on=\u00bbon|on|off\u00bb _builder_version=\u00bb3.29.3&#8243; min_height=\u00bb269px\u00bb custom_margin=\u00bb-15px|auto|-190px|auto|false|false\u00bb custom_margin_last_edited=\u00bbon|phone\u00bb custom_padding=\u00bb||0px||false|false\u00bb _i=\u00bb0&#8243; _address=\u00bb0.0&#8243;][et_pb_column type=\u00bb1_3&#8243; _builder_version=\u00bb3.29.3&#8243; _i=\u00bb0&#8243; _address=\u00bb0.0.0&#8243;][\/et_pb_column][et_pb_column type=\u00bb1_3&#8243; _builder_version=\u00bb3.29.3&#8243; _i=\u00bb1&#8243; _address=\u00bb0.0.1&#8243;][et_pb_image src=\u00bbhttps:\/\/conectamutual.cl\/bienestar\/wp-content\/uploads\/2019\/10\/Logo-Espacio-Mutuo-02.png\u00bb align=\u00bbcenter\u00bb _builder_version=\u00bb3.29.3&#8243; width=\u00bb83%\u00bb width_phone=\u00bb22%\u00bb width_last_edited=\u00bbon|phone\u00bb custom_margin=\u00bb15px||||false|false\u00bb _i=\u00bb0&#8243; _address=\u00bb0.0.1.0&#8243;][\/et_pb_image][\/et_pb_column][et_pb_column type=\u00bb1_3&#8243; _builder_version=\u00bb3.29.3&#8243; _i=\u00bb2&#8243; _address=\u00bb0.0.2&#8243;][et_pb_image src=\u00bbhttps:\/\/conectamutual.cl\/bienestar\/wp-content\/uploads\/2021\/01\/Captura-de-Pantalla-2021-01-16-a-las-10.07.37.png\u00bb align=\u00bbright\u00bb _builder_version=\u00bb3.29.3&#8243; width=\u00bb72%\u00bb width_phone=\u00bb41%\u00bb width_last_edited=\u00bbon|phone\u00bb custom_margin=\u00bb45px||45px||true|false\u00bb custom_margin_phone=\u00bb10px||60px||false|false\u00bb custom_margin_last_edited=\u00bbon|phone\u00bb _i=\u00bb0&#8243; _address=\u00bb0.0.2.0&#8243;][\/et_pb_image][\/et_pb_column][\/et_pb_row][et_pb_row column_structure=\u00bb1_3,1_3,1_3&#8243; disabled_on=\u00bboff|off|on\u00bb _builder_version=\u00bb3.29.3&#8243; min_height=\u00bb269px\u00bb custom_margin=\u00bb-15px|auto|-20px|auto|false|false\u00bb custom_margin_last_edited=\u00bbon|phone\u00bb custom_padding=\u00bb||||false|false\u00bb _i=\u00bb1&#8243; _address=\u00bb0.1&#8243;][et_pb_column type=\u00bb1_3&#8243; _builder_version=\u00bb3.29.3&#8243; _i=\u00bb0&#8243; _address=\u00bb0.1.0&#8243;][\/et_pb_column][et_pb_column type=\u00bb1_3&#8243; _builder_version=\u00bb3.29.3&#8243; _i=\u00bb1&#8243; _address=\u00bb0.1.1&#8243;][et_pb_image src=\u00bbhttps:\/\/conectamutual.cl\/bienestar\/wp-content\/uploads\/2019\/10\/Logo-Espacio-Mutuo-01.png\u00bb align=\u00bbcenter\u00bb force_fullwidth=\u00bbon\u00bb _builder_version=\u00bb3.29.3&#8243; min_height=\u00bb170px\u00bb min_height_phone=\u00bb187px\u00bb min_height_last_edited=\u00bbon|phone\u00bb height=\u00bb100px\u00bb max_height=\u00bb1000px\u00bb custom_margin=\u00bb-14px||8px|||\u00bb _i=\u00bb0&#8243; _address=\u00bb0.1.1.0&#8243;][\/et_pb_image][\/et_pb_column][et_pb_column type=\u00bb1_3&#8243; _builder_version=\u00bb3.29.3&#8243; _i=\u00bb2&#8243; _address=\u00bb0.1.2&#8243;][et_pb_image src=\u00bbhttps:\/\/conectamutual.cl\/bienestar\/wp-content\/uploads\/2021\/01\/Captura-de-Pantalla-2021-01-16-a-las-10.07.37.png\u00bb align=\u00bbcenter\u00bb _builder_version=\u00bb3.29.3&#8243; width=\u00bb94%\u00bb width_phone=\u00bb65%\u00bb width_last_edited=\u00bbon|phone\u00bb module_alignment=\u00bbcenter\u00bb custom_margin=\u00bb45px||45px||true|false\u00bb custom_margin_phone=\u00bb10px||60px||false|false\u00bb custom_margin_last_edited=\u00bbon|phone\u00bb _i=\u00bb0&#8243; _address=\u00bb0.1.2.0&#8243;][\/et_pb_image][\/et_pb_column][\/et_pb_row][\/et_pb_section][et_pb_section fb_built=\u00bb1&#8243; _builder_version=\u00bb3.29.3&#8243; custom_padding=\u00bb4px||0px|||\u00bb fb_built=\u00bb1&#8243; _i=\u00bb1&#8243; _address=\u00bb1&#8243;][et_pb_row _builder_version=\u00bb3.29.3&#8243; min_height=\u00bb102px\u00bb custom_margin_phone=\u00bb20px||||false|false\u00bb custom_margin_last_edited=\u00bbon|phone\u00bb custom_padding=\u00bb34px||10px|||\u00bb _i=\u00bb0&#8243; _address=\u00bb1.0&#8243;][et_pb_column type=\u00bb4_4&#8243; _builder_version=\u00bb3.29.3&#8243; _i=\u00bb0&#8243; _address=\u00bb1.0.0&#8243;][et_pb_image src=\u00bbhttps:\/\/conectamutual.cl\/bienestar\/wp-content\/uploads\/2019\/12\/LOGOS-CATEGORIAS-01.png\u00bb align=\u00bbcenter\u00bb disabled_on=\u00bboff|off|off\u00bb _builder_version=\u00bb3.29.3&#8243; width=\u00bb50%\u00bb width_phone=\u00bb95%\u00bb width_last_edited=\u00bbon|phone\u00bb _i=\u00bb0&#8243; _address=\u00bb1.0.0.0&#8243;][\/et_pb_image][\/et_pb_column][\/et_pb_row][\/et_pb_section][et_pb_section fb_built=\u00bb1&#8243; _builder_version=\u00bb3.29.3&#8243; custom_padding=\u00bb15px||1px|||\u00bb fb_built=\u00bb1&#8243; _i=\u00bb2&#8243; _address=\u00bb2&#8243;][et_pb_row _builder_version=\u00bb3.29.3&#8243; custom_padding=\u00bb3px||36px|||\u00bb _i=\u00bb0&#8243; _address=\u00bb2.0&#8243;][et_pb_column type=\u00bb4_4&#8243; _builder_version=\u00bb3.29.3&#8243; _i=\u00bb0&#8243; _address=\u00bb2.0.0&#8243;][et_pb_post_title comments=\u00bboff\u00bb featured_image=\u00bboff\u00bb _builder_version=\u00bb3.29.3&#8243; title_font=\u00bbMontserrat|700|||||||\u00bb title_text_align=\u00bbcenter\u00bb title_text_color=\u00bb#c4d600&#8243; title_font_size=\u00bb54px\u00bb title_line_height=\u00bb1.1em\u00bb meta_font=\u00bbMontserrat||||||||\u00bb meta_text_align=\u00bbcenter\u00bb meta_font_size=\u00bb12px\u00bb title_font_size_phone=\u00bb30px\u00bb title_font_size_last_edited=\u00bbon|phone\u00bb meta_font_size_phone=\u00bb10px\u00bb meta_font_size_last_edited=\u00bbon|phone\u00bb _i=\u00bb0&#8243; _address=\u00bb2.0.0.0&#8243;][\/et_pb_post_title][\/et_pb_column][\/et_pb_row][\/et_pb_section][et_pb_section fb_built=\u00bb1&#8243; fullwidth=\u00bbon\u00bb _builder_version=\u00bb3.29.3&#8243; fb_built=\u00bb1&#8243; _i=\u00bb3&#8243; _address=\u00bb3&#8243;][et_pb_fullwidth_image src=\u00bbhttps:\/\/conectamutual.cl\/bienestar\/wp-content\/uploads\/2022\/07\/pexels-anete-lusina-5723268.jpg\u00bb _builder_version=\u00bb3.29.3&#8243; hover_enabled=\u00bb0&#8243; _i=\u00bb0&#8243; _address=\u00bb3.0&#8243;][\/et_pb_fullwidth_image][\/et_pb_section][et_pb_section fb_built=\u00bb1&#8243; _builder_version=\u00bb3.29.3&#8243; custom_padding=\u00bb11px||8px|||\u00bb fb_built=\u00bb1&#8243; _i=\u00bb4&#8243; _address=\u00bb4&#8243;][et_pb_row _builder_version=\u00bb3.29.3&#8243; custom_padding=\u00bb9px|||||\u00bb _i=\u00bb0&#8243; _address=\u00bb4.0&#8243;][et_pb_column type=\u00bb4_4&#8243; _builder_version=\u00bb3.29.3&#8243; custom_padding=\u00bb|110px||110px|false|false\u00bb custom_padding_phone=\u00bb|10px||10px|false|false\u00bb custom_padding_last_edited=\u00bbon|phone\u00bb _i=\u00bb0&#8243; _address=\u00bb4.0.0&#8243;][et_pb_text _builder_version=\u00bb3.29.3&#8243; text_font_size=\u00bb17px\u00bb text_line_height=\u00bb2.1em\u00bb ul_line_height=\u00bb2.2em\u00bb ol_line_height=\u00bb2.2em\u00bb header_2_text_color=\u00bb#c4d600&#8243; header_3_line_height=\u00bb1.6em\u00bb custom_margin_last_edited=\u00bbon|phone\u00bb custom_padding=\u00bb36px|0px||0px|false|false\u00bb hover_enabled=\u00bb0&#8243; text_font_size_phone=\u00bb16px\u00bb text_font_size_last_edited=\u00bbon|phone\u00bb text_line_height_phone=\u00bb1.9em\u00bb text_line_height_last_edited=\u00bbon|phone\u00bb header_2_font_size_phone=\u00bb23px\u00bb header_2_font_size_last_edited=\u00bbon|phone\u00bb _i=\u00bb0&#8243; _address=\u00bb4.0.0.0&#8243;]<\/p>\n<blockquote>\n<p><span style=\"font-weight: 400;\">La investigaci\u00f3n muestra que las personas son incre\u00edblemente buenas para desarmar las razones de otras personas. <\/span><b>Sin embargo, somos terribles para desarmar las nuestras de la misma manera.<\/b><\/p>\n<\/blockquote>\n<p><span style=\"font-weight: 400;\">En un estudio de 2014 que Mercier ayud\u00f3 a dise\u00f1ar, un equipo de cient\u00edficos cognitivos suizos dirigido por Emmanuel Trouche <\/span><b>enga\u00f1\u00f3 a las personas para que evaluaran sus propias justificaciones de manera m\u00e1s cuidadosa, haci\u00e9ndolas parecer como si vinieran de la mente de otra persona.<\/b><\/p>\n<p><span style=\"font-weight: 400;\">Para hacer esto, los sujetos leyeron una serie de preguntas, llegaron a una serie de conclusiones y luego escribieron argumentos defendiendo esas conclusiones. Tras escribir sus justificaciones, las personas estaban permitidas a cambiar de conclusi\u00f3n -si en alg\u00fan momento encontraron que su propio razonamiento estaba equivocado-, pero la gran mayor\u00eda de las personas no lo hicieron.\u00a0\u00a0<\/span><\/p>\n<p><b>Correcto o incorrecto, la mayor\u00eda de las personas se apegaron a sus conclusiones originales y presentaron razones que sintieron que las justificaban<\/b><span style=\"font-weight: 400;\">. En la siguiente etapa del experimento, los sujetos tuvieron la oportunidad de ver todas las preguntas por segunda vez junto con el razonamiento de los sujetos que no estaban de acuerdo. <\/span><b>Si parec\u00eda que los dem\u00e1s ten\u00edan argumentos m\u00e1s fuertes, podr\u00edan cambiar sus respuestas.<\/b><span style=\"font-weight: 400;\"> Lo que los experimentadores no revelaron fue que en realidad hab\u00edan escondido en esas respuestas algunos cambios.<\/span><\/p>\n<h2><b>LA PAJA EN EL OJO AJENO<\/b><\/h2>\n<p><span style=\"font-weight: 400;\">Para una de las preguntas, las supuestas justificaciones de otra persona eran en realidad las propias del sujeto. Tal como hab\u00eda predicho Mercier, cuando los sujetos pensaron que las justificaciones no eran suyas, <\/span><b>el 69% de las personas rechazaron sus propios malos argumentos y luego cambiaron a la respuesta correcta<\/b><span style=\"font-weight: 400;\">. <\/span><b>Cuando sus malos argumentos les fueron presentados como los de otras personas, las fallas de repente se hicieron evidentes<\/b><span style=\"font-weight: 400;\">.<\/span><\/p>\n<p><span style=\"font-weight: 400;\">\u201cLa gente ha estado pensando en razonar de manera incorrecta\u201d, dijo Mercier. \u201cHan estado pensando en ello como una herramienta para la cognici\u00f3n individual. Y si esa fuera la funci\u00f3n del razonamiento, ser\u00eda terrible. Ser\u00eda el mecanismo menos adaptado que jam\u00e1s haya mostrado su rostro. <\/span><b>Ser\u00eda hacer exactamente lo contrario de lo que te gustar\u00eda que hiciera\u201d.<\/b> <b>Cuando una persona razona sola, s\u00f3lo busca razones por las que tiene raz\u00f3n, \u201cy realmente no le importa si las razones son buenas o no.<\/b><span style=\"font-weight: 400;\"> Es muy superficial\u201d.<\/span><\/p>\n<p><b>Sin nadie que te diga que hay otros puntos de vista a considerar, nadie que agujeree tus teor\u00edas, revele la debilidad de tu razonamiento<\/b><span style=\"font-weight: 400;\">, produzca contraargumentos, revele un da\u00f1o potencial o amenace con una sanci\u00f3n por violar una norma, dar\u00e1s vueltas en una rueda de h\u00e1mster epist\u00e9mica. <\/span><b>En resumen, cuando discutes contigo mismo, ganas.<\/b><\/p>\n<h2><b>EL MODELO INTERACCIONISTA<\/b><\/h2>\n<p><a href=\"https:\/\/bigthink.com\/thinking\/how-minds-change-book\/\"><span style=\"font-weight: 400;\">Mercier y Sperber llaman a todo esto <\/span><b><i>\u00abel modelo interaccionista\u00bb,<\/i><\/b><\/a><b> que postula que la funci\u00f3n del razonamiento es argumentar su caso en un entorno grupal.<\/b><span style=\"font-weight: 400;\"> En este modelo, el razonamiento es un comportamiento innato que se vuelve m\u00e1s complejo a medida que maduramos, como gatear antes de caminar erguido.\u00a0<\/span><\/p>\n<p><span style=\"font-weight: 400;\">Somos animales sociales en primer lugar y razonadores individuales en segundo lugar, un sistema construido sobre otro sistema, biol\u00f3gicamente a trav\u00e9s de la evoluci\u00f3n, y <\/span><b>el razonamiento individual es un mecanismo psicol\u00f3gico que evolucion\u00f3 para facilitar la comunicaci\u00f3n entre pares en un entorno donde la desinformaci\u00f3n es inevitable<\/b><span style=\"font-weight: 400;\">. En un entorno as\u00ed, el sesgo de confirmaci\u00f3n resulta muy \u00fatil. De hecho, el sesgo en s\u00ed mismo se vuelve muy \u00fatil.<\/span><\/p>\n<p><span style=\"font-weight: 400;\">Como parte de un grupo que puede comunicarse, cada perspectiva tiene valor, incluso si es incorrecta \u2013as\u00ed que es mejor que produzcas argumentos que no vayan en contra de tu punto de vista. Y <\/span><b>dado que el esfuerzo es mejor ahorr\u00e1rselo para la evaluaci\u00f3n grupal, te vuelves libre para hacer juicios y decisiones r\u00e1pidas basadas en justificaciones suficientemente buenas<\/b><span style=\"font-weight: 400;\">. Si otros producen argumentos en contra, puedes refinar tu pensamiento y actualizar tus antecedentes.<\/span><\/p>\n<p><b>\u201cSi piensas en ello como algo que sirve para prop\u00f3sitos individuales, parece un mecanismo realmente defectuoso. Si piensas en ello como algo construido para la argumentaci\u00f3n, todo tiene sentido\u201d,<\/b><span style=\"font-weight: 400;\"> dijo Mercier. \u00abSe convierte en algo que se adapta muy bien a la tarea de una manera que encuentro bastante inspiradora y, en cierto modo, hermosa\u00bb.<\/span><\/p>\n<p><b>El razonamiento est\u00e1 sesgado a favor del razonador, y eso es importante, porque cada persona necesita aportar una perspectiva fuertemente sesgada al grupo<\/b><span style=\"font-weight: 400;\">. Y es perezoso, porque esperamos descargar el esfuerzo cognitivo en un proceso grupal. Todos pueden ser avaros cognitivos y guardar sus calor\u00edas para golpear a los osos, porque cuando llega el momento de estar en desacuerdo, el grupo ser\u00e1 m\u00e1s inteligente que cualquier persona gracias a la divisi\u00f3n del trabajo cognitivo.<\/span><\/p>\n<p><b>Es por eso que muchas de las mejores cosas que hemos producido provienen de la colaboraci\u00f3n, personas que trabajan juntas para resolver un problema o crear una obra de arte<\/b><span style=\"font-weight: 400;\">. Matem\u00e1ticas, l\u00f3gica, ciencia, arte: las personas que ven el camino correcto en cada momento pueden guiar a los dem\u00e1s y viceversa. <\/span><b>Con un objetivo compartido, en un ambiente de confianza, la discusi\u00f3n conduce finalmente a la verdad.\u00a0<\/b><\/p>\n<p><b>\u00abSi la gente no pudiera cambiar de opini\u00f3n, no tendr\u00eda sentido presentar argumentos\u00bb,<\/b><span style=\"font-weight: 400;\"> dijo Mercier, y agreg\u00f3 que si una enfermedad se extendiera por toda la humanidad y causara que todos nacieran sordos, entonces el lenguaje hablado pronto desaparecer\u00eda del cerebro humano, porque no habr\u00eda nadie para escucharlo, como los camarones de las profundidades del oc\u00e9ano que ya no tienen ojos porque no les ha llegado la luz durante miles de a\u00f1os.\u00a0<\/span><\/p>\n<p><b>Si las personas simplemente intercambiaran argumentos interminablemente sin que ning\u00fan lado ganara terreno, nadie admitiera que estaba equivocado o aceptara las proposiciones de los dem\u00e1s, entonces la argumentaci\u00f3n habr\u00eda sido arrojada hace mucho tiempo al basurero evolutivo.<\/b><\/p>\n<p>[\/et_pb_text][et_pb_text _builder_version=\u00bb3.29.3&#8243; text_font_size=\u00bb13px\u00bb text_line_height=\u00bb0.6em\u00bb custom_margin=\u00bb-15px||||false|false\u00bb custom_padding=\u00bb34px|||||\u00bb text_font_size_phone=\u00bb11px\u00bb text_font_size_last_edited=\u00bbon|phone\u00bb _i=\u00bb1&#8243; _address=\u00bb4.0.0.1&#8243;]<\/p>\n<p style=\"text-align: center;\"><img loading=\"lazy\" decoding=\"async\" class=\"wp-image-608 alignnone size-full\" src=\"https:\/\/conectamutual.cl\/bienestar\/wp-content\/uploads\/2019\/10\/Imagen-equipo.png\" alt=\"\" width=\"91\" height=\"88\" \/><\/p>\n<p style=\"text-align: center;\"><strong>Por Equipo Espacio Mutuo<\/strong><\/p>\n<p style=\"text-align: center;\"><em>Mutual de Seguridad<\/em><\/p>\n<p>[\/et_pb_text][\/et_pb_column][\/et_pb_row][et_pb_row _builder_version=\u00bb3.29.3&#8243; background_color=\u00bbrgba(0,0,0,0)\u00bb _i=\u00bb1&#8243; _address=\u00bb4.1&#8243;][et_pb_column type=\u00bb4_4&#8243; _builder_version=\u00bb3.29.3&#8243; transform_scale_linked=\u00bboff\u00bb transform_translate=\u00bb-4px|10px\u00bb transform_translate_linked=\u00bboff\u00bb custom_padding=\u00bb5px|0px|5px|0px|false|true\u00bb animation_style=\u00bbzoom\u00bb animation_duration=\u00bb500ms\u00bb border_radii=\u00bboff||||\u00bb border_color_all=\u00bb#cde002&#8243; border_width_top=\u00bb1px\u00bb border_color_top=\u00bb#e09900&#8243; border_style_top=\u00bbdotted\u00bb border_width_bottom=\u00bb1px\u00bb border_color_bottom=\u00bb#e09900&#8243; border_style_bottom=\u00bbdotted\u00bb _i=\u00bb0&#8243; _address=\u00bb4.1.0&#8243;][et_pb_code admin_label=\u00bbRating Art\u00edculo\u00bb _builder_version=\u00bb3.29.3&#8243; transform_scale=\u00bb110%|110%\u00bb transform_translate=\u00bb424px|5px\u00bb transform_translate_linked=\u00bboff\u00bb hover_enabled=\u00bb0&#8243; _i=\u00bb0&#8243; _address=\u00bb4.1.0.0&#8243;]<a class=\"typeform-share button\" href=\"https:\/\/singularmktg.typeform.com\/to\/COMq1XCs#art=662\" data-mode=\"drawer_right\" style=\"display:inline-block;text-decoration:none;background-color:#CDE002;color:white;cursor:pointer;font-family:Helvetica,Arial,sans-serif;font-size:20px;line-height:50px;text-align:center;margin:0;height:50px;padding:0px 33px;border-radius:12px;max-width:100%;white-space:nowrap;overflow:hidden;text-overflow:ellipsis;font-weight:bold;-webkit-font-smoothing:antialiased;-moz-osx-font-smoothing:grayscale;\" data-hide-headers=\"true\" data-hide-footer=\"true\" data-submit-close-delay=\"2\" target=\"_blank\" rel=\"noopener noreferrer\">Eval\u00faa este art\u00edculo <\/a> <script> (function() { var qs,js,q,s,d=document, gi=d.getElementById, ce=d.createElement, gt=d.getElementsByTagName, id=\"typef_orm_share\", b=\"https:\/\/embed.typeform.com\/\"; if(!gi.call(d,id)){ js=ce.call(d,\"script\"); js.id=id; js.src=b+\"embed.js\"; q=gt.call(d,\"script\")[0]; q.parentNode.insertBefore(js,q) } })() <\/script>[\/et_pb_code][\/et_pb_column][\/et_pb_row][et_pb_row _builder_version=\u00bb3.29.3&#8243; _i=\u00bb2&#8243; _address=\u00bb4.2&#8243;][et_pb_column type=\u00bb4_4&#8243; _builder_version=\u00bb3.29.3&#8243; custom_padding_phone=\u00bb40px||||false|false\u00bb custom_padding_last_edited=\u00bbon|phone\u00bb _i=\u00bb0&#8243; _address=\u00bb4.2.0&#8243;][et_pb_posts_carousel_agsdcm category_id=\u00bb27&#8243; max_title_characters=\u00bb150&#8243; heading_style=\u00bbcustom\u00bb heading_primary=\u00bb\u00daltimos Art\u00edculos\u00bb heading_sub=\u00bbEspacios de Reflexi\u00f3n\u00bb posts_filter_any=\u00bbon\u00bb _builder_version=\u00bb3.29.3&#8243; header_font=\u00bbMontserrat||||||||\u00bb header_text_color=\u00bb#757575&#8243; header_font_size=\u00bb19px\u00bb subheader_text_color=\u00bb#828282&#8243; title_font=\u00bbMontserrat|700|||||||\u00bb title_text_color=\u00bb#acc601&#8243; border_color_all=\u00bb#cde002&#8243; _i=\u00bb0&#8243; _address=\u00bb4.2.0.0&#8243;][\/et_pb_posts_carousel_agsdcm][\/et_pb_column][\/et_pb_row][\/et_pb_section]<\/p>\n","protected":false},"excerpt":{"rendered":"<p>La investigaci\u00f3n muestra que las personas son incre\u00edblemente buenas para desarmar las razones de otras personas. Sin embargo, somos terribles para desarmar las nuestras de la misma manera. En un estudio de 2014 que Mercier ayud\u00f3 a dise\u00f1ar, un equipo de cient\u00edficos cognitivos suizos dirigido por Emmanuel Trouche enga\u00f1\u00f3 a las personas para que evaluaran [&hellip;]<\/p>\n","protected":false},"author":2,"featured_media":8458,"comment_status":"closed","ping_status":"closed","sticky":false,"template":"","format":"standard","meta":{"_et_pb_use_builder":"on","_et_pb_old_content":"","_et_gb_content_width":"","footnotes":""},"categories":[27],"tags":[],"class_list":["post-8455","post","type-post","status-publish","format-standard","has-post-thumbnail","hentry","category-espacios-de-reflexion","et-has-post-format-content","et_post_format-et-post-format-standard"],"_links":{"self":[{"href":"https:\/\/conectamutual.cl\/bienestar\/wp-json\/wp\/v2\/posts\/8455","targetHints":{"allow":["GET"]}}],"collection":[{"href":"https:\/\/conectamutual.cl\/bienestar\/wp-json\/wp\/v2\/posts"}],"about":[{"href":"https:\/\/conectamutual.cl\/bienestar\/wp-json\/wp\/v2\/types\/post"}],"author":[{"embeddable":true,"href":"https:\/\/conectamutual.cl\/bienestar\/wp-json\/wp\/v2\/users\/2"}],"replies":[{"embeddable":true,"href":"https:\/\/conectamutual.cl\/bienestar\/wp-json\/wp\/v2\/comments?post=8455"}],"version-history":[{"count":3,"href":"https:\/\/conectamutual.cl\/bienestar\/wp-json\/wp\/v2\/posts\/8455\/revisions"}],"predecessor-version":[{"id":8461,"href":"https:\/\/conectamutual.cl\/bienestar\/wp-json\/wp\/v2\/posts\/8455\/revisions\/8461"}],"wp:featuredmedia":[{"embeddable":true,"href":"https:\/\/conectamutual.cl\/bienestar\/wp-json\/wp\/v2\/media\/8458"}],"wp:attachment":[{"href":"https:\/\/conectamutual.cl\/bienestar\/wp-json\/wp\/v2\/media?parent=8455"}],"wp:term":[{"taxonomy":"category","embeddable":true,"href":"https:\/\/conectamutual.cl\/bienestar\/wp-json\/wp\/v2\/categories?post=8455"},{"taxonomy":"post_tag","embeddable":true,"href":"https:\/\/conectamutual.cl\/bienestar\/wp-json\/wp\/v2\/tags?post=8455"}],"curies":[{"name":"wp","href":"https:\/\/api.w.org\/{rel}","templated":true}]}}