{"id":8708,"date":"2022-08-22T12:57:02","date_gmt":"2022-08-22T16:57:02","guid":{"rendered":"https:\/\/conectamutual.cl\/bienestar\/?p=8708"},"modified":"2022-08-22T13:00:10","modified_gmt":"2022-08-22T17:00:10","slug":"para-salir-de-tu-cabeza-primero-tienes-que-salir-de-tu-casa","status":"publish","type":"post","link":"https:\/\/conectamutual.cl\/bienestar\/vivir-mejor\/para-salir-de-tu-cabeza-primero-tienes-que-salir-de-tu-casa\/","title":{"rendered":"Para salir de tu cabeza, primero tienes que salir de tu casa"},"content":{"rendered":"<p>[et_pb_section fb_built=\u00bb1&#8243; _builder_version=\u00bb3.29.3&#8243; custom_margin=\u00bb||-50px||false|false\u00bb custom_margin_phone=\u00bb||0px||false|false\u00bb custom_margin_last_edited=\u00bbon|phone\u00bb custom_padding=\u00bb11px||0px||false|false\u00bb fb_built=\u00bb1&#8243; _i=\u00bb0&#8243; _address=\u00bb0&#8243;][et_pb_row column_structure=\u00bb1_3,1_3,1_3&#8243; disabled_on=\u00bbon|on|off\u00bb _builder_version=\u00bb3.29.3&#8243; min_height=\u00bb269px\u00bb custom_margin=\u00bb-15px|auto|-190px|auto|false|false\u00bb custom_margin_last_edited=\u00bbon|phone\u00bb custom_padding=\u00bb||0px||false|false\u00bb _i=\u00bb0&#8243; _address=\u00bb0.0&#8243;][et_pb_column type=\u00bb1_3&#8243; _builder_version=\u00bb3.29.3&#8243; _i=\u00bb0&#8243; _address=\u00bb0.0.0&#8243;][\/et_pb_column][et_pb_column type=\u00bb1_3&#8243; _builder_version=\u00bb3.29.3&#8243; _i=\u00bb1&#8243; _address=\u00bb0.0.1&#8243;][et_pb_image src=\u00bbhttps:\/\/conectamutual.cl\/bienestar\/wp-content\/uploads\/2019\/10\/Logo-Espacio-Mutuo-02.png\u00bb align=\u00bbcenter\u00bb _builder_version=\u00bb3.29.3&#8243; width=\u00bb83%\u00bb width_phone=\u00bb22%\u00bb width_last_edited=\u00bbon|phone\u00bb custom_margin=\u00bb15px||||false|false\u00bb _i=\u00bb0&#8243; _address=\u00bb0.0.1.0&#8243;][\/et_pb_image][\/et_pb_column][et_pb_column type=\u00bb1_3&#8243; _builder_version=\u00bb3.29.3&#8243; _i=\u00bb2&#8243; _address=\u00bb0.0.2&#8243;][et_pb_image src=\u00bbhttps:\/\/conectamutual.cl\/bienestar\/wp-content\/uploads\/2021\/01\/Captura-de-Pantalla-2021-01-16-a-las-10.07.37.png\u00bb align=\u00bbright\u00bb _builder_version=\u00bb3.29.3&#8243; width=\u00bb72%\u00bb width_phone=\u00bb41%\u00bb width_last_edited=\u00bbon|phone\u00bb custom_margin=\u00bb45px||45px||true|false\u00bb custom_margin_phone=\u00bb10px||60px||false|false\u00bb custom_margin_last_edited=\u00bbon|phone\u00bb _i=\u00bb0&#8243; _address=\u00bb0.0.2.0&#8243;][\/et_pb_image][\/et_pb_column][\/et_pb_row][et_pb_row column_structure=\u00bb1_3,1_3,1_3&#8243; disabled_on=\u00bboff|off|on\u00bb _builder_version=\u00bb3.29.3&#8243; min_height=\u00bb269px\u00bb custom_margin=\u00bb-15px|auto|-20px|auto|false|false\u00bb custom_margin_last_edited=\u00bbon|phone\u00bb custom_padding=\u00bb||||false|false\u00bb _i=\u00bb1&#8243; _address=\u00bb0.1&#8243;][et_pb_column type=\u00bb1_3&#8243; _builder_version=\u00bb3.29.3&#8243; _i=\u00bb0&#8243; _address=\u00bb0.1.0&#8243;][\/et_pb_column][et_pb_column type=\u00bb1_3&#8243; _builder_version=\u00bb3.29.3&#8243; _i=\u00bb1&#8243; _address=\u00bb0.1.1&#8243;][et_pb_image src=\u00bbhttps:\/\/conectamutual.cl\/bienestar\/wp-content\/uploads\/2019\/10\/Logo-Espacio-Mutuo-01.png\u00bb align=\u00bbcenter\u00bb force_fullwidth=\u00bbon\u00bb _builder_version=\u00bb3.29.3&#8243; min_height=\u00bb170px\u00bb min_height_phone=\u00bb187px\u00bb min_height_last_edited=\u00bbon|phone\u00bb height=\u00bb100px\u00bb max_height=\u00bb1000px\u00bb custom_margin=\u00bb-14px||8px|||\u00bb _i=\u00bb0&#8243; _address=\u00bb0.1.1.0&#8243;][\/et_pb_image][\/et_pb_column][et_pb_column type=\u00bb1_3&#8243; _builder_version=\u00bb3.29.3&#8243; _i=\u00bb2&#8243; _address=\u00bb0.1.2&#8243;][et_pb_image src=\u00bbhttps:\/\/conectamutual.cl\/bienestar\/wp-content\/uploads\/2021\/01\/Captura-de-Pantalla-2021-01-16-a-las-10.07.37.png\u00bb align=\u00bbcenter\u00bb _builder_version=\u00bb3.29.3&#8243; width=\u00bb94%\u00bb width_phone=\u00bb65%\u00bb width_last_edited=\u00bbon|phone\u00bb module_alignment=\u00bbcenter\u00bb custom_margin=\u00bb45px||45px||true|false\u00bb custom_margin_phone=\u00bb10px||60px||false|false\u00bb custom_margin_last_edited=\u00bbon|phone\u00bb _i=\u00bb0&#8243; _address=\u00bb0.1.2.0&#8243;][\/et_pb_image][\/et_pb_column][\/et_pb_row][\/et_pb_section][et_pb_section fb_built=\u00bb1&#8243; _builder_version=\u00bb3.29.3&#8243; custom_padding=\u00bb4px||0px|||\u00bb fb_built=\u00bb1&#8243; _i=\u00bb1&#8243; _address=\u00bb1&#8243;][et_pb_row _builder_version=\u00bb3.29.3&#8243; min_height=\u00bb102px\u00bb custom_margin_phone=\u00bb20px||||false|false\u00bb custom_margin_last_edited=\u00bbon|phone\u00bb custom_padding=\u00bb34px||10px|||\u00bb _i=\u00bb0&#8243; _address=\u00bb1.0&#8243;][et_pb_column type=\u00bb4_4&#8243; _builder_version=\u00bb3.29.3&#8243; _i=\u00bb0&#8243; _address=\u00bb1.0.0&#8243;][et_pb_image src=\u00bbhttps:\/\/conectamutual.cl\/bienestar\/wp-content\/uploads\/2019\/12\/LOGOS-CATEGORIAS-05.png\u00bb align=\u00bbcenter\u00bb disabled_on=\u00bboff|off|off\u00bb _builder_version=\u00bb3.29.3&#8243; width=\u00bb41%\u00bb width_phone=\u00bb95%\u00bb width_last_edited=\u00bbon|phone\u00bb _i=\u00bb0&#8243; _address=\u00bb1.0.0.0&#8243;][\/et_pb_image][\/et_pb_column][\/et_pb_row][\/et_pb_section][et_pb_section fb_built=\u00bb1&#8243; _builder_version=\u00bb3.29.3&#8243; custom_padding=\u00bb15px||1px|||\u00bb fb_built=\u00bb1&#8243; _i=\u00bb2&#8243; _address=\u00bb2&#8243;][et_pb_row _builder_version=\u00bb3.29.3&#8243; custom_padding=\u00bb3px||36px|||\u00bb _i=\u00bb0&#8243; _address=\u00bb2.0&#8243;][et_pb_column type=\u00bb4_4&#8243; _builder_version=\u00bb3.29.3&#8243; _i=\u00bb0&#8243; _address=\u00bb2.0.0&#8243;][et_pb_post_title comments=\u00bboff\u00bb featured_image=\u00bboff\u00bb _builder_version=\u00bb3.29.3&#8243; title_font=\u00bbMontserrat|700|||||||\u00bb title_text_align=\u00bbcenter\u00bb title_text_color=\u00bb#c4d600&#8243; title_font_size=\u00bb54px\u00bb title_line_height=\u00bb1.1em\u00bb meta_font=\u00bbMontserrat||||||||\u00bb meta_text_align=\u00bbcenter\u00bb meta_font_size=\u00bb12px\u00bb title_font_size_phone=\u00bb30px\u00bb title_font_size_last_edited=\u00bbon|phone\u00bb meta_font_size_phone=\u00bb10px\u00bb meta_font_size_last_edited=\u00bbon|phone\u00bb _i=\u00bb0&#8243; _address=\u00bb2.0.0.0&#8243;][\/et_pb_post_title][\/et_pb_column][\/et_pb_row][\/et_pb_section][et_pb_section fb_built=\u00bb1&#8243; fullwidth=\u00bbon\u00bb _builder_version=\u00bb3.29.3&#8243; fb_built=\u00bb1&#8243; _i=\u00bb3&#8243; _address=\u00bb3&#8243;][et_pb_fullwidth_image src=\u00bbhttps:\/\/conectamutual.cl\/bienestar\/wp-content\/uploads\/2022\/08\/pexels-pixabay-48137-copia.jpg\u00bb _builder_version=\u00bb3.29.3&#8243; custom_padding=\u00bb0px|||||\u00bb hover_enabled=\u00bb0&#8243; _i=\u00bb0&#8243; _address=\u00bb3.0&#8243;][\/et_pb_fullwidth_image][\/et_pb_section][et_pb_section fb_built=\u00bb1&#8243; _builder_version=\u00bb3.29.3&#8243; custom_padding=\u00bb||8px|||\u00bb fb_built=\u00bb1&#8243; _i=\u00bb4&#8243; _address=\u00bb4&#8243;][et_pb_row _builder_version=\u00bb3.29.3&#8243; custom_padding=\u00bb9px|||||\u00bb _i=\u00bb0&#8243; _address=\u00bb4.0&#8243;][et_pb_column type=\u00bb4_4&#8243; _builder_version=\u00bb3.29.3&#8243; custom_padding=\u00bb|110px||110px|false|false\u00bb custom_padding_phone=\u00bb|10px||10px|false|false\u00bb custom_padding_last_edited=\u00bbon|phone\u00bb _i=\u00bb0&#8243; _address=\u00bb4.0.0&#8243;][et_pb_text _builder_version=\u00bb3.29.3&#8243; text_font_size=\u00bb17px\u00bb text_line_height=\u00bb2.1em\u00bb ul_line_height=\u00bb2.3em\u00bb ol_line_height=\u00bb2.5em\u00bb header_2_text_color=\u00bb#c4d600&#8243; header_6_text_color=\u00bbrgba(0,0,0,0.71)\u00bb custom_margin_last_edited=\u00bbon|phone\u00bb custom_padding=\u00bb|0px||0px|false|false\u00bb hover_enabled=\u00bb0&#8243; text_font_size_phone=\u00bb16px\u00bb text_font_size_last_edited=\u00bbon|phone\u00bb text_line_height_phone=\u00bb1.9em\u00bb text_line_height_last_edited=\u00bbon|phone\u00bb header_2_font_size_phone=\u00bb23px\u00bb header_2_font_size_last_edited=\u00bbon|phone\u00bb _i=\u00bb0&#8243; _address=\u00bb4.0.0.0&#8243;]<\/p>\n<blockquote>\n<p><span style=\"font-weight: 400;\">Hace 160 a\u00f1os, a trav\u00e9s de la revista <\/span><i><span style=\"font-weight: 400;\">The Atlantic<\/span><\/i><span style=\"font-weight: 400;\">, <\/span><b>Henry David Thoreau lamentaba que la humanidad estuviera perdiendo contacto con la naturaleza<\/b><span style=\"font-weight: 400;\">. <\/span><i><span style=\"font-weight: 400;\">\u201cAqu\u00ed est\u00e1 esta vasta, salvaje y flotante madre nuestra, la Naturaleza, yaciendo por todas partes, con tanta belleza y tanto afecto por sus hijos como el leopardo\u201d,<\/span><\/i><span style=\"font-weight: 400;\"> escribi\u00f3, <\/span><i><span style=\"font-weight: 400;\">\u201cy, sin embargo, <\/span><\/i><b><i>somos destetados tan temprano de su pecho para la sociedad, <\/i><\/b><i><span style=\"font-weight: 400;\">para esa cultura que es exclusivamente una interacci\u00f3n del hombre con el hombre\u201d.<\/span><\/i><\/p>\n<\/blockquote>\n<p><b>Sin duda, hoy la situaci\u00f3n es decididamente peor<\/b><span style=\"font-weight: 400;\">. Despu\u00e9s de todo, el porcentaje de personas que trabajan al aire libre cay\u00f3 del 90% a principios del siglo XIX a menos del 20% a fines del siglo XX. Mostramos el mismo patr\u00f3n en nuestra b\u00fasqueda del ocio: seg\u00fan la <\/span><i><span style=\"font-weight: 400;\">Outdoor Foundation<\/span><\/i><span style=\"font-weight: 400;\">, <\/span><b>se realizaron mil millones menos de salidas a la naturaleza en 2018 en comparaci\u00f3n con el 2008.<\/b><span style=\"font-weight: 400;\"> Hoy en d\u00eda, <\/span><b>el 85 % de los adultos dicen que pasaron m\u00e1s tiempo al aire libre cuando ellos eran ni\u00f1os que el tiempo que pasan los ni\u00f1os de hoy.<\/b><\/p>\n<p><span style=\"font-weight: 400;\">Quiz\u00e1s intuyas que \u00e9stas son malas noticias para la felicidad y la salud en general. <\/span><b>Pero es posible que no hayas relacionado la falta de contacto con la naturaleza con el estr\u00e9s y la ansiedad en tu propia vida<\/b><span style=\"font-weight: 400;\">. Si te alejas de la naturaleza, es casi seguro que <\/span><a href=\"https:\/\/www.theatlantic.com\/family\/archive\/2022\/08\/how-being-in-nature-improves-health-happiness\/671040\/\"><span style=\"font-weight: 400;\">est\u00e1s disminuyendo tu bienestar y aumentando tu infelicidad.<\/span><\/a><span style=\"font-weight: 400;\">\u00a0<\/span><\/p>\n<p><span style=\"font-weight: 400;\">La cercan\u00eda de la primavera es una oportunidad perfecta para cambiar las cosas y comenzar de nuevo al aire libre.<\/span><\/p>\n<h2><b>LO URBANO VERSUS LO NATURAL<\/b><\/h2>\n<p><span style=\"font-weight: 400;\">La tendencia a alejarse de la naturaleza en los \u00faltimos siglos, y especialmente en las \u00faltimas d\u00e9cadas, tiene explicaciones sencillas.\u00a0<\/span><\/p>\n<p><span style=\"font-weight: 400;\">Para empezar, la poblaci\u00f3n mundial se ha urbanizado, por lo que la naturaleza est\u00e1 menos al alcance de la mano. En segundo lugar, sin importar d\u00f3nde vivamos, <\/span><b>la tecnolog\u00eda est\u00e1 desplazando el aire libre en nuestra atenci\u00f3n: <\/b><a href=\"https:\/\/ehp.niehs.nih.gov\/doi\/pdf\/10.1289\/EHP1663\"><span style=\"font-weight: 400;\">un estudio de 2017<\/span><\/a><span style=\"font-weight: 400;\"> en la revista <\/span><i><span style=\"font-weight: 400;\">Environmental Health Perspectives<\/span><\/i><span style=\"font-weight: 400;\"> se\u00f1al\u00f3 que el tiempo de pantalla est\u00e1 aumentando r\u00e1pidamente para todos los grupos de edad (los adultos promediaron 10 horas y 39 minutos por d\u00eda en 2016), mientras que la caza, la pesca, acampar y los juegos al aire libre de los ni\u00f1os han disminuido sustancialmente.<\/span><\/p>\n<p><span style=\"font-weight: 400;\">Tal vez todo esto te suene inquietantemente familiar. Tal vez eres una persona urbana con un trabajo interior, atado a tus dispositivos tecnol\u00f3gicos d\u00eda y noche\u2026 y, adem\u00e1s de caminar desde tu casa hasta el autom\u00f3vil o el metro, <\/span><b>no has pasado mucho tiempo en la naturaleza en meses o incluso a\u00f1os.\u00a0<\/b><\/p>\n<p><span style=\"font-weight: 400;\">Si es as\u00ed, <\/span><b>probablemente est\u00e9s sufriendo alg\u00fan malestar notorio, como estr\u00e9s, ansiedad o incluso depresi\u00f3n<\/b><span style=\"font-weight: 400;\">. En un <\/span><a href=\"https:\/\/www.ltl.org.uk\/wp-content\/uploads\/2019\/02\/the-benefits-of-nature-experience.pdf\"><span style=\"font-weight: 400;\">estudio de 2015<\/span><\/a><span style=\"font-weight: 400;\">, los investigadores asignaron a personas la tarea de caminar en la naturaleza o en un entorno urbano durante 50 minutos. <\/span><b>Los caminantes de la naturaleza ten\u00edan menos ansiedad, mejor estado de \u00e1nimo y mejor memoria de trabajo<\/b><span style=\"font-weight: 400;\">. Tambi\u00e9n eran mucho menos propensos a estar de acuerdo con afirmaciones como <\/span><i><span style=\"font-weight: 400;\">\u00abA menudo reflexiono sobre episodios de mi vida que ya no deber\u00edan preocuparme\u00bb.<\/span><\/i><\/p>\n<p><b>La exposici\u00f3n a la naturaleza puede incluso hacer que te preocupes menos por las opiniones de los dem\u00e1s<\/b><span style=\"font-weight: 400;\">. En 2008, los investigadores descubrieron que las personas que caminaban en una ciudad durante 15 minutos ten\u00edan un 39% m\u00e1s de probabilidades de estar de acuerdo con la afirmaci\u00f3n: <\/span><i><span style=\"font-weight: 400;\">\u00abEn este momento, me preocupa c\u00f3mo me presento hacia los dem\u00e1s\u00bb<\/span><\/i><span style=\"font-weight: 400;\"> que las personas que pasan la misma cantidad de tiempo caminando en la naturaleza.<\/span><\/p>\n<h2><b>C\u00d3MO VOLVER A CONECTAR CON LA NATURALEZA<\/b><\/h2>\n<p><span style=\"font-weight: 400;\">Si la naturaleza est\u00e1 ausente de tu vida, es probable que seas m\u00e1s infeliz, m\u00e1s neur\u00f3tico y <\/span><b>menos productivo de lo necesario.<\/b><\/p>\n<p><span style=\"font-weight: 400;\">\u00a1En serio! Si te gustar\u00eda disfrutar de m\u00e1s tiempo al aire libre, pero crees que no puedes permit\u00edrtelo en el contexto de tu trabajo, lo m\u00e1s probable es que, en realidad, no puedas permitirte el lujo de no hacerlo: la falta de naturaleza puede disminuir la calidad de tu trabajo. En <\/span><a href=\"https:\/\/journals.plos.org\/plosone\/article?id=10.1371\/journal.pone.0051474&amp;__hstc=201303217.1bb630f9cde2cb5f07430159d50a3c91.1520640000085.1520640000086.1520640000087.1&amp;__hssc=201303217.1.1520640000088&amp;__hsfp=528229161\"><span style=\"font-weight: 400;\">un estudio de 2012 en la revista <\/span><i><span style=\"font-weight: 400;\">PLOS One<\/span><\/i><span style=\"font-weight: 400;\">,<\/span><\/a><span style=\"font-weight: 400;\"> los investigadores demostraron que <\/span><b>4 d\u00edas inmersos en la naturaleza sin tecnolog\u00eda aumentaron la creatividad y la capacidad de resoluci\u00f3n de problemas de las personas en aproximadamente un 50%.<\/b><\/p>\n<p><span style=\"font-weight: 400;\">Con d\u00edas m\u00e1s calurosos que poco a poco adelantan la primavera, es el momento perfecto para resolver este asunto lo antes posible e incorpores nuevos protocolos en tu vida. \u00bfPero cu\u00e1les?\u00a0<\/span><\/p>\n<p><b><\/b><\/p>\n<ul>\n<li aria-level=\"1\">\n<h3><b>Pasa la mayor cantidad de tiempo posible al aire libre.\u00a0<\/b><\/h3>\n<\/li>\n<\/ul>\n<p><span style=\"font-size: 17px; font-style: inherit; font-variant-ligatures: inherit; font-variant-caps: inherit;\">Primero, si te vas de vacaciones este a\u00f1o, pasa el mayor tiempo posible al aire libre. Camina lo que tus pies te permitan \u2013 duerme adentro, pero estate afuera por 16 horas al d\u00eda. Incluso dormir bajo las estrellas, sin el consiguiente <\/span><i style=\"font-size: 17px; font-variant-ligatures: inherit; font-variant-caps: inherit;\">trekking<\/i><span style=\"font-size: 17px; font-style: inherit; font-variant-ligatures: inherit; font-variant-caps: inherit;\">, podr\u00eda ayudar. \u201cTengo un amigo que perdi\u00f3 su trabajo en la crisis financiera de 2007-09 y no pudo pagar unas vacaciones tradicionales ese a\u00f1o\u201d, relata Arthur C. Brooks. \u201cEn cambio, acamp\u00f3 en su propio patio trasero durante 2 semanas. Tal vez esto te suene rid\u00edculo, pero habla de ello con profundo cari\u00f1o y todav\u00eda lo hace de vez en cuando\u201d.<\/span><\/p>\n<p><b><\/b><\/p>\n<ul>\n<li aria-level=\"1\">\n<h3><b>Usa la naturaleza para recalibrar tu cuerpo junto a tu mente.\u00a0<\/b><\/h3>\n<\/li>\n<\/ul>\n<p><span style=\"font-size: 17px; font-style: inherit; font-variant-ligatures: inherit; font-variant-caps: inherit;\">Los <\/span><a href=\"https:\/\/pubmed.ncbi.nlm.nih.gov\/23910656\/\" style=\"font-size: 17px; font-style: inherit; font-variant-ligatures: inherit; font-variant-caps: inherit;\">investigadores han descubierto<\/a><span style=\"font-size: 17px; font-style: inherit; font-variant-ligatures: inherit; font-variant-caps: inherit;\"> que la exposici\u00f3n a la luz natural (pero no a la luz artificial) sincroniza tu reloj circadiano interno con la salida y la puesta del sol. Deshazte de tus dispositivos e incluso de las luces artificiales durante unos d\u00edas, y dormir naturalmente ser\u00e1 m\u00e1s f\u00e1cil que nunca. De manera similar, algunos peque\u00f1os experimentos han encontrado que <\/span><b style=\"font-size: 17px; font-style: inherit; font-variant-ligatures: inherit; font-variant-caps: inherit;\">cuando las personas est\u00e1n en contacto f\u00edsico con la tierra de maneras tan simples como caminar descalzas al aire libre<\/b><span style=\"font-size: 17px; font-style: inherit; font-variant-ligatures: inherit; font-variant-caps: inherit;\"> -lo que se conoce como \u00abconexi\u00f3n a tierra\u00bb- <\/span><b style=\"font-size: 17px; font-style: inherit; font-variant-ligatures: inherit; font-variant-caps: inherit;\">su salud y estado de \u00e1nimo pueden mejorar<\/b><span style=\"font-size: 17px; font-style: inherit; font-variant-ligatures: inherit; font-variant-caps: inherit;\">. Si quieres sentirte mejor, qu\u00edtate los zapatos y pasa el d\u00eda al aire libre\u2026 podr\u00eda ayudar.<\/span><\/p>\n<p><b><\/b><\/p>\n<ul>\n<li aria-level=\"1\">\n<h3><b>Incorpora el contacto con el aire libre en tu horario diario tanto como puedas.\u00a0<\/b><\/h3>\n<\/li>\n<\/ul>\n<p><span style=\"font-size: 17px; font-style: inherit; font-variant-ligatures: inherit; font-variant-caps: inherit;\">Durante los cierres por la pandemia de 2020, muchas personas comenzaron a caminar despu\u00e9s del almuerzo y la cena, siguiendo <\/span><a href=\"https:\/\/conectamutual.cl\/bienestar\/vivir-mejor\/quieres-vivir-hasta-los-100-anos-conoce-el-secreto-de-las-zonas-azules\/\" style=\"font-size: 17px; font-style: inherit; font-variant-ligatures: inherit; font-variant-caps: inherit;\">un patr\u00f3n que se encuentra en las llamadas Zonas Azules<\/a><span style=\"font-size: 17px; font-style: inherit; font-variant-ligatures: inherit; font-variant-caps: inherit;\">, donde la gente tiende a vivir con buena salud hasta la vejez. No todo el mundo tiene un bosque cerca de su casa, pero no se trata de eso: como regla general, simplemente procura maximizar el verde donde caminas.<\/span><\/p>\n<p>[\/et_pb_text][et_pb_text _builder_version=\u00bb3.29.3&#8243; text_font_size=\u00bb13px\u00bb text_line_height=\u00bb0.6em\u00bb custom_margin=\u00bb-15px||||false|false\u00bb custom_padding=\u00bb34px|||||\u00bb text_font_size_phone=\u00bb11px\u00bb text_font_size_last_edited=\u00bbon|phone\u00bb _i=\u00bb1&#8243; _address=\u00bb4.0.0.1&#8243;]<\/p>\n<p style=\"text-align: center;\"><img loading=\"lazy\" decoding=\"async\" class=\"wp-image-608 alignnone size-full\" src=\"https:\/\/conectamutual.cl\/bienestar\/wp-content\/uploads\/2019\/10\/Imagen-equipo.png\" alt=\"\" width=\"91\" height=\"88\" \/><\/p>\n<p style=\"text-align: center;\"><strong>Por Equipo Espacio Mutuo<\/strong><\/p>\n<p style=\"text-align: center;\"><em>Mutual de Seguridad<\/em><\/p>\n<p>[\/et_pb_text][\/et_pb_column][\/et_pb_row][et_pb_row _builder_version=\u00bb3.29.3&#8243; background_color=\u00bbrgba(0,0,0,0)\u00bb _i=\u00bb1&#8243; _address=\u00bb4.1&#8243;][et_pb_column type=\u00bb4_4&#8243; _builder_version=\u00bb3.29.3&#8243; transform_scale_linked=\u00bboff\u00bb transform_translate=\u00bb-4px|10px\u00bb transform_translate_linked=\u00bboff\u00bb custom_padding=\u00bb5px|0px|5px|0px|false|true\u00bb animation_style=\u00bbzoom\u00bb animation_duration=\u00bb500ms\u00bb border_radii=\u00bboff||||\u00bb border_color_all=\u00bb#cde002&#8243; border_width_top=\u00bb1px\u00bb border_color_top=\u00bb#e09900&#8243; border_style_top=\u00bbdotted\u00bb border_width_bottom=\u00bb1px\u00bb border_color_bottom=\u00bb#e09900&#8243; border_style_bottom=\u00bbdotted\u00bb _i=\u00bb0&#8243; _address=\u00bb4.1.0&#8243;][et_pb_code admin_label=\u00bbRating Art\u00edculo\u00bb _builder_version=\u00bb3.29.3&#8243; transform_scale=\u00bb110%|110%\u00bb transform_translate=\u00bb424px|5px\u00bb transform_translate_linked=\u00bboff\u00bb _i=\u00bb0&#8243; _address=\u00bb4.1.0.0&#8243;]<a class=\"typeform-share button\" style=\"display: inline-block; text-decoration: none; background-color: #cde002; color: white; cursor: pointer; font-family: Helvetica,Arial,sans-serif; font-size: 20px; line-height: 50px; text-align: center; margin: 0; height: 50px; padding: 0px 33px; border-radius: 12px; max-width: 100%; white-space: nowrap; overflow: hidden; text-overflow: ellipsis; font-weight: bold; -webkit-font-smoothing: antialiased; -moz-osx-font-smoothing: grayscale;\" href=\"https:\/\/singularmktg.typeform.com\/to\/COMq1XCs#art=681\" target=\"_blank\" rel=\"noopener noreferrer\" data-mode=\"drawer_right\" data-hide-headers=\"true\" data-hide-footer=\"true\" data-submit-close-delay=\"2\">Eval\u00faa este art\u00edculo <\/a> <script> (function() { var qs,js,q,s,d=document, gi=d.getElementById, ce=d.createElement, gt=d.getElementsByTagName, id=\"typef_orm_share\", b=\"https:\/\/embed.typeform.com\/\"; if(!gi.call(d,id)){ js=ce.call(d,\"script\"); js.id=id; js.src=b+\"embed.js\"; q=gt.call(d,\"script\")[0]; q.parentNode.insertBefore(js,q) } })() <\/script>[\/et_pb_code][\/et_pb_column][\/et_pb_row][et_pb_row _builder_version=\u00bb3.29.3&#8243; _i=\u00bb2&#8243; _address=\u00bb4.2&#8243;][et_pb_column type=\u00bb4_4&#8243; _builder_version=\u00bb3.29.3&#8243; custom_padding_phone=\u00bb40px||||false|false\u00bb custom_padding_last_edited=\u00bbon|phone\u00bb _i=\u00bb0&#8243; _address=\u00bb4.2.0&#8243;][et_pb_posts_carousel_agsdcm category_id=\u00bb34&#8243; max_title_characters=\u00bb150&#8243; heading_style=\u00bbcustom\u00bb heading_primary=\u00bb\u00daltimos Art\u00edculos\u00bb heading_sub=\u00bbVivir Mejor\u00bb posts_filter_any=\u00bbon\u00bb _builder_version=\u00bb3.29.3&#8243; header_font=\u00bbMontserrat||||||||\u00bb header_text_color=\u00bb#757575&#8243; header_font_size=\u00bb19px\u00bb subheader_text_color=\u00bb#828282&#8243; title_font=\u00bbMontserrat|700|||||||\u00bb title_text_color=\u00bb#acc601&#8243; border_color_all=\u00bb#cde002&#8243; _i=\u00bb0&#8243; _address=\u00bb4.2.0.0&#8243;][\/et_pb_posts_carousel_agsdcm][\/et_pb_column][\/et_pb_row][\/et_pb_section]<\/p>\n","protected":false},"excerpt":{"rendered":"<p>Hace 160 a\u00f1os, a trav\u00e9s de la revista The Atlantic, Henry David Thoreau lamentaba que la humanidad estuviera perdiendo contacto con la naturaleza. \u201cAqu\u00ed est\u00e1 esta vasta, salvaje y flotante madre nuestra, la Naturaleza, yaciendo por todas partes, con tanta belleza y tanto afecto por sus hijos como el leopardo\u201d, escribi\u00f3, \u201cy, sin embargo, somos [&hellip;]<\/p>\n","protected":false},"author":2,"featured_media":8711,"comment_status":"closed","ping_status":"closed","sticky":false,"template":"","format":"standard","meta":{"_et_pb_use_builder":"on","_et_pb_old_content":"","_et_gb_content_width":"","footnotes":""},"categories":[34],"tags":[],"class_list":["post-8708","post","type-post","status-publish","format-standard","has-post-thumbnail","hentry","category-vivir-mejor","et-has-post-format-content","et_post_format-et-post-format-standard"],"_links":{"self":[{"href":"https:\/\/conectamutual.cl\/bienestar\/wp-json\/wp\/v2\/posts\/8708","targetHints":{"allow":["GET"]}}],"collection":[{"href":"https:\/\/conectamutual.cl\/bienestar\/wp-json\/wp\/v2\/posts"}],"about":[{"href":"https:\/\/conectamutual.cl\/bienestar\/wp-json\/wp\/v2\/types\/post"}],"author":[{"embeddable":true,"href":"https:\/\/conectamutual.cl\/bienestar\/wp-json\/wp\/v2\/users\/2"}],"replies":[{"embeddable":true,"href":"https:\/\/conectamutual.cl\/bienestar\/wp-json\/wp\/v2\/comments?post=8708"}],"version-history":[{"count":3,"href":"https:\/\/conectamutual.cl\/bienestar\/wp-json\/wp\/v2\/posts\/8708\/revisions"}],"predecessor-version":[{"id":8714,"href":"https:\/\/conectamutual.cl\/bienestar\/wp-json\/wp\/v2\/posts\/8708\/revisions\/8714"}],"wp:featuredmedia":[{"embeddable":true,"href":"https:\/\/conectamutual.cl\/bienestar\/wp-json\/wp\/v2\/media\/8711"}],"wp:attachment":[{"href":"https:\/\/conectamutual.cl\/bienestar\/wp-json\/wp\/v2\/media?parent=8708"}],"wp:term":[{"taxonomy":"category","embeddable":true,"href":"https:\/\/conectamutual.cl\/bienestar\/wp-json\/wp\/v2\/categories?post=8708"},{"taxonomy":"post_tag","embeddable":true,"href":"https:\/\/conectamutual.cl\/bienestar\/wp-json\/wp\/v2\/tags?post=8708"}],"curies":[{"name":"wp","href":"https:\/\/api.w.org\/{rel}","templated":true}]}}