{"id":8951,"date":"2022-10-10T19:25:58","date_gmt":"2022-10-10T22:25:58","guid":{"rendered":"https:\/\/conectamutual.cl\/bienestar\/?p=8951"},"modified":"2022-10-10T19:30:45","modified_gmt":"2022-10-10T22:30:45","slug":"como-mostrar-aprecio-de-una-forma-en-que-sea-apreciada","status":"publish","type":"post","link":"https:\/\/conectamutual.cl\/bienestar\/empresas-que-cambian\/como-mostrar-aprecio-de-una-forma-en-que-sea-apreciada\/","title":{"rendered":"C\u00f3mo mostrar aprecio\u2026 de una forma en que sea apreciada"},"content":{"rendered":"<p>[et_pb_section fb_built=\u00bb1&#8243; _builder_version=\u00bb3.29.3&#8243; custom_margin=\u00bb||-50px||false|false\u00bb custom_margin_phone=\u00bb||0px||false|false\u00bb custom_margin_last_edited=\u00bbon|phone\u00bb custom_padding=\u00bb11px||0px||false|false\u00bb fb_built=\u00bb1&#8243; _i=\u00bb0&#8243; _address=\u00bb0&#8243;][et_pb_row column_structure=\u00bb1_3,1_3,1_3&#8243; disabled_on=\u00bbon|on|off\u00bb _builder_version=\u00bb3.29.3&#8243; min_height=\u00bb269px\u00bb custom_margin=\u00bb-15px|auto|-190px|auto|false|false\u00bb custom_margin_last_edited=\u00bbon|phone\u00bb custom_padding=\u00bb||0px||false|false\u00bb _i=\u00bb0&#8243; _address=\u00bb0.0&#8243;][et_pb_column type=\u00bb1_3&#8243; _builder_version=\u00bb3.29.3&#8243; _i=\u00bb0&#8243; _address=\u00bb0.0.0&#8243;][\/et_pb_column][et_pb_column type=\u00bb1_3&#8243; _builder_version=\u00bb3.29.3&#8243; _i=\u00bb1&#8243; _address=\u00bb0.0.1&#8243;][et_pb_image src=\u00bbhttps:\/\/conectamutual.cl\/bienestar\/wp-content\/uploads\/2019\/10\/Logo-Espacio-Mutuo-02.png\u00bb align=\u00bbcenter\u00bb _builder_version=\u00bb3.29.3&#8243; width=\u00bb83%\u00bb width_phone=\u00bb22%\u00bb width_last_edited=\u00bbon|phone\u00bb custom_margin=\u00bb15px||||false|false\u00bb _i=\u00bb0&#8243; _address=\u00bb0.0.1.0&#8243;][\/et_pb_image][\/et_pb_column][et_pb_column type=\u00bb1_3&#8243; _builder_version=\u00bb3.29.3&#8243; _i=\u00bb2&#8243; _address=\u00bb0.0.2&#8243;][et_pb_image src=\u00bbhttps:\/\/conectamutual.cl\/bienestar\/wp-content\/uploads\/2021\/01\/Captura-de-Pantalla-2021-01-16-a-las-10.07.37.png\u00bb align=\u00bbright\u00bb _builder_version=\u00bb3.29.3&#8243; width=\u00bb72%\u00bb width_phone=\u00bb41%\u00bb width_last_edited=\u00bbon|phone\u00bb custom_margin=\u00bb45px||45px||true|false\u00bb custom_margin_phone=\u00bb10px||60px||false|false\u00bb custom_margin_last_edited=\u00bbon|phone\u00bb _i=\u00bb0&#8243; _address=\u00bb0.0.2.0&#8243;][\/et_pb_image][\/et_pb_column][\/et_pb_row][et_pb_row column_structure=\u00bb1_3,1_3,1_3&#8243; disabled_on=\u00bboff|off|on\u00bb _builder_version=\u00bb3.29.3&#8243; min_height=\u00bb269px\u00bb custom_margin=\u00bb-15px|auto|-20px|auto|false|false\u00bb custom_margin_last_edited=\u00bbon|phone\u00bb custom_padding=\u00bb||||false|false\u00bb _i=\u00bb1&#8243; _address=\u00bb0.1&#8243;][et_pb_column type=\u00bb1_3&#8243; _builder_version=\u00bb3.29.3&#8243; _i=\u00bb0&#8243; _address=\u00bb0.1.0&#8243;][\/et_pb_column][et_pb_column type=\u00bb1_3&#8243; _builder_version=\u00bb3.29.3&#8243; _i=\u00bb1&#8243; _address=\u00bb0.1.1&#8243;][et_pb_image src=\u00bbhttps:\/\/conectamutual.cl\/bienestar\/wp-content\/uploads\/2019\/10\/Logo-Espacio-Mutuo-01.png\u00bb align=\u00bbcenter\u00bb force_fullwidth=\u00bbon\u00bb _builder_version=\u00bb3.29.3&#8243; min_height=\u00bb170px\u00bb min_height_phone=\u00bb187px\u00bb min_height_last_edited=\u00bbon|phone\u00bb height=\u00bb100px\u00bb max_height=\u00bb1000px\u00bb custom_margin=\u00bb-14px||8px|||\u00bb _i=\u00bb0&#8243; _address=\u00bb0.1.1.0&#8243;][\/et_pb_image][\/et_pb_column][et_pb_column type=\u00bb1_3&#8243; _builder_version=\u00bb3.29.3&#8243; _i=\u00bb2&#8243; _address=\u00bb0.1.2&#8243;][et_pb_image src=\u00bbhttps:\/\/conectamutual.cl\/bienestar\/wp-content\/uploads\/2021\/01\/Captura-de-Pantalla-2021-01-16-a-las-10.07.37.png\u00bb align=\u00bbcenter\u00bb _builder_version=\u00bb3.29.3&#8243; width=\u00bb94%\u00bb width_phone=\u00bb65%\u00bb width_last_edited=\u00bbon|phone\u00bb module_alignment=\u00bbcenter\u00bb custom_margin=\u00bb45px||45px||true|false\u00bb custom_margin_phone=\u00bb10px||60px||false|false\u00bb custom_margin_last_edited=\u00bbon|phone\u00bb _i=\u00bb0&#8243; _address=\u00bb0.1.2.0&#8243;][\/et_pb_image][\/et_pb_column][\/et_pb_row][\/et_pb_section][et_pb_section fb_built=\u00bb1&#8243; _builder_version=\u00bb3.29.3&#8243; custom_padding=\u00bb4px||0px|||\u00bb fb_built=\u00bb1&#8243; _i=\u00bb1&#8243; _address=\u00bb1&#8243;][et_pb_row _builder_version=\u00bb3.29.3&#8243; min_height=\u00bb102px\u00bb custom_margin_phone=\u00bb20px||||false|false\u00bb custom_margin_last_edited=\u00bbon|phone\u00bb custom_padding=\u00bb34px||10px|||\u00bb _i=\u00bb0&#8243; _address=\u00bb1.0&#8243;][et_pb_column type=\u00bb4_4&#8243; _builder_version=\u00bb3.29.3&#8243; _i=\u00bb0&#8243; _address=\u00bb1.0.0&#8243;][et_pb_image src=\u00bbhttps:\/\/conectamutual.cl\/bienestar\/wp-content\/uploads\/2019\/12\/LOGOS-CATEGORIAS-04.png\u00bb align=\u00bbcenter\u00bb disabled_on=\u00bboff|off|off\u00bb _builder_version=\u00bb3.29.3&#8243; width=\u00bb47%\u00bb width_phone=\u00bb95%\u00bb width_last_edited=\u00bbon|phone\u00bb _i=\u00bb0&#8243; _address=\u00bb1.0.0.0&#8243;][\/et_pb_image][\/et_pb_column][\/et_pb_row][\/et_pb_section][et_pb_section fb_built=\u00bb1&#8243; _builder_version=\u00bb3.29.3&#8243; custom_padding=\u00bb15px||1px|||\u00bb fb_built=\u00bb1&#8243; _i=\u00bb2&#8243; _address=\u00bb2&#8243;][et_pb_row _builder_version=\u00bb3.29.3&#8243; custom_padding=\u00bb3px||36px|||\u00bb _i=\u00bb0&#8243; _address=\u00bb2.0&#8243;][et_pb_column type=\u00bb4_4&#8243; _builder_version=\u00bb3.29.3&#8243; _i=\u00bb0&#8243; _address=\u00bb2.0.0&#8243;][et_pb_post_title comments=\u00bboff\u00bb featured_image=\u00bboff\u00bb _builder_version=\u00bb3.29.3&#8243; title_font=\u00bbMontserrat|700|||||||\u00bb title_text_align=\u00bbcenter\u00bb title_text_color=\u00bb#c4d600&#8243; title_font_size=\u00bb54px\u00bb title_line_height=\u00bb1.1em\u00bb meta_font=\u00bbMontserrat||||||||\u00bb meta_text_align=\u00bbcenter\u00bb meta_font_size=\u00bb12px\u00bb title_font_size_phone=\u00bb30px\u00bb title_font_size_last_edited=\u00bbon|phone\u00bb meta_font_size_phone=\u00bb10px\u00bb meta_font_size_last_edited=\u00bbon|phone\u00bb _i=\u00bb0&#8243; _address=\u00bb2.0.0.0&#8243;][\/et_pb_post_title][\/et_pb_column][\/et_pb_row][\/et_pb_section][et_pb_section fb_built=\u00bb1&#8243; fullwidth=\u00bbon\u00bb _builder_version=\u00bb3.29.3&#8243; fb_built=\u00bb1&#8243; _i=\u00bb3&#8243; _address=\u00bb3&#8243;][et_pb_fullwidth_image src=\u00bbhttps:\/\/conectamutual.cl\/bienestar\/wp-content\/uploads\/2022\/10\/pexels-rodnae-productions-7005500-copia.jpg\u00bb _builder_version=\u00bb3.29.3&#8243; _i=\u00bb0&#8243; _address=\u00bb3.0&#8243;][\/et_pb_fullwidth_image][\/et_pb_section][et_pb_section fb_built=\u00bb1&#8243; _builder_version=\u00bb3.29.3&#8243; custom_padding=\u00bb11px||8px|||\u00bb fb_built=\u00bb1&#8243; _i=\u00bb4&#8243; _address=\u00bb4&#8243;][et_pb_row _builder_version=\u00bb3.29.3&#8243; custom_padding=\u00bb9px||0px|||\u00bb _i=\u00bb0&#8243; _address=\u00bb4.0&#8243;][et_pb_column type=\u00bb4_4&#8243; _builder_version=\u00bb3.29.3&#8243; custom_padding=\u00bb|110px||110px|false|false\u00bb custom_padding_phone=\u00bb|10px||10px|false|false\u00bb custom_padding_last_edited=\u00bbon|phone\u00bb _i=\u00bb0&#8243; _address=\u00bb4.0.0&#8243;][et_pb_text _builder_version=\u00bb3.29.3&#8243; text_font_size=\u00bb17px\u00bb text_line_height=\u00bb2.1em\u00bb ul_line_height=\u00bb2.2em\u00bb ol_line_height=\u00bb2.2em\u00bb header_2_text_color=\u00bb#c4d600&#8243; custom_margin=\u00bb-3px|||||\u00bb custom_margin_last_edited=\u00bbon|phone\u00bb custom_padding=\u00bb37px|0px|0px|0px|false|false\u00bb text_font_size_phone=\u00bb16px\u00bb text_font_size_last_edited=\u00bbon|phone\u00bb text_line_height_phone=\u00bb1.9em\u00bb text_line_height_last_edited=\u00bbon|phone\u00bb header_2_font_size_phone=\u00bb23px\u00bb header_2_font_size_last_edited=\u00bbon|phone\u00bb _i=\u00bb0&#8243; _address=\u00bb4.0.0.0&#8243;]<\/p>\n<blockquote>\n<p><span style=\"font-weight: 400;\">El reconocimiento importa. Seg\u00fan <\/span><a href=\"https:\/\/www.octanner.com\/insights\/articles\/2019\/10\/3\/feeling-valued-at-work.html\"><span style=\"font-weight: 400;\">una investigaci\u00f3n<\/span><\/a><span style=\"font-weight: 400;\"> realizada por los expertos en reconocimiento OC Tanner, s\u00f3lo el 61% de las personas se sienten apreciadas en el trabajo. Y aunque muchos empleadores piensan que la raz\u00f3n por la que las personas se van es la remuneraci\u00f3n, s\u00f3lo el 12% de las personas que dejan su empresa mencionan esa raz\u00f3n para su partida.\u00a0<\/span><\/p>\n<\/blockquote>\n<p><b>\u00bfLa verdadera raz\u00f3n por la que la gente se va? Un sorprendente 79% dice que se fueron por la puerta debido a la falta de aprecio.<\/b><\/p>\n<p><span style=\"font-weight: 400;\">Entonces, digamos que eres un l\u00edder que quiere reconocer los esfuerzos de los empleados. O tal vez tienes un compa\u00f1ero que te salv\u00f3 de un problema y quieres ofrecerle un sincero <\/span><i><span style=\"font-weight: 400;\">\u00ab\u00a1gracias!\u00bb.<\/span><\/i><span style=\"font-weight: 400;\"> \u00bfCu\u00e1l es la mejor manera de transmitir el mensaje?<\/span><\/p>\n<p><span style=\"font-weight: 400;\">La respuesta es, \u201cdepende\u201d. <\/span><b>Si bien la mayor\u00eda de las personas disfrutan ser reconocidas, no todas disfrutan ser reconocidas de la misma manera. <\/b><span style=\"font-weight: 400;\">Para algunas personas, el reconocimiento con todo el alboroto de ser el \u201cempleado del mes\u201d, recibir un premio frente a toda la oficina y tener su foto colgada en la pared est\u00e1 bien. Otros, sin embargo, preferir\u00edan tener un tratamiento de conducto antes de tener a todo el equipo ah\u00ed mir\u00e1ndolos. <\/span><b>El aprecio no es de una \u201ctalla \u00fanica\u201d.\u00a0<\/b><\/p>\n<h2><b>LA ECUACI\u00d3N DEL RECONOCIMIENTO<\/b><\/h2>\n<p><span style=\"font-weight: 400;\">Esto es lo que pasa con el reconocimiento: las personas que lo otorgan tienen buenas intenciones, <\/span><b>pero si no saben al menos un poco sobre el destinatario del reconocimiento, el elogio puede quedar muy lejos de los beneficios positivos que esperan.<\/b><span style=\"font-weight: 400;\"> Es por eso que, a veces, sentimos que nuestras muestras de agradecimiento no son apreciadas.<\/span><\/p>\n<p><span style=\"font-weight: 400;\">Aqu\u00ed est\u00e1 la conclusi\u00f3n de la ecuaci\u00f3n de la gente: antes de descartar a estas personas como ingratos, <\/span><a href=\"https:\/\/people-equation.com\/why-one-size-recognition-doesnt-work\/\"><span style=\"font-weight: 400;\">considera c\u00f3mo tu personalidad puede jugar en la imagen.<\/span><\/a><span style=\"font-weight: 400;\"> \u00bfLa persona que elogiaste es extrovertida y entusiasta? O tal vez es m\u00e1s reservada. Quiz\u00e1s es un personaje agresivo, o es m\u00e1s del tipo reflexivo y anal\u00edtico. <\/span><b>Prestar mucha atenci\u00f3n a las preferencias naturales de reconocimiento de tu colega puede proporcionar pistas sobre la mejor manera de mostrar tu aprecio.<\/b><\/p>\n<h2><b>4 PREFERENCIAS DE RECONOCIMIENTO\u00a0<\/b><\/h2>\n<p><span style=\"font-weight: 400;\">Puedes estar pensando, \u201c\u00bfQu\u00e9? \u00bfAhora hay que ser psic\u00f3logo calificado s\u00f3lo para poder decir \u2018gracias\u2019 a un compa\u00f1ero de trabajo?\u201d. No, no necesitas ser un terapeuta. S\u00f3lo necesitas reflexionar un poco. Las personas tienden a preferir el reconocimiento que cae en una de estas cuatro categor\u00edas:<\/span><\/p>\n<ol>\n<li style=\"font-weight: 400;\" aria-level=\"1\"><b>Sin lujos. <\/b><span style=\"font-weight: 400;\">Las personas con esta preferencia son directas. No quieren que una banda de mariachis anuncie su logro. Mant\u00e9n el elogio simple.<\/span><\/li>\n<li style=\"font-weight: 400;\" aria-level=\"1\"><b>Social<\/b><span style=\"font-weight: 400;\">. Para esta persona, el entusiasmo es muy importante. Y si la alabanza se puede hacer en p\u00fablico, \u00a1mucho mejor! Las personas con esta preferencia de reconocimiento son interconectadores naturales: el reconocimiento p\u00fablico les ayuda a sentirse conectados con quienes los conocen.<\/span><\/li>\n<li style=\"font-weight: 400;\" aria-level=\"1\"><b>Bajo perfil.<\/b><span style=\"font-weight: 400;\"> Algunas personas simplemente no quieren que se les haga una fiesta. Aprecian el reconocimiento tanto como cualquier persona, pero debe ser tranquilo, reservado y, lo que es m\u00e1s importante, sincero. Las personas que prefieren este tipo de reconocimiento pueden detectar elogios falsos a una milla de distancia.<\/span><\/li>\n<li style=\"font-weight: 400;\" aria-level=\"1\"><b>Espec\u00edfico<\/b><span style=\"font-weight: 400;\">. \u00abBuen trabajo\u00bb puede ser suficiente para algunas personas (por ejemplo: Sin lujos), pero eso no ser\u00e1 suficiente con una persona que anhela los detalles. A las personas con esta preferencia de reconocimiento les gusta ser reconocidas por logros espec\u00edficos o habilidades laborales. El elogio no tiene que ser efusivo, simplemente expresado con precisi\u00f3n.<\/span><\/li>\n<\/ol>\n<p><span style=\"font-weight: 400;\">Dar reconocimiento a las personas les permite saber que su trabajo es importante. Cuando lo haces de una manera que respeta sus preferencias \u00fanicas, vas un paso m\u00e1s all\u00e1: les muestras que <\/span><i><span style=\"font-weight: 400;\">ellos <\/span><\/i><span style=\"font-weight: 400;\">son importantes.<\/span><\/p>\n<p>&nbsp;<\/p>\n<p>[\/et_pb_text][et_pb_text _builder_version=\u00bb3.29.3&#8243; text_font_size=\u00bb13px\u00bb text_line_height=\u00bb0.6em\u00bb custom_margin=\u00bb-15px||||false|false\u00bb custom_padding=\u00bb34px|||||\u00bb text_font_size_phone=\u00bb11px\u00bb text_font_size_last_edited=\u00bbon|phone\u00bb _i=\u00bb1&#8243; _address=\u00bb4.0.0.1&#8243;]<\/p>\n<p style=\"text-align: center;\"><img loading=\"lazy\" decoding=\"async\" class=\"wp-image-608 alignnone size-full\" src=\"https:\/\/conectamutual.cl\/bienestar\/wp-content\/uploads\/2019\/10\/Imagen-equipo.png\" alt=\"\" width=\"91\" height=\"88\" \/><\/p>\n<p style=\"text-align: center;\"><strong>Por Equipo Espacio Mutuo<\/strong><\/p>\n<p style=\"text-align: center;\"><em>Mutual de Seguridad<\/em><\/p>\n<p>[\/et_pb_text][\/et_pb_column][\/et_pb_row][et_pb_row _builder_version=\u00bb3.29.3&#8243; background_color=\u00bbrgba(0,0,0,0)\u00bb collapsed=\u00bboff\u00bb _i=\u00bb1&#8243; _address=\u00bb4.1&#8243;][et_pb_column type=\u00bb4_4&#8243; _builder_version=\u00bb3.29.3&#8243; transform_scale_linked=\u00bboff\u00bb transform_translate=\u00bb-4px|10px\u00bb transform_translate_linked=\u00bboff\u00bb custom_padding=\u00bb5px|0px|5px|0px|false|true\u00bb animation_style=\u00bbzoom\u00bb animation_duration=\u00bb500ms\u00bb border_radii=\u00bboff||||\u00bb border_color_all=\u00bb#cde002&#8243; border_width_top=\u00bb1px\u00bb border_color_top=\u00bb#e09900&#8243; border_style_top=\u00bbdotted\u00bb border_width_bottom=\u00bb1px\u00bb border_color_bottom=\u00bb#e09900&#8243; border_style_bottom=\u00bbdotted\u00bb _i=\u00bb0&#8243; _address=\u00bb4.1.0&#8243;][et_pb_code admin_label=\u00bbRating Art\u00edculo\u00bb _builder_version=\u00bb3.29.3&#8243; transform_scale=\u00bb110%|110%\u00bb transform_translate=\u00bb424px|5px\u00bb transform_translate_linked=\u00bboff\u00bb saved_tabs=\u00bball\u00bb _i=\u00bb0&#8243; _address=\u00bb4.1.0.0&#8243;]<a class=\"typeform-share button\" style=\"display: inline-block; text-decoration: none; background-color: #cde002; color: white; cursor: pointer; font-family: Helvetica,Arial,sans-serif; font-size: 20px; line-height: 50px; text-align: center; margin: 0; height: 50px; padding: 0px 33px; border-radius: 12px; max-width: 100%; white-space: nowrap; overflow: hidden; text-overflow: ellipsis; font-weight: bold; -webkit-font-smoothing: antialiased; -moz-osx-font-smoothing: grayscale;\" href=\"https:\/\/singularmktg.typeform.com\/to\/COMq1XCs#art=725\" target=\"_blank\" rel=\"noopener noreferrer\" data-mode=\"drawer_right\" data-hide-headers=\"true\" data-hide-footer=\"true\" data-submit-close-delay=\"2\">Eval\u00faa este art\u00edculo <\/a> <script> (function() { var qs,js,q,s,d=document, gi=d.getElementById, ce=d.createElement, gt=d.getElementsByTagName, id=\"typef_orm_share\", b=\"https:\/\/embed.typeform.com\/\"; if(!gi.call(d,id)){ js=ce.call(d,\"script\"); js.id=id; js.src=b+\"embed.js\"; q=gt.call(d,\"script\")[0]; q.parentNode.insertBefore(js,q) } })() <\/script>[\/et_pb_code][\/et_pb_column][\/et_pb_row][et_pb_row _builder_version=\u00bb3.29.3&#8243; custom_padding=\u00bb63px|||||\u00bb _i=\u00bb2&#8243; _address=\u00bb4.2&#8243;][et_pb_column type=\u00bb4_4&#8243; _builder_version=\u00bb3.29.3&#8243; custom_padding_phone=\u00bb40px||||false|false\u00bb custom_padding_last_edited=\u00bbon|phone\u00bb _i=\u00bb0&#8243; _address=\u00bb4.2.0&#8243;][et_pb_posts_carousel_agsdcm category_id=\u00bb26&#8243; max_title_characters=\u00bb150&#8243; heading_style=\u00bbcustom\u00bb heading_primary=\u00bb\u00daltimos Art\u00edculos\u00bb heading_sub=\u00bbEmpresas que Cambian\u00bb posts_filter_any=\u00bbon\u00bb _builder_version=\u00bb3.29.3&#8243; header_font=\u00bbMontserrat||||||||\u00bb header_text_color=\u00bb#757575&#8243; header_font_size=\u00bb19px\u00bb subheader_text_color=\u00bb#828282&#8243; title_font=\u00bbMontserrat|700|||||||\u00bb title_text_color=\u00bb#acc601&#8243; border_color_all=\u00bb#cde002&#8243; _i=\u00bb0&#8243; _address=\u00bb4.2.0.0&#8243;][\/et_pb_posts_carousel_agsdcm][\/et_pb_column][\/et_pb_row][\/et_pb_section]<\/p>\n","protected":false},"excerpt":{"rendered":"<p>El reconocimiento importa. Seg\u00fan una investigaci\u00f3n realizada por los expertos en reconocimiento OC Tanner, s\u00f3lo el 61% de las personas se sienten apreciadas en el trabajo. Y aunque muchos empleadores piensan que la raz\u00f3n por la que las personas se van es la remuneraci\u00f3n, s\u00f3lo el 12% de las personas que dejan su empresa mencionan [&hellip;]<\/p>\n","protected":false},"author":2,"featured_media":8956,"comment_status":"closed","ping_status":"closed","sticky":false,"template":"","format":"standard","meta":{"_et_pb_use_builder":"on","_et_pb_old_content":"","_et_gb_content_width":"","footnotes":""},"categories":[26],"tags":[],"class_list":["post-8951","post","type-post","status-publish","format-standard","has-post-thumbnail","hentry","category-empresas-que-cambian","et-has-post-format-content","et_post_format-et-post-format-standard"],"_links":{"self":[{"href":"https:\/\/conectamutual.cl\/bienestar\/wp-json\/wp\/v2\/posts\/8951","targetHints":{"allow":["GET"]}}],"collection":[{"href":"https:\/\/conectamutual.cl\/bienestar\/wp-json\/wp\/v2\/posts"}],"about":[{"href":"https:\/\/conectamutual.cl\/bienestar\/wp-json\/wp\/v2\/types\/post"}],"author":[{"embeddable":true,"href":"https:\/\/conectamutual.cl\/bienestar\/wp-json\/wp\/v2\/users\/2"}],"replies":[{"embeddable":true,"href":"https:\/\/conectamutual.cl\/bienestar\/wp-json\/wp\/v2\/comments?post=8951"}],"version-history":[{"count":4,"href":"https:\/\/conectamutual.cl\/bienestar\/wp-json\/wp\/v2\/posts\/8951\/revisions"}],"predecessor-version":[{"id":8959,"href":"https:\/\/conectamutual.cl\/bienestar\/wp-json\/wp\/v2\/posts\/8951\/revisions\/8959"}],"wp:featuredmedia":[{"embeddable":true,"href":"https:\/\/conectamutual.cl\/bienestar\/wp-json\/wp\/v2\/media\/8956"}],"wp:attachment":[{"href":"https:\/\/conectamutual.cl\/bienestar\/wp-json\/wp\/v2\/media?parent=8951"}],"wp:term":[{"taxonomy":"category","embeddable":true,"href":"https:\/\/conectamutual.cl\/bienestar\/wp-json\/wp\/v2\/categories?post=8951"},{"taxonomy":"post_tag","embeddable":true,"href":"https:\/\/conectamutual.cl\/bienestar\/wp-json\/wp\/v2\/tags?post=8951"}],"curies":[{"name":"wp","href":"https:\/\/api.w.org\/{rel}","templated":true}]}}