{"id":9221,"date":"2022-11-07T11:26:34","date_gmt":"2022-11-07T14:26:34","guid":{"rendered":"https:\/\/conectamutual.cl\/bienestar\/?p=9221"},"modified":"2022-11-07T11:28:53","modified_gmt":"2022-11-07T14:28:53","slug":"comer-en-familia-esta-en-peligro-de-extincion-pero-los-ninos-necesitan-ese-momento-mas-que-nunca","status":"publish","type":"post","link":"https:\/\/conectamutual.cl\/bienestar\/el-valor-de-vincularse\/comer-en-familia-esta-en-peligro-de-extincion-pero-los-ninos-necesitan-ese-momento-mas-que-nunca\/","title":{"rendered":"Comer en familia est\u00e1 en peligro de extinci\u00f3n, \u00a1pero los ni\u00f1os necesitan ese momento m\u00e1s que nunca!"},"content":{"rendered":"<p>[et_pb_section fb_built=\u00bb1&#8243; _builder_version=\u00bb3.29.3&#8243; custom_margin=\u00bb||-50px||false|false\u00bb custom_margin_phone=\u00bb||0px||false|false\u00bb custom_margin_last_edited=\u00bbon|phone\u00bb custom_padding=\u00bb11px||0px||false|false\u00bb fb_built=\u00bb1&#8243; _i=\u00bb0&#8243; _address=\u00bb0&#8243;][et_pb_row column_structure=\u00bb1_3,1_3,1_3&#8243; disabled_on=\u00bbon|on|off\u00bb _builder_version=\u00bb3.29.3&#8243; min_height=\u00bb269px\u00bb custom_margin=\u00bb-15px|auto|-190px|auto|false|false\u00bb custom_margin_last_edited=\u00bbon|phone\u00bb custom_padding=\u00bb||0px||false|false\u00bb _i=\u00bb0&#8243; _address=\u00bb0.0&#8243;][et_pb_column type=\u00bb1_3&#8243; _builder_version=\u00bb3.29.3&#8243; _i=\u00bb0&#8243; _address=\u00bb0.0.0&#8243;][\/et_pb_column][et_pb_column type=\u00bb1_3&#8243; _builder_version=\u00bb3.29.3&#8243; _i=\u00bb1&#8243; _address=\u00bb0.0.1&#8243;][et_pb_image src=\u00bbhttps:\/\/conectamutual.cl\/bienestar\/wp-content\/uploads\/2019\/10\/Logo-Espacio-Mutuo-02.png\u00bb align=\u00bbcenter\u00bb _builder_version=\u00bb3.29.3&#8243; width=\u00bb83%\u00bb width_phone=\u00bb22%\u00bb width_last_edited=\u00bbon|phone\u00bb custom_margin=\u00bb15px||||false|false\u00bb _i=\u00bb0&#8243; _address=\u00bb0.0.1.0&#8243;][\/et_pb_image][\/et_pb_column][et_pb_column type=\u00bb1_3&#8243; _builder_version=\u00bb3.29.3&#8243; _i=\u00bb2&#8243; _address=\u00bb0.0.2&#8243;][et_pb_image src=\u00bbhttps:\/\/conectamutual.cl\/bienestar\/wp-content\/uploads\/2021\/01\/Captura-de-Pantalla-2021-01-16-a-las-10.07.37.png\u00bb align=\u00bbright\u00bb _builder_version=\u00bb3.29.3&#8243; width=\u00bb72%\u00bb width_phone=\u00bb41%\u00bb width_last_edited=\u00bbon|phone\u00bb custom_margin=\u00bb45px||45px||true|false\u00bb custom_margin_phone=\u00bb10px||60px||false|false\u00bb custom_margin_last_edited=\u00bbon|phone\u00bb _i=\u00bb0&#8243; _address=\u00bb0.0.2.0&#8243;][\/et_pb_image][\/et_pb_column][\/et_pb_row][et_pb_row column_structure=\u00bb1_3,1_3,1_3&#8243; disabled_on=\u00bboff|off|on\u00bb _builder_version=\u00bb3.29.3&#8243; min_height=\u00bb269px\u00bb custom_margin=\u00bb-15px|auto|-20px|auto|false|false\u00bb custom_margin_last_edited=\u00bbon|phone\u00bb custom_padding=\u00bb||||false|false\u00bb _i=\u00bb1&#8243; _address=\u00bb0.1&#8243;][et_pb_column type=\u00bb1_3&#8243; _builder_version=\u00bb3.29.3&#8243; _i=\u00bb0&#8243; _address=\u00bb0.1.0&#8243;][\/et_pb_column][et_pb_column type=\u00bb1_3&#8243; _builder_version=\u00bb3.29.3&#8243; _i=\u00bb1&#8243; _address=\u00bb0.1.1&#8243;][et_pb_image src=\u00bbhttps:\/\/conectamutual.cl\/bienestar\/wp-content\/uploads\/2019\/10\/Logo-Espacio-Mutuo-01.png\u00bb align=\u00bbcenter\u00bb force_fullwidth=\u00bbon\u00bb _builder_version=\u00bb3.29.3&#8243; min_height=\u00bb170px\u00bb min_height_phone=\u00bb187px\u00bb min_height_last_edited=\u00bbon|phone\u00bb height=\u00bb100px\u00bb max_height=\u00bb1000px\u00bb custom_margin=\u00bb-14px||8px|||\u00bb _i=\u00bb0&#8243; _address=\u00bb0.1.1.0&#8243;][\/et_pb_image][\/et_pb_column][et_pb_column type=\u00bb1_3&#8243; _builder_version=\u00bb3.29.3&#8243; _i=\u00bb2&#8243; _address=\u00bb0.1.2&#8243;][et_pb_image src=\u00bbhttps:\/\/conectamutual.cl\/bienestar\/wp-content\/uploads\/2021\/01\/Captura-de-Pantalla-2021-01-16-a-las-10.07.37.png\u00bb align=\u00bbcenter\u00bb _builder_version=\u00bb3.29.3&#8243; width=\u00bb94%\u00bb width_phone=\u00bb65%\u00bb width_last_edited=\u00bbon|phone\u00bb module_alignment=\u00bbcenter\u00bb custom_margin=\u00bb45px||45px||true|false\u00bb custom_margin_phone=\u00bb10px||60px||false|false\u00bb custom_margin_last_edited=\u00bbon|phone\u00bb _i=\u00bb0&#8243; _address=\u00bb0.1.2.0&#8243;][\/et_pb_image][\/et_pb_column][\/et_pb_row][\/et_pb_section][et_pb_section fb_built=\u00bb1&#8243; _builder_version=\u00bb3.29.3&#8243; custom_padding=\u00bb4px||0px|||\u00bb fb_built=\u00bb1&#8243; _i=\u00bb1&#8243; _address=\u00bb1&#8243;][et_pb_row _builder_version=\u00bb3.29.3&#8243; min_height=\u00bb102px\u00bb custom_margin_phone=\u00bb20px||||false|false\u00bb custom_margin_last_edited=\u00bbon|phone\u00bb custom_padding=\u00bb34px||10px|||\u00bb _i=\u00bb0&#8243; _address=\u00bb1.0&#8243;][et_pb_column type=\u00bb4_4&#8243; _builder_version=\u00bb3.29.3&#8243; _i=\u00bb0&#8243; _address=\u00bb1.0.0&#8243;][et_pb_image src=\u00bbhttps:\/\/conectamutual.cl\/bienestar\/wp-content\/uploads\/2019\/12\/LOGOS-CATEGORIAS-02.png\u00bb align=\u00bbcenter\u00bb disabled_on=\u00bboff|off|off\u00bb _builder_version=\u00bb3.29.3&#8243; width=\u00bb56%\u00bb width_phone=\u00bb95%\u00bb width_last_edited=\u00bbon|phone\u00bb _i=\u00bb0&#8243; _address=\u00bb1.0.0.0&#8243;][\/et_pb_image][\/et_pb_column][\/et_pb_row][\/et_pb_section][et_pb_section fb_built=\u00bb1&#8243; _builder_version=\u00bb3.29.3&#8243; custom_padding=\u00bb15px||1px|||\u00bb fb_built=\u00bb1&#8243; _i=\u00bb2&#8243; _address=\u00bb2&#8243;][et_pb_row _builder_version=\u00bb3.29.3&#8243; custom_padding=\u00bb3px||36px|||\u00bb _i=\u00bb0&#8243; _address=\u00bb2.0&#8243;][et_pb_column type=\u00bb4_4&#8243; _builder_version=\u00bb3.29.3&#8243; _i=\u00bb0&#8243; _address=\u00bb2.0.0&#8243;][et_pb_post_title comments=\u00bboff\u00bb featured_image=\u00bboff\u00bb _builder_version=\u00bb3.29.3&#8243; title_font=\u00bbMontserrat|700|||||||\u00bb title_text_align=\u00bbcenter\u00bb title_text_color=\u00bb#c4d600&#8243; title_font_size=\u00bb54px\u00bb title_line_height=\u00bb1.1em\u00bb meta_font=\u00bbMontserrat||||||||\u00bb meta_text_align=\u00bbcenter\u00bb meta_font_size=\u00bb12px\u00bb title_font_size_phone=\u00bb30px\u00bb title_font_size_last_edited=\u00bbon|phone\u00bb meta_font_size_phone=\u00bb10px\u00bb meta_font_size_last_edited=\u00bbon|phone\u00bb _i=\u00bb0&#8243; _address=\u00bb2.0.0.0&#8243;][\/et_pb_post_title][\/et_pb_column][\/et_pb_row][\/et_pb_section][et_pb_section fb_built=\u00bb1&#8243; fullwidth=\u00bbon\u00bb _builder_version=\u00bb3.29.3&#8243; fb_built=\u00bb1&#8243; _i=\u00bb3&#8243; _address=\u00bb3&#8243;][et_pb_fullwidth_image src=\u00bbhttps:\/\/conectamutual.cl\/bienestar\/wp-content\/uploads\/2022\/11\/pexels-andrea-piacquadio-3752857.jpg\u00bb _builder_version=\u00bb3.29.3&#8243; custom_padding=\u00bb0px|||||\u00bb hover_enabled=\u00bb0&#8243; _i=\u00bb0&#8243; _address=\u00bb3.0&#8243;][\/et_pb_fullwidth_image][\/et_pb_section][et_pb_section fb_built=\u00bb1&#8243; _builder_version=\u00bb3.29.3&#8243; custom_padding=\u00bb||8px|||\u00bb fb_built=\u00bb1&#8243; _i=\u00bb4&#8243; _address=\u00bb4&#8243;][et_pb_row _builder_version=\u00bb3.29.3&#8243; custom_padding=\u00bb9px|||||\u00bb _i=\u00bb0&#8243; _address=\u00bb4.0&#8243;][et_pb_column type=\u00bb4_4&#8243; _builder_version=\u00bb3.29.3&#8243; custom_padding=\u00bb|110px||110px|false|false\u00bb custom_padding_phone=\u00bb|10px||10px|false|false\u00bb custom_padding_last_edited=\u00bbon|phone\u00bb _i=\u00bb0&#8243; _address=\u00bb4.0.0&#8243;][et_pb_text _builder_version=\u00bb3.29.3&#8243; text_font_size=\u00bb17px\u00bb text_line_height=\u00bb2.1em\u00bb ul_line_height=\u00bb2em\u00bb ol_line_height=\u00bb2em\u00bb header_2_text_color=\u00bb#c4d600&#8243; custom_margin_last_edited=\u00bbon|phone\u00bb custom_padding=\u00bb|0px||0px|false|false\u00bb hover_enabled=\u00bb0&#8243; text_font_size_phone=\u00bb16px\u00bb text_font_size_last_edited=\u00bbon|phone\u00bb text_line_height_phone=\u00bb1.9em\u00bb text_line_height_last_edited=\u00bbon|phone\u00bb ol_line_height_last_edited=\u00bbon|phone\u00bb header_2_font_size_phone=\u00bb23px\u00bb header_2_font_size_last_edited=\u00bbon|phone\u00bb inline_fonts=\u00bbTimes New Roman,Verdana\u00bb _i=\u00bb0&#8243; _address=\u00bb4.0.0.0&#8243;]<\/p>\n<blockquote>\n<p><span style=\"font-weight: 400;\">Para las familias ocupadas, reunirse para cenar puede parecer imposible. Y, sin embargo, los ni\u00f1os lo necesitan ahora m\u00e1s que nunca.<\/span><\/p>\n<\/blockquote>\n<p><span style=\"font-weight: 400;\">Athena Burns, estudiante de 14 a\u00f1os de un colegio privado en Estados Unidos, cena en el auto de su madre 4 noches a la semana durante el viaje de una hora de regreso a casa. Sus muchas responsabilidades escolares y actividades extracurriculares la han tenido con ese ritmo de vida desde que era a\u00fan menor.\u00a0<\/span><\/p>\n<p><span style=\"font-weight: 400;\">Y no es la \u00fanica afectada: su madre procura llegar 15 minutos antes de que salga del colegio para tener su propia cena sentada en el asiento del conductor. La mesa de comedor de la familia estaba tan inutilizada que hace 2 a\u00f1os la Sra. Black-Burns la don\u00f3, convirtiendo el comedor familiar en un sal\u00f3n.<\/span><\/p>\n<p><b>\u201cNos preguntamos por qu\u00e9 tantos ni\u00f1os tienen ansiedad\u201d<\/b><span style=\"font-weight: 400;\">, dice la mam\u00e1 de Athena. <\/span><b>\u00abPero bueno, lo cierto es que tienen un horario acad\u00e9mico riguroso y est\u00e1n comiendo en el auto\u00bb.<\/b><\/p>\n<h2><b>LA JOVEN CRISIS DE SALUD<\/b><\/h2>\n<p><span style=\"font-weight: 400;\">La crisis de salud mental juvenil acumulada durante una d\u00e9cada antes de la pandemia ha empeorado en los \u00faltimos 2 a\u00f1os. <\/span><a href=\"https:\/\/www.cdc.gov\/media\/releases\/2022\/p0331-youth-mental-health-covid-19.html\"><span style=\"font-weight: 400;\">En 2021<\/span><\/a><span style=\"font-weight: 400;\">, <\/span><b>el 44% de los estudiantes de secundaria dijeron que se sent\u00edan persistentemente tristes o desesperanzados<\/b><span style=\"font-weight: 400;\"> durante el \u00faltimo a\u00f1o, seg\u00fan datos de los Centros para el Control y la Prevenci\u00f3n de Enfermedades. Al mismo tiempo, la <\/span><a href=\"https:\/\/www.wsj.com\/articles\/as-children-face-disappointments-parents-can-help-them-develop-resilience-11585056589?mod=article_inline\"><span style=\"font-weight: 400;\">creciente investigaci\u00f3n cient\u00edfica<\/span><\/a><span style=\"font-weight: 400;\"> muestra que <\/span><b>reunirse para comer y conversar regularmente podr\u00eda ser una forma de desarrollar la resiliencia emocional de los ni\u00f1os.<\/b><\/p>\n<p><span style=\"font-weight: 400;\">Las encuestas a nivel nacional muestran que la cantidad de cenas en que padres e hijos comen juntos, ha disminuido en las \u00faltimas d\u00e9cadas. <\/span><b>La raz\u00f3n principal: los horarios conflictivos de hijos y padres que trabajan.\u00a0<\/b><\/p>\n<p><span style=\"font-weight: 400;\">\u201cEs tan b\u00e1sico que la gente lo olvida\u201d, dice Ellen Rome, directora del Centro de Medicina Adolescente del Hospital Pedi\u00e1trico de la Cl\u00ednica Cleveland en Estados Unidos. Reunirse alrededor de la mesa, dice el Dr. Rome, es <\/span><b>\u00abun mecanismo \u00fatil para crear conectividad y comportamientos de modelos a seguir que los padres quieren que sus hijos emulen\u00bb.<\/b><\/p>\n<p><span style=\"font-weight: 400;\">\u201cTenemos muchos adolescentes que se han dedicado a tener todas sus comidas encerrados en sus dormitorios\u201d, dice el Dr. Rome. <\/span><b>\u201cEs un paso significativo en la direcci\u00f3n contraria de la conexi\u00f3n familiar\u201d<\/b><span style=\"font-weight: 400;\">.<\/span><\/p>\n<p><span style=\"font-weight: 400;\">Los adolescentes que tienen cenas familiares frecuentes tienen <\/span><b>tasas m\u00e1s bajas de consumo de drogas y alcohol en comparaci\u00f3n con los que comparten menos comidas familiares<\/b><span style=\"font-weight: 400;\">, seg\u00fan han encontrado varios estudios fundamentales. Los ni\u00f1os tambi\u00e9n tienen <\/span><b>menos s\u00edntomas de ansiedad y depresi\u00f3n y es menos probable que intenten suicidarse<\/b><span style=\"font-weight: 400;\">. Las comidas familiares est\u00e1n asociadas con una mejor nutrici\u00f3n y menores tasas de obesidad entre los ni\u00f1os.<\/span><\/p>\n<h2><b>COMER EN LA MARCHA<\/b><\/h2>\n<p><b>Los padres y los adolescentes dicen en muchas encuestas que valoran las cenas familiares, pero las limitaciones de tiempo les impiden tener m\u00e1s<\/b><span style=\"font-weight: 400;\">. La presi\u00f3n de sobresalir en la escuela e ingresar a una buena universidad empuja a los ni\u00f1os a numerosas actividades extraescolares que a menudo se realizan durante la hora de la cena. Para los <\/span><a href=\"https:\/\/conectamutual.cl\/bienestar\/espacios-de-reflexion\/podemos-conciliar-familia-y-trabajo\/\"><span style=\"font-weight: 400;\">padres que tienen varios trabajos o turnos o traslados<\/span><\/a><span style=\"font-weight: 400;\"> que se extienden hasta la hora de la cena, comer en familia simplemente no es posible.<\/span><\/p>\n<p><span style=\"font-weight: 400;\">Luego de que un doctor se preocupara por la subida de peso de Athena (ella y su madre com\u00edan much\u00edsima comida chatarra en el auto), la Sra. Black-Burns comenz\u00f3 a preparar los domingos las comidas para la semana siguiente: antes de recoger a Athena del colegio, calienta el plato principal y lo empaca en una bolsa t\u00e9rmica. Tambi\u00e9n trae frutas o verduras y ensaladas, junto con elegantes utensilios de pl\u00e1stico para que \u201cla hora de la comida se sienta especial\u201d.<\/span><\/p>\n<p><span style=\"font-weight: 400;\">Tanto ella como Athena han perdido peso. A\u00fan as\u00ed, <\/span><b>ambas dicen que desear\u00edan que la cena no tuviera que ser as\u00ed. <\/b><span style=\"font-weight: 400;\">Athena dice que extra\u00f1a los a\u00f1os de primaria cuando las actividades extracurriculares terminaban m\u00e1s temprano y alcanzaba a cenar en casa con su mam\u00e1. \u201cEran grandes momentos en los que pod\u00eda hacer un resumen de mi d\u00eda y mi mam\u00e1 me contaba sobre su d\u00eda. Extra\u00f1o eso\u201d, dice ella. <\/span><b>\u201cAunque estemos juntas en el auto, no es lo mismo que sentarse en una mesa\u201d.<\/b><\/p>\n<h2><b>HAMBRE DE CONEXI\u00d3N<\/b><\/h2>\n<p><b>Una comida familiar no tiene que ser una cena<\/b><span style=\"font-weight: 400;\">. <\/span><b>Cualquier comida que se come en familia puede ser beneficiosa, <\/b><span style=\"font-weight: 400;\">dice Jerica Berge, profesora en el departamento de medicina familiar y salud comunitaria de la Universidad de Minnesota, en Estados Unidos, y co-investigadora del estudio sobre la alimentaci\u00f3n adolescente.\u00a0<\/span><\/p>\n<p><b>Las cenas no tienen que involucrar a todos los miembros de la familia ni deben durar mucho tiempo, <\/b><span style=\"font-weight: 400;\">dice:<\/span><b> de 20 a 30 minutos de conexi\u00f3n familiar alrededor de una mesa es suficiente.<\/b><span style=\"font-weight: 400;\"> Los investigadores dicen que este tipo de tiempo de calidad tambi\u00e9n puede incluir viajes regulares juntos en el autom\u00f3vil, como en el caso de Athena y su madre.\u00a0<\/span><\/p>\n<p><span style=\"font-weight: 400;\">A partir de su <\/span><a href=\"https:\/\/jamanetwork.com\/journals\/jamapediatrics\/fullarticle\/485781\"><span style=\"font-weight: 400;\">estudio continuado de 1997 <\/span><\/a><span style=\"font-weight: 400;\">acerca de la alimentaci\u00f3n y el peso de la juventud, en el cual contaron con alrededor de 5.000 participantes adolescentes, la Dra. Berge y sus colegas encuestaron al mismo grupo de adultos j\u00f3venes en 2020 y descubrieron que la frecuencia de <\/span><b>las comidas familiares aument\u00f3 ligeramente durante la pandemia.<\/b><\/p>\n<p><span style=\"font-weight: 400;\">Otros estudios, incluidos los realizados por el Food Marketing Institute, tambi\u00e9n encontraron <\/span><a href=\"https:\/\/conectamutual.cl\/bienestar\/nuevas-miradas\/familias-enfrentadas-a-la-pandemia-saldran-fortalecidas\/\"><span style=\"font-weight: 400;\">un aumento en las comidas familiares durante la fase de confinamiento de la pandemia,<\/span><\/a><span style=\"font-weight: 400;\"> pero <\/span><b>\u00abestamos viendo una reversi\u00f3n a los comportamientos anteriores al COVID\u00bb, <\/b><span style=\"font-weight: 400;\">dice David Fikes, director ejecutivo de la Fundaci\u00f3n FMI.<\/span><\/p>\n<p><span style=\"font-weight: 400;\">Los investigadores est\u00e1n tratando de desentra\u00f1ar <\/span><b>qu\u00e9 tienen las cenas familiares que producen beneficios para la salud mental de ni\u00f1os y adolescentes.<\/b><span style=\"font-weight: 400;\"> Algunos psic\u00f3logos creen que las cenas familiares son un indicador de otros factores asociados con mejores resultados para los ni\u00f1os, como mayores ingresos familiares, menos estr\u00e9s familiar y relaciones s\u00f3lidas entre padres e hijos. \u201cLo que est\u00e1s midiendo es probablemente una gran cantidad de ventajas sociales que algunos ni\u00f1os tienen y otros no\u201d, dice Frank Elgar, psic\u00f3logo infantil y profesor de psiquiatr\u00eda en la Universidad McGill en Canad\u00e1.<\/span><\/p>\n<p><span style=\"font-weight: 400;\">La <\/span><a href=\"https:\/\/media.npr.org\/documents\/2013\/feb\/Children%20and%20Weight_Summary.pdf\"><span style=\"font-weight: 400;\">presencia de pantallas<\/span><\/a><span style=\"font-weight: 400;\"> durante la cena -algo que es abrumadoramente com\u00fan, seg\u00fan varios estudios- puede anular algunos beneficios de las comidas comunitarias. <\/span><a href=\"https:\/\/pubmed.ncbi.nlm.nih.gov\/27756638\/\"><span style=\"font-weight: 400;\">Se ha descubierto<\/span><\/a><span style=\"font-weight: 400;\"> que <\/span><b>tener la televisi\u00f3n prendida de fondo reduce la calidad de las comidas de los ni\u00f1os.<\/b><span style=\"font-weight: 400;\"> Estudios m\u00e1s recientes han demostrado que las comidas sin distracciones digitales se asocian con tasas m\u00e1s bajas de obesidad e interacciones familiares de mayor calidad.<\/span><\/p>\n<p>[\/et_pb_text][et_pb_text _builder_version=\u00bb3.29.3&#8243; text_font_size=\u00bb13px\u00bb text_line_height=\u00bb0.6em\u00bb custom_margin=\u00bb-15px||||false|false\u00bb custom_padding=\u00bb34px|||||\u00bb text_font_size_phone=\u00bb11px\u00bb text_font_size_last_edited=\u00bbon|phone\u00bb _i=\u00bb1&#8243; _address=\u00bb4.0.0.1&#8243;]<\/p>\n<p style=\"text-align: center;\"><img loading=\"lazy\" decoding=\"async\" class=\"wp-image-608 alignnone size-full\" src=\"https:\/\/conectamutual.cl\/bienestar\/wp-content\/uploads\/2019\/10\/Imagen-equipo.png\" alt=\"\" width=\"91\" height=\"88\" \/><\/p>\n<p style=\"text-align: center;\"><strong>Por Equipo Espacio Mutuo<\/strong><\/p>\n<p style=\"text-align: center;\"><em>Mutual de Seguridad<\/em><\/p>\n<p>[\/et_pb_text][\/et_pb_column][\/et_pb_row][et_pb_row _builder_version=\u00bb3.29.3&#8243; background_color=\u00bbrgba(0,0,0,0)\u00bb _i=\u00bb1&#8243; _address=\u00bb4.1&#8243;][et_pb_column type=\u00bb4_4&#8243; _builder_version=\u00bb3.29.3&#8243; transform_scale_linked=\u00bboff\u00bb transform_translate=\u00bb-4px|10px\u00bb transform_translate_linked=\u00bboff\u00bb custom_padding=\u00bb5px|0px|5px|0px|false|true\u00bb animation_style=\u00bbzoom\u00bb animation_duration=\u00bb500ms\u00bb border_radii=\u00bboff||||\u00bb border_color_all=\u00bb#cde002&#8243; border_width_top=\u00bb1px\u00bb border_color_top=\u00bb#e09900&#8243; border_style_top=\u00bbdotted\u00bb border_width_bottom=\u00bb1px\u00bb border_color_bottom=\u00bb#e09900&#8243; border_style_bottom=\u00bbdotted\u00bb _i=\u00bb0&#8243; _address=\u00bb4.1.0&#8243;][et_pb_code admin_label=\u00bbRating Art\u00edculo\u00bb _builder_version=\u00bb3.29.3&#8243; transform_scale=\u00bb110%|110%\u00bb transform_translate=\u00bb424px|5px\u00bb transform_translate_linked=\u00bboff\u00bb hover_enabled=\u00bb0&#8243; _i=\u00bb0&#8243; _address=\u00bb4.1.0.0&#8243;]<a class=\"typeform-share button\" href=\"https:\/\/singularmktg.typeform.com\/to\/COMq1XCs#art=744\" data-mode=\"drawer_right\" style=\"display:inline-block;text-decoration:none;background-color:#CDE002;color:white;cursor:pointer;font-family:Helvetica,Arial,sans-serif;font-size:20px;line-height:50px;text-align:center;margin:0;height:50px;padding:0px 33px;border-radius:12px;max-width:100%;white-space:nowrap;overflow:hidden;text-overflow:ellipsis;font-weight:bold;-webkit-font-smoothing:antialiased;-moz-osx-font-smoothing:grayscale;\" data-hide-headers=\"true\" data-hide-footer=\"true\" data-submit-close-delay=\"2\" target=\"_blank\" rel=\"noopener noreferrer\">Eval\u00faa este art\u00edculo <\/a> <script> (function() { var qs,js,q,s,d=document, gi=d.getElementById, ce=d.createElement, gt=d.getElementsByTagName, id=\"typef_orm_share\", b=\"https:\/\/embed.typeform.com\/\"; if(!gi.call(d,id)){ js=ce.call(d,\"script\"); js.id=id; js.src=b+\"embed.js\"; q=gt.call(d,\"script\")[0]; q.parentNode.insertBefore(js,q) } })() <\/script>[\/et_pb_code][\/et_pb_column][\/et_pb_row][et_pb_row _builder_version=\u00bb3.29.3&#8243; _i=\u00bb2&#8243; _address=\u00bb4.2&#8243;][et_pb_column type=\u00bb4_4&#8243; _builder_version=\u00bb3.29.3&#8243; custom_padding_phone=\u00bb40px||||false|false\u00bb custom_padding_last_edited=\u00bbon|phone\u00bb _i=\u00bb0&#8243; _address=\u00bb4.2.0&#8243;][et_pb_posts_carousel_agsdcm category_id=\u00bb25&#8243; max_title_characters=\u00bb150&#8243; heading_style=\u00bbcustom\u00bb heading_primary=\u00bb\u00daltimos Art\u00edculos\u00bb heading_sub=\u00bbEl Valor de Vincularse\u00bb posts_filter_any=\u00bbon\u00bb _builder_version=\u00bb3.29.3&#8243; header_font=\u00bbMontserrat||||||||\u00bb header_text_color=\u00bb#757575&#8243; header_font_size=\u00bb19px\u00bb subheader_text_color=\u00bb#828282&#8243; title_font=\u00bbMontserrat|700|||||||\u00bb title_text_color=\u00bb#acc601&#8243; border_color_all=\u00bb#cde002&#8243; _i=\u00bb0&#8243; _address=\u00bb4.2.0.0&#8243;][\/et_pb_posts_carousel_agsdcm][\/et_pb_column][\/et_pb_row][\/et_pb_section]<\/p>\n","protected":false},"excerpt":{"rendered":"<p>Para las familias ocupadas, reunirse para cenar puede parecer imposible. Y, sin embargo, los ni\u00f1os lo necesitan ahora m\u00e1s que nunca. Athena Burns, estudiante de 14 a\u00f1os de un colegio privado en Estados Unidos, cena en el auto de su madre 4 noches a la semana durante el viaje de una hora de regreso a [&hellip;]<\/p>\n","protected":false},"author":2,"featured_media":9224,"comment_status":"closed","ping_status":"closed","sticky":false,"template":"","format":"standard","meta":{"_et_pb_use_builder":"on","_et_pb_old_content":"","_et_gb_content_width":"","footnotes":""},"categories":[25],"tags":[],"class_list":["post-9221","post","type-post","status-publish","format-standard","has-post-thumbnail","hentry","category-el-valor-de-vincularse","et-has-post-format-content","et_post_format-et-post-format-standard"],"_links":{"self":[{"href":"https:\/\/conectamutual.cl\/bienestar\/wp-json\/wp\/v2\/posts\/9221","targetHints":{"allow":["GET"]}}],"collection":[{"href":"https:\/\/conectamutual.cl\/bienestar\/wp-json\/wp\/v2\/posts"}],"about":[{"href":"https:\/\/conectamutual.cl\/bienestar\/wp-json\/wp\/v2\/types\/post"}],"author":[{"embeddable":true,"href":"https:\/\/conectamutual.cl\/bienestar\/wp-json\/wp\/v2\/users\/2"}],"replies":[{"embeddable":true,"href":"https:\/\/conectamutual.cl\/bienestar\/wp-json\/wp\/v2\/comments?post=9221"}],"version-history":[{"count":3,"href":"https:\/\/conectamutual.cl\/bienestar\/wp-json\/wp\/v2\/posts\/9221\/revisions"}],"predecessor-version":[{"id":9227,"href":"https:\/\/conectamutual.cl\/bienestar\/wp-json\/wp\/v2\/posts\/9221\/revisions\/9227"}],"wp:featuredmedia":[{"embeddable":true,"href":"https:\/\/conectamutual.cl\/bienestar\/wp-json\/wp\/v2\/media\/9224"}],"wp:attachment":[{"href":"https:\/\/conectamutual.cl\/bienestar\/wp-json\/wp\/v2\/media?parent=9221"}],"wp:term":[{"taxonomy":"category","embeddable":true,"href":"https:\/\/conectamutual.cl\/bienestar\/wp-json\/wp\/v2\/categories?post=9221"},{"taxonomy":"post_tag","embeddable":true,"href":"https:\/\/conectamutual.cl\/bienestar\/wp-json\/wp\/v2\/tags?post=9221"}],"curies":[{"name":"wp","href":"https:\/\/api.w.org\/{rel}","templated":true}]}}