{"id":9322,"date":"2022-11-21T13:26:04","date_gmt":"2022-11-21T16:26:04","guid":{"rendered":"https:\/\/conectamutual.cl\/bienestar\/?p=9322"},"modified":"2022-11-21T13:34:09","modified_gmt":"2022-11-21T16:34:09","slug":"jose-fuentealba-parra-gerente-general-primser-s-a","status":"publish","type":"post","link":"https:\/\/conectamutual.cl\/bienestar\/trabajos-que-hacen-bien\/jose-fuentealba-parra-gerente-general-primser-s-a\/","title":{"rendered":"Jos\u00e9 Fuentealba Parra, Gerente General &#8211; PRIMSER S.A."},"content":{"rendered":"<p>[et_pb_section fb_built=\u00bb1&#8243; _builder_version=\u00bb3.29.3&#8243; custom_margin=\u00bb||-50px||false|false\u00bb custom_margin_phone=\u00bb||0px||false|false\u00bb custom_margin_last_edited=\u00bbon|phone\u00bb custom_padding=\u00bb11px||0px||false|false\u00bb fb_built=\u00bb1&#8243; _i=\u00bb0&#8243; _address=\u00bb0&#8243;][et_pb_row column_structure=\u00bb1_3,1_3,1_3&#8243; disabled_on=\u00bbon|on|off\u00bb _builder_version=\u00bb3.29.3&#8243; min_height=\u00bb269px\u00bb custom_margin=\u00bb-15px|auto|-190px|auto|false|false\u00bb custom_margin_last_edited=\u00bbon|phone\u00bb custom_padding=\u00bb||0px||false|false\u00bb _i=\u00bb0&#8243; _address=\u00bb0.0&#8243;][et_pb_column type=\u00bb1_3&#8243; _builder_version=\u00bb3.29.3&#8243; _i=\u00bb0&#8243; _address=\u00bb0.0.0&#8243;][\/et_pb_column][et_pb_column type=\u00bb1_3&#8243; _builder_version=\u00bb3.29.3&#8243; _i=\u00bb1&#8243; _address=\u00bb0.0.1&#8243;][et_pb_image src=\u00bbhttps:\/\/conectamutual.cl\/bienestar\/wp-content\/uploads\/2019\/10\/Logo-Espacio-Mutuo-02.png\u00bb align=\u00bbcenter\u00bb _builder_version=\u00bb3.29.3&#8243; width=\u00bb83%\u00bb width_phone=\u00bb22%\u00bb width_last_edited=\u00bbon|phone\u00bb custom_margin=\u00bb15px||||false|false\u00bb _i=\u00bb0&#8243; _address=\u00bb0.0.1.0&#8243;][\/et_pb_image][\/et_pb_column][et_pb_column type=\u00bb1_3&#8243; _builder_version=\u00bb3.29.3&#8243; _i=\u00bb2&#8243; _address=\u00bb0.0.2&#8243;][et_pb_image src=\u00bbhttps:\/\/conectamutual.cl\/bienestar\/wp-content\/uploads\/2021\/01\/Captura-de-Pantalla-2021-01-16-a-las-10.07.37.png\u00bb align=\u00bbright\u00bb _builder_version=\u00bb3.29.3&#8243; width=\u00bb72%\u00bb width_phone=\u00bb41%\u00bb width_last_edited=\u00bbon|phone\u00bb custom_margin=\u00bb45px||45px||true|false\u00bb custom_margin_phone=\u00bb10px||60px||false|false\u00bb custom_margin_last_edited=\u00bbon|phone\u00bb _i=\u00bb0&#8243; _address=\u00bb0.0.2.0&#8243;][\/et_pb_image][\/et_pb_column][\/et_pb_row][et_pb_row column_structure=\u00bb1_3,1_3,1_3&#8243; disabled_on=\u00bboff|off|on\u00bb _builder_version=\u00bb3.29.3&#8243; min_height=\u00bb269px\u00bb custom_margin=\u00bb-15px|auto|-20px|auto|false|false\u00bb custom_margin_last_edited=\u00bbon|phone\u00bb custom_padding=\u00bb||||false|false\u00bb _i=\u00bb1&#8243; _address=\u00bb0.1&#8243;][et_pb_column type=\u00bb1_3&#8243; _builder_version=\u00bb3.29.3&#8243; _i=\u00bb0&#8243; _address=\u00bb0.1.0&#8243;][\/et_pb_column][et_pb_column type=\u00bb1_3&#8243; _builder_version=\u00bb3.29.3&#8243; _i=\u00bb1&#8243; _address=\u00bb0.1.1&#8243;][et_pb_image src=\u00bbhttps:\/\/conectamutual.cl\/bienestar\/wp-content\/uploads\/2019\/10\/Logo-Espacio-Mutuo-01.png\u00bb align=\u00bbcenter\u00bb force_fullwidth=\u00bbon\u00bb _builder_version=\u00bb3.29.3&#8243; min_height=\u00bb170px\u00bb min_height_phone=\u00bb187px\u00bb min_height_last_edited=\u00bbon|phone\u00bb height=\u00bb100px\u00bb max_height=\u00bb1000px\u00bb custom_margin=\u00bb-14px||8px|||\u00bb _i=\u00bb0&#8243; _address=\u00bb0.1.1.0&#8243;][\/et_pb_image][\/et_pb_column][et_pb_column type=\u00bb1_3&#8243; _builder_version=\u00bb3.29.3&#8243; _i=\u00bb2&#8243; _address=\u00bb0.1.2&#8243;][et_pb_image src=\u00bbhttps:\/\/conectamutual.cl\/bienestar\/wp-content\/uploads\/2021\/01\/Captura-de-Pantalla-2021-01-16-a-las-10.07.37.png\u00bb align=\u00bbcenter\u00bb _builder_version=\u00bb3.29.3&#8243; width=\u00bb94%\u00bb width_phone=\u00bb65%\u00bb width_last_edited=\u00bbon|phone\u00bb module_alignment=\u00bbcenter\u00bb custom_margin=\u00bb45px||45px||true|false\u00bb custom_margin_phone=\u00bb10px||60px||false|false\u00bb custom_margin_last_edited=\u00bbon|phone\u00bb _i=\u00bb0&#8243; _address=\u00bb0.1.2.0&#8243;][\/et_pb_image][\/et_pb_column][\/et_pb_row][\/et_pb_section][et_pb_section fb_built=\u00bb1&#8243; _builder_version=\u00bb3.29.3&#8243; custom_padding=\u00bb4px||0px|||\u00bb fb_built=\u00bb1&#8243; _i=\u00bb1&#8243; _address=\u00bb1&#8243;][et_pb_row _builder_version=\u00bb3.29.3&#8243; min_height=\u00bb102px\u00bb custom_margin_phone=\u00bb20px||||false|false\u00bb custom_margin_last_edited=\u00bbon|phone\u00bb custom_padding=\u00bb13px||30px|||\u00bb _i=\u00bb0&#8243; _address=\u00bb1.0&#8243;][et_pb_column type=\u00bb4_4&#8243; _builder_version=\u00bb3.29.3&#8243; _i=\u00bb0&#8243; _address=\u00bb1.0.0&#8243;][et_pb_image src=\u00bbhttps:\/\/conectamutual.cl\/bienestar\/wp-content\/uploads\/2022\/08\/Logo2-Categoria-Trabajos-hacen-bien_Mesa-de-trabajo-1_Mesa-de-trabajo-1.png\u00bb align=\u00bbcenter\u00bb disabled_on=\u00bboff|off|off\u00bb _builder_version=\u00bb3.29.3&#8243; width=\u00bb66%\u00bb width_phone=\u00bb100%\u00bb width_last_edited=\u00bbon|phone\u00bb _i=\u00bb0&#8243; _address=\u00bb1.0.0.0&#8243;][\/et_pb_image][\/et_pb_column][\/et_pb_row][\/et_pb_section][et_pb_section fb_built=\u00bb1&#8243; _builder_version=\u00bb3.29.3&#8243; background_color=\u00bb#7825bc\u00bb custom_padding=\u00bb55px||31px|||\u00bb fb_built=\u00bb1&#8243; _i=\u00bb2&#8243; _address=\u00bb2&#8243;][et_pb_row _builder_version=\u00bb3.29.3&#8243; custom_padding=\u00bb3px||20px|||\u00bb _i=\u00bb0&#8243; _address=\u00bb2.0&#8243;][et_pb_column type=\u00bb4_4&#8243; _builder_version=\u00bb3.29.3&#8243; _i=\u00bb0&#8243; _address=\u00bb2.0.0&#8243;][et_pb_post_title comments=\u00bboff\u00bb featured_image=\u00bboff\u00bb _builder_version=\u00bb3.29.3&#8243; title_font=\u00bbMontserrat|700|||||||\u00bb title_text_align=\u00bbcenter\u00bb title_text_color=\u00bb#c4d600&#8243; title_font_size=\u00bb54px\u00bb title_line_height=\u00bb1.1em\u00bb meta_font=\u00bbMontserrat||||||||\u00bb meta_text_align=\u00bbcenter\u00bb meta_text_color=\u00bb#ffffff\u00bb meta_font_size=\u00bb12px\u00bb title_font_size_phone=\u00bb30px\u00bb title_font_size_last_edited=\u00bbon|phone\u00bb meta_font_size_phone=\u00bb10px\u00bb meta_font_size_last_edited=\u00bbon|phone\u00bb _i=\u00bb0&#8243; _address=\u00bb2.0.0.0&#8243;][\/et_pb_post_title][\/et_pb_column][\/et_pb_row][\/et_pb_section][et_pb_section fb_built=\u00bb1&#8243; _builder_version=\u00bb3.29.3&#8243; custom_padding=\u00bb27px||8px|||\u00bb fb_built=\u00bb1&#8243; _i=\u00bb3&#8243; _address=\u00bb3&#8243;][et_pb_row _builder_version=\u00bb3.29.3&#8243; custom_padding=\u00bb9px|||||\u00bb _i=\u00bb0&#8243; _address=\u00bb3.0&#8243;][et_pb_column type=\u00bb4_4&#8243; _builder_version=\u00bb3.29.3&#8243; custom_padding=\u00bb|110px||110px|false|false\u00bb custom_padding_phone=\u00bb|10px||10px|false|false\u00bb custom_padding_last_edited=\u00bbon|phone\u00bb _i=\u00bb0&#8243; _address=\u00bb3.0.0&#8243;][et_pb_image src=\u00bbhttps:\/\/conectamutual.cl\/bienestar\/wp-content\/uploads\/2022\/11\/fuentealba_Mesa-de-trabajo-1.png\u00bb align=\u00bbcenter\u00bb _builder_version=\u00bb3.29.3&#8243; width=\u00bb53%\u00bb min_height=\u00bb189px\u00bb hover_enabled=\u00bb0&#8243; _i=\u00bb0&#8243; _address=\u00bb3.0.0.0&#8243;][\/et_pb_image][et_pb_text _builder_version=\u00bb3.29.3&#8243; text_font_size=\u00bb17px\u00bb text_line_height=\u00bb2.1em\u00bb ul_line_height=\u00bb2em\u00bb ol_line_height=\u00bb2em\u00bb header_2_text_color=\u00bb#c4d600&#8243; custom_margin=\u00bb||35px|||\u00bb custom_margin_last_edited=\u00bbon|phone\u00bb custom_padding=\u00bb20px|0px||0px|false|false\u00bb hover_enabled=\u00bb0&#8243; text_font_size_phone=\u00bb16px\u00bb text_font_size_last_edited=\u00bbon|phone\u00bb text_line_height_phone=\u00bb1.9em\u00bb text_line_height_last_edited=\u00bbon|phone\u00bb ol_line_height_last_edited=\u00bbon|phone\u00bb header_2_font_size_phone=\u00bb23px\u00bb header_2_font_size_last_edited=\u00bbon|phone\u00bb inline_fonts=\u00bbTimes New Roman,Verdana\u00bb _i=\u00bb2&#8243; _address=\u00bb3.0.0.2&#8243;]<\/p>\n<p><span style=\"font-weight: 400;\">Jos\u00e9 Fuentealba es Ingeniero de Ejecuci\u00f3n en Electr\u00f3nica y socio fundador de PRIMSER, empresa que en 2022 cumpli\u00f3 21 a\u00f1os. Con 25 trabajadores a su cargo, para nuestro entrevistado el mayor orgullo y compromiso est\u00e1 en la posibilidad de generar empleos, donde las personas puedan desarrollarse profesionalmente, ser aporte para ellos y sus familias y, sobre todo, que lleguen todos los d\u00edas sanos y a salvo a sus hogares.<\/span><\/p>\n<p><span style=\"font-weight: 400;\">Ac\u00e1 compartimos lo que nos cont\u00f3 de su experiencia:<\/span><\/p>\n<h2><b>\u00bfQu\u00e9 es lo que m\u00e1s y menos te gusta de tu trabajo?<\/b><\/h2>\n<p><span style=\"font-weight: 400;\">Lo que m\u00e1s me gusta es ver el avance de cada uno de nosotros, como persona y como profesional. Lo que menos me gusta es la inestabilidad del mercado y sus consecuencias.<\/span><\/p>\n<h2><b>\u00bfQu\u00e9 programa de promoci\u00f3n de salud han implementado o se encuentran implementando actualmente? \u00bfcu\u00e1l ha sido la experiencia en dicho proceso de implementaci\u00f3n?\u00a0<\/b><\/h2>\n<p><span style=\"font-weight: 400;\">Actualmente estamos implementado por segunda vez el programa ESYS, Empresa Segura y Saludable, de Mutual de Seguridad. Estamos en la etapa de coordinaci\u00f3n de las actividades programadas, y tenemos un equipo que est\u00e1 bien comprometido en sacar adelante este proyecto. Tenemos en carpeta varias actividades que nos ayudaran a unir m\u00e1s al grupo de trabajo y a enfocarnos en el bienestar de ellos, tanto f\u00edsica como psicol\u00f3gicamente.<\/span><\/p>\n<h2><b>\u00bfPor qu\u00e9 como empresa han decidido trabajar en un programa enfocado en el bienestar integral de los trabajadores? \u00bfcu\u00e1l es la motivaci\u00f3n asociada?<\/b><\/h2>\n<p><span style=\"font-weight: 400;\">Desde hace varios a\u00f1os tenemos la Seguridad como uno de nuestros valores de la empresa y creo que hemos trabajado bastante y con \u00e9xito en mantener la tasa de accidentabilidad en n\u00fameros m\u00ednimos, casi cero. Eso ya est\u00e1 bien interiorizado dentro de la empresa, por lo que creemos que ahora hay que seguir avanzando, dar un paso m\u00e1s y trabajar en la salud y bienestar de nuestros colaboradores. Queremos tener un grupo de trabajo sano, y si como empresa podemos contribuir en mejorar o concientizar en temas de bienestar y salud, lo vamos a hacer y afortunadamente tenemos el apoyo de Mutual que han sido quienes nos han motivado a seguir avanzando y no estancarnos creyendo que est\u00e1 todo hecho por tener los temas de seguridad controlados.<\/span><\/p>\n<h2><b>\u00bfCu\u00e1les han sido las claves del \u00e9xito? \u00bfy las principales dificultades o barreras?<\/b><\/h2>\n<p><span style=\"font-weight: 400;\">El saber mantener el foco en la empresa y no tanto en los beneficios personales. Estar siempre consciente que detr\u00e1s de cada trabajador hay una familia y que el \u00e9xito o el fracaso de PRIMSER va a repercutir en ella. Adem\u00e1s, creo que siempre tratamos de actuar de manera consecuente con nuestra formaci\u00f3n profesional y \u00e9tica, cumpliendo cabalmente la reglamentaci\u00f3n que nos aplica. Las principales barreras se asocian a convencer al equipo que las acciones a implementar ser\u00e1n un aporte a futuro, y la adaptaci\u00f3n a los nuevos liderazgos.\u00a0<\/span><\/p>\n<h2><b>\u00bfHan evidenciado hasta el momento algunos beneficios asociados al programa? \u00bfc\u00f3mo cu\u00e1les?<\/b><\/h2>\n<p><span style=\"font-weight: 400;\">Hasta el momento se ve una alta motivaci\u00f3n del grupo que est\u00e1 liderando el programa. Tienen ganas de cumplir de la mejor manera posible y con el foco puesto en la uni\u00f3n del grupo, poder comprometerlos y que participen de las actividades.\u00a0<\/span><\/p>\n<h2><b>\u00bfC\u00f3mo ha sido el acompa\u00f1amiento de Mutual de Seguridad en la implementaci\u00f3n del programa?<\/b><\/h2>\n<p><span style=\"font-weight: 400;\">El acompa\u00f1amiento de Mutual ha sido fundamental, son quienes nos orientan y nos acompa\u00f1an en este desaf\u00edo. Nos aportan con valiosos recursos humanos que nos ayudan a sacar adelante este programa, adem\u00e1s de material informativo, documental y capacitaciones para el personal. \u00a0<\/span><\/p>\n<h2><b>\u00bfConsideras que este tipo de iniciativas generan valor a tu empresa, teniendo una mirada desde el negocio, en un mercado tan competitivo?<\/b><\/h2>\n<p><span style=\"font-weight: 400;\">Sin duda que este tipo de programas genera un valor adicional a la empresa. Hay muchos clientes que valoran que pongamos el foco en la seguridad, salud y bienestar de nuestros trabajadores. Entendemos que estar sanos y seguros aporta a una mayor productividad de la empresa, y sobre todo a un mayor bienestar familiar.\u00a0<\/span><\/p>\n<h2><b>La promoci\u00f3n de salud en los lugares de trabajo es una tem\u00e1tica innovadora que pocos se atreven a abordar. \u00bfQu\u00e9 les dir\u00eda a otras empresas para convencerlas a sumarse a este trabajo?<\/b><\/h2>\n<p><span style=\"font-weight: 400;\">Que no teman invertir horas de trabajo o recursos econ\u00f3micos en este tipo de programas, ya que van en directo beneficio de los trabajadores y eso repercute en tener profesionales m\u00e1s motivados y productivos. El tener implementado este tipo de programa dentro de la empresa contribuye al salario emocional, mejorando las relaciones entre compa\u00f1eros y -lo que yo esperar\u00eda- m\u00e1s cari\u00f1o y compromiso con la empresa.<\/span><\/p>\n<p>[\/et_pb_text][\/et_pb_column][\/et_pb_row][et_pb_row _builder_version=\u00bb3.29.3&#8243; background_color=\u00bbrgba(0,0,0,0)\u00bb _i=\u00bb1&#8243; _address=\u00bb3.1&#8243;][et_pb_column type=\u00bb4_4&#8243; _builder_version=\u00bb3.29.3&#8243; transform_scale_linked=\u00bboff\u00bb transform_translate=\u00bb-4px|10px\u00bb transform_translate_linked=\u00bboff\u00bb custom_padding=\u00bb5px|0px|5px|0px|false|true\u00bb animation_style=\u00bbzoom\u00bb animation_duration=\u00bb500ms\u00bb border_radii=\u00bboff||||\u00bb border_color_all=\u00bb#cde002&#8243; border_width_top=\u00bb1px\u00bb border_color_top=\u00bb#e09900&#8243; border_style_top=\u00bbdotted\u00bb border_width_bottom=\u00bb1px\u00bb border_color_bottom=\u00bb#e09900&#8243; border_style_bottom=\u00bbdotted\u00bb _i=\u00bb0&#8243; _address=\u00bb3.1.0&#8243;][et_pb_code admin_label=\u00bbRating Art\u00edculo\u00bb _builder_version=\u00bb3.29.3&#8243; transform_scale=\u00bb110%|110%\u00bb transform_translate=\u00bb424px|5px\u00bb transform_translate_linked=\u00bboff\u00bb hover_enabled=\u00bb0&#8243; _i=\u00bb0&#8243; _address=\u00bb3.1.0.0&#8243;]<a class=\"typeform-share button\" href=\"https:\/\/singularmktg.typeform.com\/to\/COMq1XCs#art=756\" data-mode=\"drawer_right\" style=\"display:inline-block;text-decoration:none;background-color:#CDE002;color:white;cursor:pointer;font-family:Helvetica,Arial,sans-serif;font-size:20px;line-height:50px;text-align:center;margin:0;height:50px;padding:0px 33px;border-radius:12px;max-width:100%;white-space:nowrap;overflow:hidden;text-overflow:ellipsis;font-weight:bold;-webkit-font-smoothing:antialiased;-moz-osx-font-smoothing:grayscale;\" data-hide-headers=\"true\" data-hide-footer=\"true\" data-submit-close-delay=\"2\" target=\"_blank\" rel=\"noopener noreferrer\">Eval\u00faa este art\u00edculo <\/a> <script> (function() { var qs,js,q,s,d=document, gi=d.getElementById, ce=d.createElement, gt=d.getElementsByTagName, id=\"typef_orm_share\", b=\"https:\/\/embed.typeform.com\/\"; if(!gi.call(d,id)){ js=ce.call(d,\"script\"); js.id=id; js.src=b+\"embed.js\"; q=gt.call(d,\"script\")[0]; q.parentNode.insertBefore(js,q) } })() <\/script>[\/et_pb_code][\/et_pb_column][\/et_pb_row][et_pb_row _builder_version=\u00bb3.29.3&#8243; _i=\u00bb2&#8243; _address=\u00bb3.2&#8243;][et_pb_column type=\u00bb4_4&#8243; _builder_version=\u00bb3.29.3&#8243; custom_padding_phone=\u00bb40px||||false|false\u00bb custom_padding_last_edited=\u00bbon|phone\u00bb _i=\u00bb0&#8243; _address=\u00bb3.2.0&#8243;][et_pb_posts_carousel_agsdcm category_id=\u00bb391&#8243; max_title_characters=\u00bb150&#8243; heading_style=\u00bbcustom\u00bb heading_primary=\u00bb\u00daltimos Art\u00edculos\u00bb heading_sub=\u00bbTrabajos que hacen bien\u00bb posts_filter_any=\u00bbon\u00bb _builder_version=\u00bb3.29.3&#8243; header_font=\u00bbMontserrat||||||||\u00bb header_text_color=\u00bb#757575&#8243; header_font_size=\u00bb19px\u00bb subheader_text_color=\u00bb#828282&#8243; title_font=\u00bbMontserrat|700|||||||\u00bb title_text_color=\u00bb#acc601&#8243; border_color_all=\u00bb#cde002&#8243; _i=\u00bb0&#8243; _address=\u00bb3.2.0.0&#8243;][\/et_pb_posts_carousel_agsdcm][\/et_pb_column][\/et_pb_row][\/et_pb_section]<\/p>\n","protected":false},"excerpt":{"rendered":"<p>Jos\u00e9 Fuentealba es Ingeniero de Ejecuci\u00f3n en Electr\u00f3nica y socio fundador de PRIMSER, empresa que en 2022 cumpli\u00f3 21 a\u00f1os. Con 25 trabajadores a su cargo, para nuestro entrevistado el mayor orgullo y compromiso est\u00e1 en la posibilidad de generar empleos, donde las personas puedan desarrollarse profesionalmente, ser aporte para ellos y sus familias y, [&hellip;]<\/p>\n","protected":false},"author":2,"featured_media":9325,"comment_status":"closed","ping_status":"closed","sticky":false,"template":"","format":"standard","meta":{"_et_pb_use_builder":"on","_et_pb_old_content":"","_et_gb_content_width":"","footnotes":""},"categories":[391],"tags":[],"class_list":["post-9322","post","type-post","status-publish","format-standard","has-post-thumbnail","hentry","category-trabajos-que-hacen-bien","et-has-post-format-content","et_post_format-et-post-format-standard"],"_links":{"self":[{"href":"https:\/\/conectamutual.cl\/bienestar\/wp-json\/wp\/v2\/posts\/9322","targetHints":{"allow":["GET"]}}],"collection":[{"href":"https:\/\/conectamutual.cl\/bienestar\/wp-json\/wp\/v2\/posts"}],"about":[{"href":"https:\/\/conectamutual.cl\/bienestar\/wp-json\/wp\/v2\/types\/post"}],"author":[{"embeddable":true,"href":"https:\/\/conectamutual.cl\/bienestar\/wp-json\/wp\/v2\/users\/2"}],"replies":[{"embeddable":true,"href":"https:\/\/conectamutual.cl\/bienestar\/wp-json\/wp\/v2\/comments?post=9322"}],"version-history":[{"count":3,"href":"https:\/\/conectamutual.cl\/bienestar\/wp-json\/wp\/v2\/posts\/9322\/revisions"}],"predecessor-version":[{"id":9328,"href":"https:\/\/conectamutual.cl\/bienestar\/wp-json\/wp\/v2\/posts\/9322\/revisions\/9328"}],"wp:featuredmedia":[{"embeddable":true,"href":"https:\/\/conectamutual.cl\/bienestar\/wp-json\/wp\/v2\/media\/9325"}],"wp:attachment":[{"href":"https:\/\/conectamutual.cl\/bienestar\/wp-json\/wp\/v2\/media?parent=9322"}],"wp:term":[{"taxonomy":"category","embeddable":true,"href":"https:\/\/conectamutual.cl\/bienestar\/wp-json\/wp\/v2\/categories?post=9322"},{"taxonomy":"post_tag","embeddable":true,"href":"https:\/\/conectamutual.cl\/bienestar\/wp-json\/wp\/v2\/tags?post=9322"}],"curies":[{"name":"wp","href":"https:\/\/api.w.org\/{rel}","templated":true}]}}