{"id":9487,"date":"2022-12-13T20:44:04","date_gmt":"2022-12-13T23:44:04","guid":{"rendered":"https:\/\/conectamutual.cl\/bienestar\/?p=9487"},"modified":"2022-12-13T20:45:30","modified_gmt":"2022-12-13T23:45:30","slug":"cansancio-laboral-un-problema-no-solo-de-fin-de-ano","status":"publish","type":"post","link":"https:\/\/conectamutual.cl\/bienestar\/ex-ante\/cansancio-laboral-un-problema-no-solo-de-fin-de-ano\/","title":{"rendered":"Cansancio laboral, un problema no s\u00f3lo de fin de a\u00f1o"},"content":{"rendered":"<p>[et_pb_section fb_built=\u00bb1&#8243; _builder_version=\u00bb3.29.3&#8243; custom_margin=\u00bb||-50px||false|false\u00bb custom_margin_phone=\u00bb||0px||false|false\u00bb custom_margin_last_edited=\u00bbon|phone\u00bb custom_padding=\u00bb11px||0px||false|false\u00bb fb_built=\u00bb1&#8243; _i=\u00bb0&#8243; _address=\u00bb0&#8243;][et_pb_row disabled_on=\u00bboff|off|off\u00bb _builder_version=\u00bb3.29.3&#8243; min_height=\u00bb269px\u00bb custom_margin=\u00bb-15px|auto|-190px|auto|false|false\u00bb custom_margin_last_edited=\u00bbon|phone\u00bb custom_padding=\u00bb||0px||false|false\u00bb _i=\u00bb0&#8243; _address=\u00bb0.0&#8243;][et_pb_column type=\u00bb4_4&#8243; _builder_version=\u00bb3.29.3&#8243; _i=\u00bb0&#8243; _address=\u00bb0.0.0&#8243;][et_pb_image src=\u00bbhttps:\/\/conectamutual.cl\/bienestar\/wp-content\/uploads\/2019\/10\/Logo-Espacio-Mutuo-02.png\u00bb align=\u00bbcenter\u00bb disabled_on=\u00bbon|on|on\u00bb _builder_version=\u00bb3.29.3&#8243; width=\u00bb83%\u00bb width_phone=\u00bb22%\u00bb width_last_edited=\u00bbon|phone\u00bb custom_margin=\u00bb15px||-21px||false|false\u00bb disabled=\u00bbon\u00bb _i=\u00bb0&#8243; _address=\u00bb0.0.0.0&#8243;][\/et_pb_image][et_pb_image src=\u00bbhttps:\/\/conectamutual.cl\/bienestar\/wp-content\/uploads\/2019\/10\/Logo-Oficial-Mutual-01.png\u00bb align=\u00bbcenter\u00bb _builder_version=\u00bb3.29.3&#8243; width=\u00bb100%\u00bb width_phone=\u00bb80%\u00bb width_last_edited=\u00bbon|phone\u00bb custom_margin=\u00bb10px||10px||true|false\u00bb custom_margin_phone=\u00bb10px||13px||false|false\u00bb custom_margin_last_edited=\u00bbon|phone\u00bb custom_padding=\u00bb27px|||||\u00bb _i=\u00bb1&#8243; _address=\u00bb0.0.0.1&#8243;][\/et_pb_image][\/et_pb_column][\/et_pb_row][\/et_pb_section][et_pb_section fb_built=\u00bb1&#8243; _builder_version=\u00bb3.29.3&#8243; custom_padding=\u00bb0px||1px|||\u00bb fb_built=\u00bb1&#8243; _i=\u00bb1&#8243; _address=\u00bb1&#8243;][et_pb_row _builder_version=\u00bb3.29.3&#8243; custom_padding=\u00bb3px||36px|||\u00bb _i=\u00bb0&#8243; _address=\u00bb1.0&#8243;][et_pb_column type=\u00bb4_4&#8243; _builder_version=\u00bb3.29.3&#8243; _i=\u00bb0&#8243; _address=\u00bb1.0.0&#8243;][et_pb_post_title comments=\u00bboff\u00bb featured_image=\u00bboff\u00bb _builder_version=\u00bb3.29.3&#8243; title_font=\u00bbMontserrat|700|||||||\u00bb title_text_align=\u00bbcenter\u00bb title_text_color=\u00bb#c4d600&#8243; title_font_size=\u00bb54px\u00bb title_line_height=\u00bb1.1em\u00bb meta_font=\u00bbMontserrat||||||||\u00bb meta_text_align=\u00bbcenter\u00bb meta_font_size=\u00bb12px\u00bb custom_margin=\u00bb70px||||false|false\u00bb title_font_size_phone=\u00bb30px\u00bb title_font_size_last_edited=\u00bbon|phone\u00bb meta_font_size_phone=\u00bb10px\u00bb meta_font_size_last_edited=\u00bbon|phone\u00bb _i=\u00bb0&#8243; _address=\u00bb1.0.0.0&#8243;][\/et_pb_post_title][\/et_pb_column][\/et_pb_row][\/et_pb_section][et_pb_section fb_built=\u00bb1&#8243; fullwidth=\u00bbon\u00bb _builder_version=\u00bb3.29.3&#8243; fb_built=\u00bb1&#8243; _i=\u00bb2&#8243; _address=\u00bb2&#8243;][et_pb_fullwidth_image src=\u00bbhttps:\/\/conectamutual.cl\/bienestar\/wp-content\/uploads\/2022\/12\/pexels-anna-tarazevich-6173666.jpg\u00bb _builder_version=\u00bb3.29.3&#8243; hover_enabled=\u00bb0&#8243; _i=\u00bb0&#8243; _address=\u00bb2.0&#8243;][\/et_pb_fullwidth_image][\/et_pb_section][et_pb_section fb_built=\u00bb1&#8243; _builder_version=\u00bb3.29.3&#8243; custom_padding=\u00bb11px||8px|||\u00bb fb_built=\u00bb1&#8243; _i=\u00bb3&#8243; _address=\u00bb3&#8243;][et_pb_row _builder_version=\u00bb3.29.3&#8243; custom_padding=\u00bb9px||39px|||\u00bb _i=\u00bb0&#8243; _address=\u00bb3.0&#8243;][et_pb_column type=\u00bb4_4&#8243; _builder_version=\u00bb3.29.3&#8243; custom_padding=\u00bb|110px||110px|false|false\u00bb custom_padding_phone=\u00bb|10px||10px|false|false\u00bb custom_padding_last_edited=\u00bbon|phone\u00bb _i=\u00bb0&#8243; _address=\u00bb3.0.0&#8243;][et_pb_text _builder_version=\u00bb3.29.3&#8243; text_font_size=\u00bb17px\u00bb text_line_height=\u00bb2.1em\u00bb ul_line_height=\u00bb2.2em\u00bb ol_line_height=\u00bb2.2em\u00bb header_2_text_color=\u00bb#c4d600&#8243; header_3_line_height=\u00bb1.6em\u00bb custom_margin_last_edited=\u00bbon|phone\u00bb custom_padding=\u00bb36px|0px||0px|false|false\u00bb hover_enabled=\u00bb0&#8243; text_font_size_phone=\u00bb16px\u00bb text_font_size_last_edited=\u00bbon|phone\u00bb text_line_height_phone=\u00bb1.9em\u00bb text_line_height_last_edited=\u00bbon|phone\u00bb header_2_font_size_phone=\u00bb23px\u00bb header_2_font_size_last_edited=\u00bbon|phone\u00bb _i=\u00bb0&#8243; _address=\u00bb3.0.0.0&#8243;]<\/p>\n<blockquote>\n<p><span style=\"font-weight: 400;\">El cansancio laboral es uno de los principales factores que merman la productividad, ya que los trabajadores tienen una sensaci\u00f3n de agotamiento emocional, desconexi\u00f3n con el trabajo y, por ende, una baja importante en el inter\u00e9s por completar las labores diarias.\u00a0<\/span><\/p>\n<\/blockquote>\n<p><span style=\"font-weight: 400;\">Este problema se acrecienta al llegar el fin de a\u00f1o y la celebraci\u00f3n de las fiestas, ya que agrega una cuota extra de presi\u00f3n sobre los colaboradores.\u00a0<\/span><\/p>\n<p><span style=\"font-weight: 400;\">Ante este escenario, hay dos caminos para tomar. El m\u00e1s simple es no darle importancia y seguir con un estilo de management m\u00e1s duro y por ende exigir de la misma manera a los equipos. El segundo es optar por una conducci\u00f3n m\u00e1s centrada en el liderazgo y la implementaci\u00f3n de pol\u00edticas que ayuden a reducir posibles licencias y renuncias.\u00a0\u00a0<\/span><\/p>\n<p><span style=\"font-weight: 400;\">Si usted es de las personas que est\u00e1 interesado en prevenir, antes que lamentar bajas en su equipo, es importante recalcar que estos episodios deben trabajarse durante todo el a\u00f1o y no s\u00f3lo cuando se hacen expl\u00edcitos.\u00a0<\/span><\/p>\n<p><span style=\"font-weight: 400;\">\u201cPara generar un espacio donde se evite el cansancio laboral, lo principal es propiciar un ambiente c\u00f3modo y seguro para que los equipos desempe\u00f1en su trabajo. Garantizar que est\u00e9n seguros mental y f\u00edsicamente, adem\u00e1s de reconocer a las personas por su valor. Tambi\u00e9n es relevante brindar instancias de conversaci\u00f3n para identificar este proceso como normal en este per\u00edodo. Esto brinda un v\u00ednculo distinto con el trabajador\u201d, comenta Ignacio Puebla, psic\u00f3logo y jefe del departamento de Factores Humanos y Organizacionales de Mutual de Seguridad<\/span><\/p>\n<h2><b>Consejos para prevenir<\/b><\/h2>\n<p><span style=\"font-weight: 400;\">De acuerdo a Jennifer Moss, autora del libro, The Burnout Epidemic: The Rise of Chronic Stress and How We Can Fix It, es muy relevante \u201ccambiar las pol\u00edticas y las culturas de los lugares de trabajo que generan agotamiento en primer lugar. Si deseas abordar el problema del burnout, el primer paso es repetir e internalizar este mantra: \u201cEl agotamiento se trata de tu organizaci\u00f3n, no de tu gente\u201d.<\/span><\/p>\n<p><span style=\"font-weight: 400;\">Para lograr esto, la especialista entrega algunos consejos que se enfocan en hacer de la oficina un lugar de crecimiento y de trabajo colaborativo. El objetivo es evitar que el colaborador sienta que s\u00f3lo cumple una tarea, sino que forma parte de algo m\u00e1s grande.\u00a0<\/span><\/p>\n<p><span style=\"font-weight: 400;\">Distribuir la carga laboral es clave porque de esa manera los equipos entienden el esfuerzo que deben poner en las tareas. Hay algunas que son m\u00e1s importantes que otras y eso debe estar claro desde un inicio. A este punto ayuda tener una comunicaci\u00f3n abierta con los c<\/span><span style=\"font-weight: 400;\">olaboradores, brindar apoyo si hay cambios y potenciar las habilidades de cada uno.<\/span><\/p>\n<h2><b>Pensar en un equipo \u00e1gil y flexible\u00a0\u00a0<\/b><\/h2>\n<p><span style=\"font-weight: 400;\">La pandemia dej\u00f3 varias lecciones. Una de ellas es que si los trabajadores est\u00e1n comprometidos pueden lograr las metas siendo flexibles y no necesariamente estando en las oficinas. Lo importante es el objetivo a cumplir. Por eso es muy importante la autonom\u00eda, para as\u00ed darles a entender que sus esfuerzos son importantes y un aporte para el equipo.\u00a0<\/span><\/p>\n<p><span style=\"font-weight: 400;\">Recibir el sueldo es s\u00f3lo una parte de lo que buscan los trabajadores al ser parte de una empresa. El agradecimiento, destacar genuinamente el trabajo realizado y premiar cuando se logran las metas, evita que los trabajadores se desmotiven.\u00a0<\/span><\/p>\n<p><span style=\"font-weight: 400;\">\u201cCuando no nos reconocemos unos a otros, tanto como compa\u00f1eros y como l\u00edderes, perdemos nuestro sentido de valor para la misi\u00f3n organizacional mayor y dejamos de sentirnos bien con nosotros mismos\u201d, escribe Moss en su libro.<\/span><\/p>\n<p><span style=\"font-weight: 400;\">Ning\u00fan equipo trabaja motivado y de mejor manera si los integrantes no tienen la instancia para relacionarse y construir buenos lazos laborales. Al generar estos v\u00ednculos, mejora la salud mental de los colaboradores y generar mayor pertenencia con su empleador. Se sienten comprometidos y, por ende, son capaces de disfrutar su trabajo, reduciendo de manera relevante, el cansancio laboral.\u00a0<\/span><\/p>\n<p><span style=\"font-weight: 400;\">De acuerdo a diversos estudios, los tratos injustos o discriminatorios, influyen directamente en la cantidad de licencias que solicitan los trabajadores o dentro de los factores que suelen describir cuando hablan sobre el cansancio laboral.\u00a0<\/span><\/p>\n<p><span style=\"font-weight: 400;\">Moss sugiere que las organizaciones deben contar con mecanismos de quejas, responder a todos los comentarios y actuar con prontitud para resolver los problemas. De lo contrario, el resentimiento est\u00e1 destinado a crecer.<\/span><\/p>\n<p><span style=\"font-weight: 400;\">Por \u00faltimo, para evitar la desmotivaci\u00f3n y, por ende, el aumento del cansancio laboral, es importante conformar equipos con integrantes que tengan los valores y los objetivos similares a los de la compa\u00f1\u00eda, as\u00ed se asegura que las personas tengan mejor salud mental y con eso se reduce la posibilidad de que mermen su rendimiento o soliciten licencias m\u00e9dicas.\u00a0<\/span><\/p>\n<p><span style=\"font-weight: 400;\">La invitaci\u00f3n es a revisar estos puntos, durante todo el a\u00f1o y no s\u00f3lo en diciembre. As\u00ed podr\u00e1 evaluar si al cumplirlos, aporta de manera directa a que sus colaboradores sigan aportando a las metas establecidas, se reduzca el cansancio laboral y aportar a la salud y bienestar de sus trabajadores.\u00a0\u00a0<\/span><\/p>\n<p>[\/et_pb_text][\/et_pb_column][\/et_pb_row][et_pb_row _builder_version=\u00bb3.29.3&#8243; custom_padding=\u00bb27px|||||\u00bb _i=\u00bb1&#8243; _address=\u00bb3.1&#8243;][et_pb_column type=\u00bb4_4&#8243; _builder_version=\u00bb3.29.3&#8243; _i=\u00bb0&#8243; _address=\u00bb3.1.0&#8243;][et_pb_text _builder_version=\u00bb3.29.3&#8243; text_font=\u00bb|700|||||||\u00bb text_text_color=\u00bb#606060&#8243; text_font_size=\u00bb17px\u00bb text_letter_spacing=\u00bb2px\u00bb custom_margin=\u00bb||15px|||\u00bb _i=\u00bb0&#8243; _address=\u00bb3.1.0.0&#8243;]<\/p>\n<p style=\"text-align: center;\">\u00bfQUIERES ACCEDER A M\u00c1S ART\u00cdCULOS COMO \u00c9STE?<\/p>\n<p>[\/et_pb_text][et_pb_button button_url=\u00bbhttps:\/\/conectamutual.cl\/bienestar\/ex-ante\/\u00bb button_text=\u00bbSUSCR\u00cdBETE AQU\u00cd\u00bb button_alignment=\u00bbcenter\u00bb _builder_version=\u00bb3.29.3&#8243; custom_button=\u00bbon\u00bb button_text_size=\u00bb20px\u00bb button_text_color=\u00bb#ffffff\u00bb button_bg_color=\u00bb#c4d600&#8243; button_border_width=\u00bb8px\u00bb button_border_color=\u00bb#c4d600&#8243; button_border_radius=\u00bb0px\u00bb button_letter_spacing=\u00bb2px\u00bb button_font=\u00bbMontserrat|600||on|||||\u00bb button_icon=\u00bb%%3%%\u00bb custom_margin=\u00bb10px|||\u00bb animation_style=\u00bbfade\u00bb _i=\u00bb1&#8243; _address=\u00bb3.1.0.1&#8243; button_text_size__hover_enabled=\u00bboff\u00bb button_one_text_size__hover_enabled=\u00bboff\u00bb button_two_text_size__hover_enabled=\u00bboff\u00bb button_text_color__hover_enabled=\u00bboff\u00bb button_one_text_color__hover_enabled=\u00bboff\u00bb button_two_text_color__hover_enabled=\u00bboff\u00bb button_border_width__hover_enabled=\u00bboff\u00bb button_one_border_width__hover_enabled=\u00bboff\u00bb button_two_border_width__hover_enabled=\u00bboff\u00bb button_border_color__hover_enabled=\u00bboff\u00bb button_one_border_color__hover_enabled=\u00bboff\u00bb button_two_border_color__hover_enabled=\u00bboff\u00bb button_border_radius__hover_enabled=\u00bboff\u00bb button_one_border_radius__hover_enabled=\u00bboff\u00bb button_two_border_radius__hover_enabled=\u00bboff\u00bb button_letter_spacing__hover_enabled=\u00bboff\u00bb button_one_letter_spacing__hover_enabled=\u00bboff\u00bb button_two_letter_spacing__hover_enabled=\u00bboff\u00bb button_bg_color__hover_enabled=\u00bboff\u00bb button_one_bg_color__hover_enabled=\u00bboff\u00bb button_two_bg_color__hover_enabled=\u00bboff\u00bb button_bg_enable_color=\u00bbon\u00bb][\/et_pb_button][\/et_pb_column][\/et_pb_row][et_pb_row disabled_on=\u00bbon|on|on\u00bb _builder_version=\u00bb3.29.3&#8243; custom_padding=\u00bb50px|||||\u00bb disabled=\u00bbon\u00bb _i=\u00bb2&#8243; _address=\u00bb3.2&#8243;][et_pb_column type=\u00bb4_4&#8243; _builder_version=\u00bb3.29.3&#8243; custom_padding_phone=\u00bb40px||||false|false\u00bb custom_padding_last_edited=\u00bbon|phone\u00bb _i=\u00bb0&#8243; _address=\u00bb3.2.0&#8243;][et_pb_posts_carousel_agsdcm category_id=\u00bb419&#8243; max_title_characters=\u00bb150&#8243; heading_style=\u00bbcustom\u00bb heading_primary=\u00bb\u00daltimos Art\u00edculos\u00bb heading_sub=\u00bb EX-ANTE\u00bb posts_filter_any=\u00bbon\u00bb _builder_version=\u00bb3.29.3&#8243; header_font=\u00bbMontserrat||||||||\u00bb header_text_color=\u00bb#757575&#8243; header_font_size=\u00bb19px\u00bb subheader_text_color=\u00bb#828282&#8243; title_font=\u00bbMontserrat|700|||||||\u00bb title_text_color=\u00bb#acc601&#8243; border_color_all=\u00bb#cde002&#8243; _i=\u00bb0&#8243; _address=\u00bb3.2.0.0&#8243;][\/et_pb_posts_carousel_agsdcm][\/et_pb_column][\/et_pb_row][\/et_pb_section]<\/p>\n","protected":false},"excerpt":{"rendered":"<p>El cansancio laboral es uno de los principales factores que merman la productividad, ya que los trabajadores tienen una sensaci\u00f3n de agotamiento emocional, desconexi\u00f3n con el trabajo y, por ende, una baja importante en el inter\u00e9s por completar las labores diarias.\u00a0 Este problema se acrecienta al llegar el fin de a\u00f1o y la celebraci\u00f3n de [&hellip;]<\/p>\n","protected":false},"author":2,"featured_media":9490,"comment_status":"closed","ping_status":"closed","sticky":false,"template":"","format":"standard","meta":{"_et_pb_use_builder":"on","_et_pb_old_content":"","_et_gb_content_width":"","footnotes":""},"categories":[419],"tags":[],"class_list":["post-9487","post","type-post","status-publish","format-standard","has-post-thumbnail","hentry","category-ex-ante","et-has-post-format-content","et_post_format-et-post-format-standard"],"_links":{"self":[{"href":"https:\/\/conectamutual.cl\/bienestar\/wp-json\/wp\/v2\/posts\/9487","targetHints":{"allow":["GET"]}}],"collection":[{"href":"https:\/\/conectamutual.cl\/bienestar\/wp-json\/wp\/v2\/posts"}],"about":[{"href":"https:\/\/conectamutual.cl\/bienestar\/wp-json\/wp\/v2\/types\/post"}],"author":[{"embeddable":true,"href":"https:\/\/conectamutual.cl\/bienestar\/wp-json\/wp\/v2\/users\/2"}],"replies":[{"embeddable":true,"href":"https:\/\/conectamutual.cl\/bienestar\/wp-json\/wp\/v2\/comments?post=9487"}],"version-history":[{"count":3,"href":"https:\/\/conectamutual.cl\/bienestar\/wp-json\/wp\/v2\/posts\/9487\/revisions"}],"predecessor-version":[{"id":9492,"href":"https:\/\/conectamutual.cl\/bienestar\/wp-json\/wp\/v2\/posts\/9487\/revisions\/9492"}],"wp:featuredmedia":[{"embeddable":true,"href":"https:\/\/conectamutual.cl\/bienestar\/wp-json\/wp\/v2\/media\/9490"}],"wp:attachment":[{"href":"https:\/\/conectamutual.cl\/bienestar\/wp-json\/wp\/v2\/media?parent=9487"}],"wp:term":[{"taxonomy":"category","embeddable":true,"href":"https:\/\/conectamutual.cl\/bienestar\/wp-json\/wp\/v2\/categories?post=9487"},{"taxonomy":"post_tag","embeddable":true,"href":"https:\/\/conectamutual.cl\/bienestar\/wp-json\/wp\/v2\/tags?post=9487"}],"curies":[{"name":"wp","href":"https:\/\/api.w.org\/{rel}","templated":true}]}}