{"id":9501,"date":"2022-12-19T10:50:15","date_gmt":"2022-12-19T13:50:15","guid":{"rendered":"https:\/\/conectamutual.cl\/bienestar\/?p=9501"},"modified":"2022-12-19T10:52:51","modified_gmt":"2022-12-19T13:52:51","slug":"te-sientes-como-el-grinch-descubre-por-que-las-fiestas-de-fin-de-ano-te-ponen-de-mal-humor","status":"publish","type":"post","link":"https:\/\/conectamutual.cl\/bienestar\/nuevas-miradas\/te-sientes-como-el-grinch-descubre-por-que-las-fiestas-de-fin-de-ano-te-ponen-de-mal-humor\/","title":{"rendered":"\u00bfTe sientes como el Grinch? Descubre por qu\u00e9 las fiestas de fin de a\u00f1o te ponen de mal humor"},"content":{"rendered":"<p>[et_pb_section fb_built=\u00bb1&#8243; _builder_version=\u00bb3.29.3&#8243; custom_margin=\u00bb||-50px||false|false\u00bb custom_margin_phone=\u00bb||0px||false|false\u00bb custom_margin_last_edited=\u00bbon|phone\u00bb custom_padding=\u00bb11px||0px||false|false\u00bb fb_built=\u00bb1&#8243; _i=\u00bb0&#8243; _address=\u00bb0&#8243;][et_pb_row column_structure=\u00bb1_3,1_3,1_3&#8243; disabled_on=\u00bbon|on|off\u00bb _builder_version=\u00bb3.29.3&#8243; min_height=\u00bb269px\u00bb custom_margin=\u00bb-15px|auto|-190px|auto|false|false\u00bb custom_margin_last_edited=\u00bbon|phone\u00bb custom_padding=\u00bb||0px||false|false\u00bb _i=\u00bb0&#8243; _address=\u00bb0.0&#8243;][et_pb_column type=\u00bb1_3&#8243; _builder_version=\u00bb3.29.3&#8243; _i=\u00bb0&#8243; _address=\u00bb0.0.0&#8243;][\/et_pb_column][et_pb_column type=\u00bb1_3&#8243; _builder_version=\u00bb3.29.3&#8243; _i=\u00bb1&#8243; _address=\u00bb0.0.1&#8243;][et_pb_image src=\u00bbhttps:\/\/conectamutual.cl\/bienestar\/wp-content\/uploads\/2019\/10\/Logo-Espacio-Mutuo-02.png\u00bb align=\u00bbcenter\u00bb _builder_version=\u00bb3.29.3&#8243; width=\u00bb83%\u00bb width_phone=\u00bb22%\u00bb width_last_edited=\u00bbon|phone\u00bb custom_margin=\u00bb15px||||false|false\u00bb _i=\u00bb0&#8243; _address=\u00bb0.0.1.0&#8243;][\/et_pb_image][\/et_pb_column][et_pb_column type=\u00bb1_3&#8243; _builder_version=\u00bb3.29.3&#8243; _i=\u00bb2&#8243; _address=\u00bb0.0.2&#8243;][et_pb_image src=\u00bbhttps:\/\/conectamutual.cl\/bienestar\/wp-content\/uploads\/2021\/01\/Captura-de-Pantalla-2021-01-16-a-las-10.07.37.png\u00bb align=\u00bbright\u00bb _builder_version=\u00bb3.29.3&#8243; width=\u00bb72%\u00bb width_phone=\u00bb41%\u00bb width_last_edited=\u00bbon|phone\u00bb custom_margin=\u00bb45px||45px||true|false\u00bb custom_margin_phone=\u00bb10px||60px||false|false\u00bb custom_margin_last_edited=\u00bbon|phone\u00bb _i=\u00bb0&#8243; _address=\u00bb0.0.2.0&#8243;][\/et_pb_image][\/et_pb_column][\/et_pb_row][et_pb_row column_structure=\u00bb1_3,1_3,1_3&#8243; disabled_on=\u00bboff|off|on\u00bb _builder_version=\u00bb3.29.3&#8243; min_height=\u00bb269px\u00bb custom_margin=\u00bb-15px|auto|-20px|auto|false|false\u00bb custom_margin_last_edited=\u00bbon|phone\u00bb custom_padding=\u00bb||||false|false\u00bb _i=\u00bb1&#8243; _address=\u00bb0.1&#8243;][et_pb_column type=\u00bb1_3&#8243; _builder_version=\u00bb3.29.3&#8243; _i=\u00bb0&#8243; _address=\u00bb0.1.0&#8243;][\/et_pb_column][et_pb_column type=\u00bb1_3&#8243; _builder_version=\u00bb3.29.3&#8243; _i=\u00bb1&#8243; _address=\u00bb0.1.1&#8243;][et_pb_image src=\u00bbhttps:\/\/conectamutual.cl\/bienestar\/wp-content\/uploads\/2019\/10\/Logo-Espacio-Mutuo-01.png\u00bb align=\u00bbcenter\u00bb force_fullwidth=\u00bbon\u00bb _builder_version=\u00bb3.29.3&#8243; min_height=\u00bb170px\u00bb min_height_phone=\u00bb187px\u00bb min_height_last_edited=\u00bbon|phone\u00bb height=\u00bb100px\u00bb max_height=\u00bb1000px\u00bb custom_margin=\u00bb-14px||8px|||\u00bb _i=\u00bb0&#8243; _address=\u00bb0.1.1.0&#8243;][\/et_pb_image][\/et_pb_column][et_pb_column type=\u00bb1_3&#8243; _builder_version=\u00bb3.29.3&#8243; _i=\u00bb2&#8243; _address=\u00bb0.1.2&#8243;][et_pb_image src=\u00bbhttps:\/\/conectamutual.cl\/bienestar\/wp-content\/uploads\/2021\/01\/Captura-de-Pantalla-2021-01-16-a-las-10.07.37.png\u00bb align=\u00bbcenter\u00bb _builder_version=\u00bb3.29.3&#8243; width=\u00bb94%\u00bb width_phone=\u00bb65%\u00bb width_last_edited=\u00bbon|phone\u00bb module_alignment=\u00bbcenter\u00bb custom_margin=\u00bb45px||45px||true|false\u00bb custom_margin_phone=\u00bb10px||60px||false|false\u00bb custom_margin_last_edited=\u00bbon|phone\u00bb _i=\u00bb0&#8243; _address=\u00bb0.1.2.0&#8243;][\/et_pb_image][\/et_pb_column][\/et_pb_row][\/et_pb_section][et_pb_section fb_built=\u00bb1&#8243; _builder_version=\u00bb3.29.3&#8243; custom_padding=\u00bb4px||0px|||\u00bb fb_built=\u00bb1&#8243; _i=\u00bb1&#8243; _address=\u00bb1&#8243;][et_pb_row _builder_version=\u00bb3.29.3&#8243; min_height=\u00bb102px\u00bb custom_margin_phone=\u00bb20px||||false|false\u00bb custom_margin_last_edited=\u00bbon|phone\u00bb custom_padding=\u00bb34px||10px|||\u00bb _i=\u00bb0&#8243; _address=\u00bb1.0&#8243;][et_pb_column type=\u00bb4_4&#8243; _builder_version=\u00bb3.29.3&#8243; _i=\u00bb0&#8243; _address=\u00bb1.0.0&#8243;][et_pb_image src=\u00bbhttps:\/\/conectamutual.cl\/bienestar\/wp-content\/uploads\/2019\/12\/LOGOS-CATEGORIAS-03.png\u00bb align=\u00bbcenter\u00bb disabled_on=\u00bboff|off|off\u00bb _builder_version=\u00bb3.29.3&#8243; width=\u00bb48%\u00bb width_phone=\u00bb95%\u00bb width_last_edited=\u00bbon|phone\u00bb _i=\u00bb0&#8243; _address=\u00bb1.0.0.0&#8243;][\/et_pb_image][\/et_pb_column][\/et_pb_row][\/et_pb_section][et_pb_section fb_built=\u00bb1&#8243; _builder_version=\u00bb3.29.3&#8243; custom_padding=\u00bb27px||1px|||\u00bb fb_built=\u00bb1&#8243; _i=\u00bb2&#8243; _address=\u00bb2&#8243;][et_pb_row _builder_version=\u00bb3.29.3&#8243; custom_padding=\u00bb3px||36px|||\u00bb _i=\u00bb0&#8243; _address=\u00bb2.0&#8243;][et_pb_column type=\u00bb4_4&#8243; _builder_version=\u00bb3.29.3&#8243; _i=\u00bb0&#8243; _address=\u00bb2.0.0&#8243;][et_pb_post_title comments=\u00bboff\u00bb featured_image=\u00bboff\u00bb _builder_version=\u00bb3.29.3&#8243; title_font=\u00bbMontserrat|700|||||||\u00bb title_text_align=\u00bbcenter\u00bb title_text_color=\u00bb#c4d600&#8243; title_font_size=\u00bb54px\u00bb title_line_height=\u00bb1.1em\u00bb meta_font=\u00bbMontserrat||||||||\u00bb meta_text_align=\u00bbcenter\u00bb meta_font_size=\u00bb12px\u00bb title_font_size_phone=\u00bb30px\u00bb title_font_size_last_edited=\u00bbon|phone\u00bb meta_font_size_phone=\u00bb10px\u00bb meta_font_size_last_edited=\u00bbon|phone\u00bb _i=\u00bb0&#8243; _address=\u00bb2.0.0.0&#8243;][\/et_pb_post_title][\/et_pb_column][\/et_pb_row][\/et_pb_section][et_pb_section fb_built=\u00bb1&#8243; fullwidth=\u00bbon\u00bb _builder_version=\u00bb3.29.3&#8243; fb_built=\u00bb1&#8243; _i=\u00bb3&#8243; _address=\u00bb3&#8243;][et_pb_fullwidth_image src=\u00bbhttps:\/\/conectamutual.cl\/bienestar\/wp-content\/uploads\/2022\/12\/pexels-rodnae-productions-6517904.jpg\u00bb _builder_version=\u00bb3.29.3&#8243; custom_padding=\u00bb0px||0px|||\u00bb hover_enabled=\u00bb0&#8243; _i=\u00bb0&#8243; _address=\u00bb3.0&#8243;][\/et_pb_fullwidth_image][\/et_pb_section][et_pb_section fb_built=\u00bb1&#8243; _builder_version=\u00bb3.29.3&#8243; custom_padding=\u00bb||8px|||\u00bb fb_built=\u00bb1&#8243; _i=\u00bb4&#8243; _address=\u00bb4&#8243;][et_pb_row _builder_version=\u00bb3.29.3&#8243; custom_padding=\u00bb9px|||||\u00bb _i=\u00bb0&#8243; _address=\u00bb4.0&#8243;][et_pb_column type=\u00bb4_4&#8243; _builder_version=\u00bb3.29.3&#8243; custom_padding=\u00bb|110px||110px|false|false\u00bb custom_padding_phone=\u00bb|10px||10px|false|false\u00bb custom_padding_last_edited=\u00bbon|phone\u00bb _i=\u00bb0&#8243; _address=\u00bb4.0.0&#8243;][et_pb_text _builder_version=\u00bb3.29.3&#8243; text_font_size=\u00bb17px\u00bb text_line_height=\u00bb2.1em\u00bb ol_line_height=\u00bb1.9em\u00bb header_2_text_color=\u00bb#c4d600&#8243; custom_margin_last_edited=\u00bbon|phone\u00bb custom_padding=\u00bb|0px||0px|false|false\u00bb hover_enabled=\u00bb0&#8243; text_font_size_phone=\u00bb16px\u00bb text_font_size_last_edited=\u00bbon|phone\u00bb text_line_height_phone=\u00bb1.9em\u00bb text_line_height_last_edited=\u00bbon|phone\u00bb header_2_font_size_phone=\u00bb23px\u00bb header_2_font_size_last_edited=\u00bbon|phone\u00bb _i=\u00bb0&#8243; _address=\u00bb4.0.0.0&#8243;]<\/p>\n<blockquote>\n<p><span style=\"font-weight: 400;\">Desde parientes entrometidos hasta una lista interminable de cosas por hacer, <\/span><a href=\"https:\/\/www.womansworld.com\/posts\/mental-health\/why-do-the-holidays-make-me-irritable\"><span style=\"font-weight: 400;\">las fiestas de fin de a\u00f1o pueden ser frustrantes <\/span><\/a><span style=\"font-weight: 400;\">(por decir lo menos). Afortunadamente, la irritaci\u00f3n navide\u00f1a es algo que puedes evitar con estos 6 consejos que te ayudar\u00e1n a disfrutar de lo que queda de 2022.\u00a0<\/span><\/p>\n<\/blockquote>\n<p><b><\/b><\/p>\n<ul>\n<li aria-level=\"1\">\n<h3><b>NO TE AGUANTES.\u00a0<\/b><\/h3>\n<\/li>\n<\/ul>\n<p><span style=\"font-size: 17px; font-style: inherit; font-variant-ligatures: inherit; font-variant-caps: inherit;\">Es perfectamente normal <\/span><a href=\"https:\/\/conectamutual.cl\/bienestar\/vivir-mejor\/locos-de-ira-que-hacer-cuando-el-enojo-esta-fuera-de-control\/\" style=\"font-size: 17px; font-style: inherit; font-variant-ligatures: inherit; font-variant-caps: inherit;\">sentirse no tan alegre<\/a><span style=\"font-size: 17px; font-style: inherit; font-variant-ligatures: inherit; font-variant-caps: inherit;\"> &#8211; y est\u00e1 bien, dice la experta Alison McKleroy, autora de <\/span><i style=\"font-size: 17px; font-variant-ligatures: inherit; font-variant-caps: inherit;\">Essential Strategies for Social Anxiety<\/i><span style=\"font-size: 17px; font-style: inherit; font-variant-ligatures: inherit; font-variant-caps: inherit;\"> y fundadora del Center for Spark, una empresa de crecimiento personal.<\/span><\/p>\n<p><span style=\"font-weight: 400;\">\u201cSolo dite a ti mismo(a): <\/span><i><span style=\"font-weight: 400;\">\u2018Es humano sentirse de mal humor durante las fiestas, tiene sentido\u2019<\/span><\/i><span style=\"font-weight: 400;\">. <\/span><b>Esta temporada agitada tiende a activar el dolor, la soledad y los viejos patrones familiares que esper\u00e1bamos haber superado\u201d,<\/b><span style=\"font-weight: 400;\"> se\u00f1ala.\u00a0<\/span><\/p>\n<p><span style=\"font-weight: 400;\">En lugar de tratar de evitar la irritabilidad, perm\u00edtete sentirla; <\/span><b>s\u00f3lo cuando practicamos la apertura incondicional a todos nuestros sentimientos -incluidos los negativos- podemos estar abiertos a la alegr\u00eda.<\/b><\/p>\n<p><b><\/b><\/p>\n<ul>\n<li aria-level=\"1\">\n<h3><b>HAZTE ESTA PREGUNTA\u2026\u00a0<\/b><\/h3>\n<\/li>\n<\/ul>\n<p><b style=\"font-size: 17px; font-style: inherit; font-variant-ligatures: inherit; font-variant-caps: inherit;\">\u201cQuiz\u00e1s quieras preguntarte: \u2018<\/b><b style=\"font-size: 17px; font-style: inherit; font-variant-ligatures: inherit; font-variant-caps: inherit;\"><i>\u00bfMi mal humor se debe a una raz\u00f3n emocional o f\u00edsica?\u2019<\/i><\/b><b style=\"font-size: 17px; font-style: inherit; font-variant-ligatures: inherit; font-variant-caps: inherit;\">\u201d,<\/b><span style=\"font-size: 17px; font-style: inherit; font-variant-ligatures: inherit; font-variant-caps: inherit;\"> sugiere Judith Orloff, autora de <\/span><i style=\"font-size: 17px; font-variant-ligatures: inherit; font-variant-caps: inherit;\">Affirmations for Empaths<\/i><span style=\"font-size: 17px; font-style: inherit; font-variant-ligatures: inherit; font-variant-caps: inherit;\">, quien pertenece a la Facultad Cl\u00ednica de Psiquiatr\u00eda de la Universidad de Los \u00c1ngeles, Estados Unidos. \u201cTal vez sientes la presi\u00f3n de ser la anfitriona perfecta o te sientes abrumado por tener que hacerlo todo, pero<\/span><b style=\"font-size: 17px; font-style: inherit; font-variant-ligatures: inherit; font-variant-caps: inherit;\"> la irritabilidad tambi\u00e9n puede ser causada por una necesidad f\u00edsica que se pasa por alto\u201d<\/b><span style=\"font-size: 17px; font-style: inherit; font-variant-ligatures: inherit; font-variant-caps: inherit;\">. \u00bfTe est\u00e1 afectando el calor? \u00bfEst\u00e1s durmiendo lo suficiente? <\/span><a href=\"https:\/\/conectamutual.cl\/bienestar\/vivir-mejor\/tu-estado-de-animo-influye-en-tu-salud-como-te-sientes-hoy\/\" style=\"font-size: 17px; font-style: inherit; font-variant-ligatures: inherit; font-variant-caps: inherit;\">Identificarlo te ayudar\u00e1 a descubrir c\u00f3mo levantarte el \u00e1nimo.\u00a0<\/a><\/p>\n<p><b><\/b><\/p>\n<ul>\n<li aria-level=\"1\">\n<h3><b>EVAL\u00daA QU\u00c9 ES LO IMPORTANTE.\u00a0<\/b><\/h3>\n<\/li>\n<\/ul>\n<p><span style=\"font-size: 17px; font-style: inherit; font-variant-ligatures: inherit; font-variant-caps: inherit;\">Para sentirse m\u00e1s feliz esta temporada, <\/span><b style=\"font-size: 17px; font-style: inherit; font-variant-ligatures: inherit; font-variant-caps: inherit;\">identifica tus valores,<\/b><span style=\"font-size: 17px; font-style: inherit; font-variant-ligatures: inherit; font-variant-caps: inherit;\"> insta McKleroy. \u201cPor ejemplo, si alguien en tu familia est\u00e1 controlando y tomando todas las decisiones sobre los planes de fin de a\u00f1o, puedes sentir frustraci\u00f3n porque valoras mucho tu independencia y quieres un itinerario menos r\u00edgido\u201d, dice ella. <\/span><b style=\"font-size: 17px; font-style: inherit; font-variant-ligatures: inherit; font-variant-caps: inherit;\">\u201cSimplemente descubrir lo que m\u00e1s queremos al instante nos ayuda a honrarlo, establecer mejores l\u00edmites y sentirnos m\u00e1s a gusto\u201d.<\/b><\/p>\n<p><b><\/b><\/p>\n<ul>\n<li aria-level=\"1\">\n<h3><b>TOMA MINI DESCANSOS.\u00a0<\/b><\/h3>\n<\/li>\n<\/ul>\n<p><span style=\"font-size: 17px; font-style: inherit; font-variant-ligatures: inherit; font-variant-caps: inherit;\">En esta temporada es dif\u00edcil encontrar tiempo para relajarse. \u201cEs por eso que cuando nos ponemos de mal humor, <\/span><b style=\"font-size: 17px; font-style: inherit; font-variant-ligatures: inherit; font-variant-caps: inherit;\">es importante conocer el poder de los mini descansos: s\u00f3lo toma 5 minutos para recargarte\u201d,<\/b><span style=\"font-size: 17px; font-style: inherit; font-variant-ligatures: inherit; font-variant-caps: inherit;\"> dice la Dra. Orloff. \u201cMe pongo irritable cuando mis sentidos est\u00e1n sobrecargados, as\u00ed que si estoy en una fiesta navide\u00f1a, me excuso para ir al ba\u00f1o o cierro los ojos y tomo un par de inhalaciones relajantes\u201d. <\/span><b style=\"font-size: 17px; font-style: inherit; font-variant-ligatures: inherit; font-variant-caps: inherit;\">No lleva mucho tiempo restablecer y calmar los nervios. \u201cTen empat\u00eda contigo mismo(a) y perm\u00edtete la libertad de hacer una pausa\u201d.<\/b><\/p>\n<p><b><\/b><\/p>\n<ul>\n<li aria-level=\"1\">\n<h3><b>S\u00c9 DIRECTO(A).\u00a0<\/b><\/h3>\n<\/li>\n<\/ul>\n<p><span style=\"font-size: 17px; font-style: inherit; font-variant-ligatures: inherit; font-variant-caps: inherit;\">Si tienes que interactuar con alguien dif\u00edcil, crea un guion simple que puedas seguir para aliviar la tensi\u00f3n, dice McKleroy. Por ejemplo, si alguien siempre te hace sentir que no te escuchan, podr\u00edas decir: <\/span><i style=\"font-size: 17px; font-variant-ligatures: inherit; font-variant-caps: inherit;\">\u00abMe encantar\u00eda participar en X y tengo algunas ideas. \u00bfEstar\u00edas dispuesto(a) a escucharlas?\u00bb.<\/i><span style=\"font-size: 17px; font-style: inherit; font-variant-ligatures: inherit; font-variant-caps: inherit;\"> <\/span><b style=\"font-size: 17px; font-style: inherit; font-variant-ligatures: inherit; font-variant-caps: inherit;\">Cuanto m\u00e1s espec\u00edficos somos, m\u00e1s receptivas tienden a ser las personas.<\/b><\/p>\n<p><b><\/b><\/p>\n<ul>\n<li aria-level=\"1\">\n<h3><b>DEFINE TU PROPIA FELICIDAD.\u00a0<\/b><\/h3>\n<\/li>\n<\/ul>\n<p><span style=\"font-size: 17px; font-style: inherit; font-variant-ligatures: inherit; font-variant-caps: inherit;\">Las fiestas de fin de a\u00f1o son un llamado a la acci\u00f3n; es decir, un momento para<\/span><b style=\"font-size: 17px; font-style: inherit; font-variant-ligatures: inherit; font-variant-caps: inherit;\"> hacer cosas que <\/b><a href=\"https:\/\/conectamutual.cl\/bienestar\/nuevas-miradas\/al-mal-tiempo-buena-cara-obligarte-a-sonreir-podria-mejorar-tu-estado-de-animo\/\" style=\"font-size: 17px; font-style: inherit; font-variant-ligatures: inherit; font-variant-caps: inherit;\"><b>te hagan sonre\u00edr,<\/b><\/a><span style=\"font-size: 17px; font-style: inherit; font-variant-ligatures: inherit; font-variant-caps: inherit;\"> <\/span><span style=\"font-size: 17px; font-style: inherit; font-variant-ligatures: inherit; font-variant-caps: inherit;\">insta el experto Jourdan Travers, psicoterapeuta especializado en el tratamiento de la ansiedad, el estado de \u00e1nimo, el abuso\/dependencia de sustancias y los trastornos de personalidad.\u00a0<\/span><\/p>\n<p><span style=\"font-weight: 400;\">\u201cEsto comienza siendo honesto contigo mismo: tal vez no te guste envolver regalos, pero te encanta hacer chocolate caliente\u201d, dice ella. \u201cLo escuchamos todo el tiempo: \u2018Primero p\u00f3ngase la m\u00e1scara de ox\u00edgeno y cu\u00eddese a s\u00ed mismo\u2019, nos dicen al momento de abordar un avi\u00f3n. <\/span><b>Tendemos a pensar que las fiestas son una excepci\u00f3n a esta regla, pero el cuidado personal es m\u00e1s importante en este momento que nunca\u201d.<\/b><\/p>\n<p>[\/et_pb_text][et_pb_text _builder_version=\u00bb3.29.3&#8243; text_font_size=\u00bb13px\u00bb text_line_height=\u00bb0.6em\u00bb custom_margin=\u00bb-15px||||false|false\u00bb custom_padding=\u00bb34px|||||\u00bb text_font_size_phone=\u00bb11px\u00bb text_font_size_last_edited=\u00bbon|phone\u00bb _i=\u00bb1&#8243; _address=\u00bb4.0.0.1&#8243;]<\/p>\n<p style=\"text-align: center;\"><img loading=\"lazy\" decoding=\"async\" class=\"wp-image-608 alignnone size-full\" src=\"https:\/\/conectamutual.cl\/bienestar\/wp-content\/uploads\/2019\/10\/Imagen-equipo.png\" alt=\"\" width=\"91\" height=\"88\" \/><\/p>\n<p style=\"text-align: center;\"><strong>Por Equipo Espacio Mutuo<\/strong><\/p>\n<p style=\"text-align: center;\"><em>Mutual de Seguridad<\/em><\/p>\n<p>[\/et_pb_text][\/et_pb_column][\/et_pb_row][et_pb_row _builder_version=\u00bb3.29.3&#8243; background_color=\u00bbrgba(0,0,0,0)\u00bb _i=\u00bb1&#8243; _address=\u00bb4.1&#8243;][et_pb_column type=\u00bb4_4&#8243; _builder_version=\u00bb3.29.3&#8243; transform_scale_linked=\u00bboff\u00bb transform_translate=\u00bb-4px|10px\u00bb transform_translate_linked=\u00bboff\u00bb custom_padding=\u00bb5px|0px|5px|0px|false|true\u00bb animation_style=\u00bbzoom\u00bb animation_duration=\u00bb500ms\u00bb border_radii=\u00bboff||||\u00bb border_color_all=\u00bb#cde002&#8243; border_width_top=\u00bb1px\u00bb border_color_top=\u00bb#e09900&#8243; border_style_top=\u00bbdotted\u00bb border_width_bottom=\u00bb1px\u00bb border_color_bottom=\u00bb#e09900&#8243; border_style_bottom=\u00bbdotted\u00bb _i=\u00bb0&#8243; _address=\u00bb4.1.0&#8243;][et_pb_code admin_label=\u00bbRating Art\u00edculo\u00bb _builder_version=\u00bb3.29.3&#8243; transform_scale=\u00bb110%|110%\u00bb transform_translate=\u00bb424px|5px\u00bb transform_translate_linked=\u00bboff\u00bb hover_enabled=\u00bb0&#8243; _i=\u00bb0&#8243; _address=\u00bb4.1.0.0&#8243;]<a class=\"typeform-share button\" href=\"https:\/\/singularmktg.typeform.com\/to\/COMq1XCs#art=775\" data-mode=\"drawer_right\" style=\"display:inline-block;text-decoration:none;background-color:#CDE002;color:white;cursor:pointer;font-family:Helvetica,Arial,sans-serif;font-size:20px;line-height:50px;text-align:center;margin:0;height:50px;padding:0px 33px;border-radius:12px;max-width:100%;white-space:nowrap;overflow:hidden;text-overflow:ellipsis;font-weight:bold;-webkit-font-smoothing:antialiased;-moz-osx-font-smoothing:grayscale;\" data-hide-headers=\"true\" data-hide-footer=\"true\" data-submit-close-delay=\"2\" target=\"_blank\" rel=\"noopener noreferrer\">Eval\u00faa este art\u00edculo <\/a> <script> (function() { var qs,js,q,s,d=document, gi=d.getElementById, ce=d.createElement, gt=d.getElementsByTagName, id=\"typef_orm_share\", b=\"https:\/\/embed.typeform.com\/\"; if(!gi.call(d,id)){ js=ce.call(d,\"script\"); js.id=id; js.src=b+\"embed.js\"; q=gt.call(d,\"script\")[0]; q.parentNode.insertBefore(js,q) } })() <\/script>[\/et_pb_code][\/et_pb_column][\/et_pb_row][et_pb_row _builder_version=\u00bb3.29.3&#8243; _i=\u00bb2&#8243; _address=\u00bb4.2&#8243;][et_pb_column type=\u00bb4_4&#8243; _builder_version=\u00bb3.29.3&#8243; custom_padding_phone=\u00bb40px||||false|false\u00bb custom_padding_last_edited=\u00bbon|phone\u00bb _i=\u00bb0&#8243; _address=\u00bb4.2.0&#8243;][et_pb_posts_carousel_agsdcm category_id=\u00bb37&#8243; max_title_characters=\u00bb150&#8243; heading_style=\u00bbcustom\u00bb heading_primary=\u00bb\u00daltimos Art\u00edculos\u00bb heading_sub=\u00bbNuevas Miradas\u00bb posts_filter_any=\u00bbon\u00bb _builder_version=\u00bb3.29.3&#8243; header_font=\u00bbMontserrat||||||||\u00bb header_text_color=\u00bb#757575&#8243; header_font_size=\u00bb19px\u00bb subheader_text_color=\u00bb#828282&#8243; title_font=\u00bbMontserrat|700|||||||\u00bb title_text_color=\u00bb#acc601&#8243; border_color_all=\u00bb#cde002&#8243; _i=\u00bb0&#8243; _address=\u00bb4.2.0.0&#8243;][\/et_pb_posts_carousel_agsdcm][\/et_pb_column][\/et_pb_row][\/et_pb_section]<\/p>\n","protected":false},"excerpt":{"rendered":"<p>Desde parientes entrometidos hasta una lista interminable de cosas por hacer, las fiestas de fin de a\u00f1o pueden ser frustrantes (por decir lo menos). Afortunadamente, la irritaci\u00f3n navide\u00f1a es algo que puedes evitar con estos 6 consejos que te ayudar\u00e1n a disfrutar de lo que queda de 2022.\u00a0 NO TE AGUANTES.\u00a0 Es perfectamente normal sentirse [&hellip;]<\/p>\n","protected":false},"author":2,"featured_media":9504,"comment_status":"closed","ping_status":"closed","sticky":false,"template":"","format":"standard","meta":{"_et_pb_use_builder":"on","_et_pb_old_content":"","_et_gb_content_width":"","footnotes":""},"categories":[37],"tags":[],"class_list":["post-9501","post","type-post","status-publish","format-standard","has-post-thumbnail","hentry","category-nuevas-miradas","et-has-post-format-content","et_post_format-et-post-format-standard"],"_links":{"self":[{"href":"https:\/\/conectamutual.cl\/bienestar\/wp-json\/wp\/v2\/posts\/9501","targetHints":{"allow":["GET"]}}],"collection":[{"href":"https:\/\/conectamutual.cl\/bienestar\/wp-json\/wp\/v2\/posts"}],"about":[{"href":"https:\/\/conectamutual.cl\/bienestar\/wp-json\/wp\/v2\/types\/post"}],"author":[{"embeddable":true,"href":"https:\/\/conectamutual.cl\/bienestar\/wp-json\/wp\/v2\/users\/2"}],"replies":[{"embeddable":true,"href":"https:\/\/conectamutual.cl\/bienestar\/wp-json\/wp\/v2\/comments?post=9501"}],"version-history":[{"count":3,"href":"https:\/\/conectamutual.cl\/bienestar\/wp-json\/wp\/v2\/posts\/9501\/revisions"}],"predecessor-version":[{"id":9507,"href":"https:\/\/conectamutual.cl\/bienestar\/wp-json\/wp\/v2\/posts\/9501\/revisions\/9507"}],"wp:featuredmedia":[{"embeddable":true,"href":"https:\/\/conectamutual.cl\/bienestar\/wp-json\/wp\/v2\/media\/9504"}],"wp:attachment":[{"href":"https:\/\/conectamutual.cl\/bienestar\/wp-json\/wp\/v2\/media?parent=9501"}],"wp:term":[{"taxonomy":"category","embeddable":true,"href":"https:\/\/conectamutual.cl\/bienestar\/wp-json\/wp\/v2\/categories?post=9501"},{"taxonomy":"post_tag","embeddable":true,"href":"https:\/\/conectamutual.cl\/bienestar\/wp-json\/wp\/v2\/tags?post=9501"}],"curies":[{"name":"wp","href":"https:\/\/api.w.org\/{rel}","templated":true}]}}