{"id":9871,"date":"2023-02-06T13:52:30","date_gmt":"2023-02-06T16:52:30","guid":{"rendered":"https:\/\/conectamutual.cl\/bienestar\/?p=9871"},"modified":"2024-04-13T15:42:21","modified_gmt":"2024-04-13T19:42:21","slug":"cuanto-poder-tiene-una-sonrisa-al-menos-a-veces-facilita-que-la-vida-te-sonria-de-vuelta","status":"publish","type":"post","link":"https:\/\/conectamutual.cl\/bienestar\/nuevas-miradas\/cuanto-poder-tiene-una-sonrisa-al-menos-a-veces-facilita-que-la-vida-te-sonria-de-vuelta\/","title":{"rendered":"\u00bfCu\u00e1nto poder tiene una sonrisa? Al menos a veces facilita que la vida te sonr\u00eda de vuelta"},"content":{"rendered":"<p>[et_pb_section fb_built=\u00bb1&#8243; _builder_version=\u00bb3.29.3&#8243; custom_margin=\u00bb||-50px||false|false\u00bb custom_margin_phone=\u00bb||0px||false|false\u00bb custom_margin_last_edited=\u00bbon|phone\u00bb custom_padding=\u00bb11px||0px||false|false\u00bb fb_built=\u00bb1&#8243; _i=\u00bb0&#8243; _address=\u00bb0&#8243;][et_pb_row column_structure=\u00bb1_3,1_3,1_3&#8243; disabled_on=\u00bbon|on|off\u00bb _builder_version=\u00bb3.29.3&#8243; min_height=\u00bb269px\u00bb custom_margin=\u00bb-15px|auto|-190px|auto|false|false\u00bb custom_margin_last_edited=\u00bbon|phone\u00bb custom_padding=\u00bb||0px||false|false\u00bb _i=\u00bb0&#8243; _address=\u00bb0.0&#8243;][et_pb_column type=\u00bb1_3&#8243; _builder_version=\u00bb3.29.3&#8243; _i=\u00bb0&#8243; _address=\u00bb0.0.0&#8243;][\/et_pb_column][et_pb_column type=\u00bb1_3&#8243; _builder_version=\u00bb3.29.3&#8243; _i=\u00bb1&#8243; _address=\u00bb0.0.1&#8243;][et_pb_image src=\u00bbhttps:\/\/conectamutual.cl\/bienestar\/wp-content\/uploads\/2019\/10\/Logo-Espacio-Mutuo-02.png\u00bb align=\u00bbcenter\u00bb _builder_version=\u00bb3.29.3&#8243; width=\u00bb83%\u00bb width_phone=\u00bb22%\u00bb width_last_edited=\u00bbon|phone\u00bb custom_margin=\u00bb15px||||false|false\u00bb _i=\u00bb0&#8243; _address=\u00bb0.0.1.0&#8243;][\/et_pb_image][\/et_pb_column][et_pb_column type=\u00bb1_3&#8243; _builder_version=\u00bb3.29.3&#8243; _i=\u00bb2&#8243; _address=\u00bb0.0.2&#8243;][et_pb_image src=\u00bbhttps:\/\/conectamutual.cl\/bienestar\/wp-content\/uploads\/2021\/01\/Captura-de-Pantalla-2021-01-16-a-las-10.07.37.png\u00bb align=\u00bbright\u00bb _builder_version=\u00bb3.29.3&#8243; width=\u00bb72%\u00bb width_phone=\u00bb41%\u00bb width_last_edited=\u00bbon|phone\u00bb custom_margin=\u00bb45px||45px||true|false\u00bb custom_margin_phone=\u00bb10px||60px||false|false\u00bb custom_margin_last_edited=\u00bbon|phone\u00bb _i=\u00bb0&#8243; _address=\u00bb0.0.2.0&#8243;][\/et_pb_image][\/et_pb_column][\/et_pb_row][et_pb_row column_structure=\u00bb1_3,1_3,1_3&#8243; disabled_on=\u00bboff|off|on\u00bb _builder_version=\u00bb3.29.3&#8243; min_height=\u00bb269px\u00bb custom_margin=\u00bb-15px|auto|-20px|auto|false|false\u00bb custom_margin_last_edited=\u00bbon|phone\u00bb custom_padding=\u00bb||||false|false\u00bb _i=\u00bb1&#8243; _address=\u00bb0.1&#8243;][et_pb_column type=\u00bb1_3&#8243; _builder_version=\u00bb3.29.3&#8243; _i=\u00bb0&#8243; _address=\u00bb0.1.0&#8243;][\/et_pb_column][et_pb_column type=\u00bb1_3&#8243; _builder_version=\u00bb3.29.3&#8243; _i=\u00bb1&#8243; _address=\u00bb0.1.1&#8243;][et_pb_image src=\u00bbhttps:\/\/conectamutual.cl\/bienestar\/wp-content\/uploads\/2019\/10\/Logo-Espacio-Mutuo-01.png\u00bb align=\u00bbcenter\u00bb force_fullwidth=\u00bbon\u00bb _builder_version=\u00bb3.29.3&#8243; min_height=\u00bb170px\u00bb min_height_phone=\u00bb187px\u00bb min_height_last_edited=\u00bbon|phone\u00bb height=\u00bb100px\u00bb max_height=\u00bb1000px\u00bb custom_margin=\u00bb-14px||8px|||\u00bb _i=\u00bb0&#8243; _address=\u00bb0.1.1.0&#8243;][\/et_pb_image][\/et_pb_column][et_pb_column type=\u00bb1_3&#8243; _builder_version=\u00bb3.29.3&#8243; _i=\u00bb2&#8243; _address=\u00bb0.1.2&#8243;][et_pb_image src=\u00bbhttps:\/\/conectamutual.cl\/bienestar\/wp-content\/uploads\/2021\/01\/Captura-de-Pantalla-2021-01-16-a-las-10.07.37.png\u00bb align=\u00bbcenter\u00bb _builder_version=\u00bb3.29.3&#8243; width=\u00bb94%\u00bb width_phone=\u00bb65%\u00bb width_last_edited=\u00bbon|phone\u00bb module_alignment=\u00bbcenter\u00bb custom_margin=\u00bb45px||45px||true|false\u00bb custom_margin_phone=\u00bb10px||60px||false|false\u00bb custom_margin_last_edited=\u00bbon|phone\u00bb _i=\u00bb0&#8243; _address=\u00bb0.1.2.0&#8243;][\/et_pb_image][\/et_pb_column][\/et_pb_row][\/et_pb_section][et_pb_section fb_built=\u00bb1&#8243; _builder_version=\u00bb3.29.3&#8243; custom_padding=\u00bb4px||0px|||\u00bb fb_built=\u00bb1&#8243; _i=\u00bb1&#8243; _address=\u00bb1&#8243;][et_pb_row _builder_version=\u00bb3.29.3&#8243; min_height=\u00bb102px\u00bb custom_margin_phone=\u00bb20px||||false|false\u00bb custom_margin_last_edited=\u00bbon|phone\u00bb custom_padding=\u00bb34px||10px|||\u00bb _i=\u00bb0&#8243; _address=\u00bb1.0&#8243;][et_pb_column type=\u00bb4_4&#8243; _builder_version=\u00bb3.29.3&#8243; _i=\u00bb0&#8243; _address=\u00bb1.0.0&#8243;][et_pb_image src=\u00bbhttps:\/\/conectamutual.cl\/bienestar\/wp-content\/uploads\/2019\/12\/LOGOS-CATEGORIAS-03.png\u00bb align=\u00bbcenter\u00bb disabled_on=\u00bboff|off|off\u00bb _builder_version=\u00bb3.29.3&#8243; width=\u00bb48%\u00bb width_phone=\u00bb95%\u00bb width_last_edited=\u00bbon|phone\u00bb _i=\u00bb0&#8243; _address=\u00bb1.0.0.0&#8243;][\/et_pb_image][\/et_pb_column][\/et_pb_row][\/et_pb_section][et_pb_section fb_built=\u00bb1&#8243; _builder_version=\u00bb3.29.3&#8243; custom_padding=\u00bb27px||1px|||\u00bb fb_built=\u00bb1&#8243; _i=\u00bb2&#8243; _address=\u00bb2&#8243;][et_pb_row _builder_version=\u00bb3.29.3&#8243; custom_padding=\u00bb3px||36px|||\u00bb _i=\u00bb0&#8243; _address=\u00bb2.0&#8243;][et_pb_column type=\u00bb4_4&#8243; _builder_version=\u00bb3.29.3&#8243; _i=\u00bb0&#8243; _address=\u00bb2.0.0&#8243;][et_pb_post_title comments=\u00bboff\u00bb featured_image=\u00bboff\u00bb _builder_version=\u00bb3.29.3&#8243; title_font=\u00bbMontserrat|700|||||||\u00bb title_text_align=\u00bbcenter\u00bb title_text_color=\u00bb#c4d600&#8243; title_font_size=\u00bb54px\u00bb title_line_height=\u00bb1.1em\u00bb meta_font=\u00bbMontserrat||||||||\u00bb meta_text_align=\u00bbcenter\u00bb meta_font_size=\u00bb12px\u00bb title_font_size_phone=\u00bb30px\u00bb title_font_size_last_edited=\u00bbon|phone\u00bb meta_font_size_phone=\u00bb10px\u00bb meta_font_size_last_edited=\u00bbon|phone\u00bb _i=\u00bb0&#8243; _address=\u00bb2.0.0.0&#8243;][\/et_pb_post_title][\/et_pb_column][\/et_pb_row][\/et_pb_section][et_pb_section fb_built=\u00bb1&#8243; fullwidth=\u00bbon\u00bb _builder_version=\u00bb3.29.3&#8243; fb_built=\u00bb1&#8243; _i=\u00bb3&#8243; _address=\u00bb3&#8243;][et_pb_fullwidth_image src=\u00bbhttps:\/\/conectamutual.cl\/bienestar\/wp-content\/uploads\/2023\/02\/pexels-shiny-diamond-3762453.jpg\u00bb _builder_version=\u00bb3.29.3&#8243; custom_padding=\u00bb0px||0px|||\u00bb hover_enabled=\u00bb0&#8243; _i=\u00bb0&#8243; _address=\u00bb3.0&#8243;][\/et_pb_fullwidth_image][\/et_pb_section][et_pb_section fb_built=\u00bb1&#8243; _builder_version=\u00bb3.29.3&#8243; custom_padding=\u00bb||8px|||\u00bb fb_built=\u00bb1&#8243; _i=\u00bb4&#8243; _address=\u00bb4&#8243;][et_pb_row _builder_version=\u00bb3.29.3&#8243; custom_padding=\u00bb9px|||||\u00bb _i=\u00bb0&#8243; _address=\u00bb4.0&#8243;][et_pb_column type=\u00bb4_4&#8243; _builder_version=\u00bb3.29.3&#8243; custom_padding=\u00bb|110px||110px|false|false\u00bb custom_padding_phone=\u00bb|10px||10px|false|false\u00bb custom_padding_last_edited=\u00bbon|phone\u00bb _i=\u00bb0&#8243; _address=\u00bb4.0.0&#8243;][et_pb_text _builder_version=\u00bb3.29.3&#8243; text_font_size=\u00bb17px\u00bb text_line_height=\u00bb2.1em\u00bb ul_line_height=\u00bb2.1em\u00bb ol_line_height=\u00bb1.9em\u00bb header_2_text_color=\u00bb#c4d600&#8243; custom_margin_last_edited=\u00bbon|phone\u00bb custom_padding=\u00bb|0px||0px|false|false\u00bb hover_enabled=\u00bb0&#8243; text_font_size_phone=\u00bb16px\u00bb text_font_size_last_edited=\u00bbon|phone\u00bb text_line_height_phone=\u00bb1.9em\u00bb text_line_height_last_edited=\u00bbon|phone\u00bb header_2_font_size_phone=\u00bb23px\u00bb header_2_font_size_last_edited=\u00bbon|phone\u00bb _i=\u00bb0&#8243; _address=\u00bb4.0.0.0&#8243;]<\/p>\n<blockquote>\n<p><b>\u201cSonr\u00edele a la vida y la vida te devolver\u00e1 esa sonrisa\u201d, dicen por ah\u00ed.<\/b><span style=\"font-weight: 400;\"> Y aunque usualmente estamos en contra de esa clase de afirmaciones reduccionistas y simples del positivismo de las redes sociales\u2026 A veces, uno no puede evitar que la gente tenga raz\u00f3n por motivos equivocados.\u00a0<\/span><\/p>\n<\/blockquote>\n<p><span style=\"font-weight: 400;\">La psicolog\u00eda positiva, adaptando ense\u00f1anzas filos\u00f3ficas ancestrales en libros de autoayuda o convirtiendo en <\/span><i><span style=\"font-weight: 400;\">merchandising<\/span><\/i><span style=\"font-weight: 400;\"> todo tipo de frases motivacionales, es parte de un negocio enorme. <\/span><b>El<\/b><a href=\"https:\/\/elpais.com\/elpais\/2013\/10\/25\/laboratorio_de_felicidad\/1382724455_138272.html\"><b> poder de la sonrisa<\/b><\/a><b> \u2013 la idea de que si sonr\u00edes, incluso en contra de tu voluntad, la vida y los dem\u00e1s ser\u00e1n m\u00e1s amables contigo \u2013 es una de esas teor\u00edas cuyos fundamentos, como m\u00ednimo, merecen ser cuestionados. <\/b><span style=\"font-weight: 400;\">\u201c<\/span><span style=\"font-weight: 400;\">Algunas veces la alegr\u00eda es la fuente de tu sonrisa y otras veces la sonrisa es la fuente de tu <\/span><a href=\"https:\/\/conectamutual.cl\/bienestar\/espacios-de-reflexion\/ponte-en-modo-felicidad-3-pasos-para-cambiar-tu-mente-hacia-el-exito-y-la-alegria\/\"><span style=\"font-weight: 400;\">alegr\u00eda<\/span><\/a><span style=\"font-weight: 400;\">\u201d, dec\u00eda el monje budista Th\u00edch Nh\u1ea5t H\u1ea1nh.\u00a0<\/span><\/p>\n<h2><b>QU\u00c9 VIENE PRIMERO, \u00bfLA SONRISA O LA ALEGR\u00cdA?<\/b><\/h2>\n<p><span style=\"font-weight: 400;\">En la psicolog\u00eda acad\u00e9mica,<\/span><a href=\"https:\/\/conectamutual.cl\/bienestar\/nuevas-miradas\/al-mal-tiempo-buena-cara-obligarte-a-sonreir-podria-mejorar-tu-estado-de-animo\/\"><span style=\"font-weight: 400;\"> la posibilidad de que activar algunos m\u00fasculos de la cara pueda producir una reacci\u00f3n emocional <\/span><\/a><span style=\"font-weight: 400;\">se estudia con la mayor seriedad desde hace d\u00e9cadas. La llamada \u201chip\u00f3tesis de retroalimentaci\u00f3n facial\u201d ya fue propuesta por Charles Darwin en 1872, cuando dec\u00eda que <\/span><b>la expresi\u00f3n exterior de una emoci\u00f3n \u201cla intensifica\u201d o que \u201cincluso la simulaci\u00f3n de una emoci\u00f3n hace que esa emoci\u00f3n se despierte en nuestra mente\u201d.<\/b><span style=\"font-weight: 400;\">\u00a0<\/span><\/p>\n<p><a href=\"https:\/\/elpais.com\/cultura\/2020\/10\/15\/babelia\/1602752991_757343.html\"><span style=\"font-weight: 400;\">William James<\/span><\/a><span style=\"font-weight: 400;\">, uno de los padres de la psicolog\u00eda, plante\u00f3 en la misma \u00e9poca que, frente a la creencia popular de que <\/span><a href=\"https:\/\/conectamutual.cl\/bienestar\/el-valor-de-vincularse\/es-la-felicidad-una-eleccion-por-que-no-tenemos-control-sobre-nuestro-bienestar\/\"><span style=\"font-weight: 400;\">experimentar una emoci\u00f3n lleva a producir una expresi\u00f3n f\u00edsica como la sonrisa o el llanto, en realidad suced\u00eda m\u00e1s bien lo contrario.<\/span><\/a> <b>Nos sentimos tristes porque lloramos, m\u00e1s que llorar porque estemos tristes.<\/b><span style=\"font-weight: 400;\"> James, que ten\u00eda una fe fan\u00e1tica en la voluntad,<\/span><b> cre\u00eda que si uno se negaba a expresar un sentimiento, ese sentimiento mor\u00eda.<\/b><\/p>\n<p><span style=\"font-weight: 400;\">Ahora, un grupo internacional de investigadores, superando una controversia de d\u00e9cadas, ha mostrado que, aunque no necesariamente por los motivos correctos, esas frases motivacionales de redes sociales tienen algo de raz\u00f3n: <\/span><b>sonre\u00edr de forma mec\u00e1nica mejora el estado de \u00e1nimo\u2026 aunque solo un poco.<\/b><\/p>\n<p><span style=\"font-weight: 400;\">En un trabajo publicado en la revista<\/span> <a href=\"https:\/\/www.nature.com\/articles\/s41562-022-01458-9\"><i><span style=\"font-weight: 400;\">Nature Human Behaviour<\/span><\/i><\/a><span style=\"font-weight: 400;\"> se explica c\u00f3mo se puso a prueba la posibilidad de que la sonrisa tenga un efecto sobre nuestro \u00e1nimo con distintas pruebas. Por un lado, se hicieron experimentos en los que los participantes eran conscientes de que estaban sonriendo, acercando la comisura de los labios hacia sus orejas o mirando fotograf\u00edas de personas sonrientes e imit\u00e1ndolas. Pero tambi\u00e9n se intent\u00f3 averiguar si <\/span><b>un movimiento muscular inconsciente propio de una sonrisa tiene efectos emocionales.<\/b><span style=\"font-weight: 400;\"> Esto se logra con un experimento cl\u00e1sico que a trav\u00e9s de los a\u00f1os ha obtenido resultados controvertidos: los participantes fuerzan la sonrisa sin ellos saberlo, mordiendo un l\u00e1piz o poniendo una cara triste al tratar de sujetarlo con los labios, un gesto que los obliga a fruncir el ce\u00f1o.<\/span><\/p>\n<h2><b>SABER QUE SONR\u00cdES<\/b><\/h2>\n<p><span style=\"font-weight: 400;\">Despu\u00e9s de analizar los datos de 3.878 participantes en 19 pa\u00edses, los autores, liderados por <\/span><a href=\"https:\/\/profiles.stanford.edu\/nicholas-coles\"><span style=\"font-weight: 400;\">Nicholas Coles<\/span><\/a><span style=\"font-weight: 400;\">, de la Universidad Stanford en Estados Unidos, observaron que tanto los que imitaban las sonrisas de las fotos como los que las forzaban por su cuenta, notaban cierto incremento de su felicidad. Sin embargo, los que sonre\u00edan con ayuda del l\u00e1piz no experimentaron esa emoci\u00f3n. \u201cEste estudio muestra que <\/span><b>para tener ese efecto de ponernos alegres porque generamos la sonrisa es necesario que seamos conscientes de estar sonriendo\u201d<\/b><span style=\"font-weight: 400;\">, explica Jos\u00e9 Antonio Hinojosa, profesor de la Universidad Complutense de Madrid, Espa\u00f1a, y coautor del trabajo.<\/span><\/p>\n<p><span style=\"font-weight: 400;\">\u201cLo que vimos es que sonre\u00edr mejora ligeramente el \u00e1nimo, aumenta el nivel de felicidad, pero es un efecto parecido al que tendr\u00eda ver im\u00e1genes de perritos o de beb\u00e9s\u201d, apunta Pedro Montoro, investigador de la Universidad Nacional de Educaci\u00f3n a Distancia (UNED) en Madrid, que tambi\u00e9n firma el estudio. \u201cLa escala que utilizamos es de 1 a 7 y los valores se encuentran un poco por encima del 3. <\/span><b>Es una subida estad\u00edsticamente significativa, pero a la mayor\u00eda de los autores les parece que esto no ser\u00eda \u00fatil como terapia\u201d,<\/b><span style=\"font-weight: 400;\"> contin\u00faa.<\/span><\/p>\n<p><span style=\"font-weight: 400;\">Los autores confirman que la hip\u00f3tesis de la <\/span><a href=\"https:\/\/elpais.com\/elpais\/2015\/09\/28\/buenavida\/1443431505_649523.html\"><span style=\"font-weight: 400;\">retroalimentaci\u00f3n facial<\/span><\/a><span style=\"font-weight: 400;\"> tiene sentido y se inclinan por pensar que existe una relaci\u00f3n bidireccional \u2013 cuando uno est\u00e1 contento, sonr\u00ede, pero tambi\u00e9n <\/span><b>\u201ces interesante ver que hay un efecto de retroalimentaci\u00f3n de lo muscular a la sensaci\u00f3n subjetiva\u201d,<\/b><span style=\"font-weight: 400;\"> indica Montoro. Nicholas Coles tambi\u00e9n apunta a que, al menos en parte, <\/span><b>\u201cla experiencia consciente de la emoci\u00f3n se debe basar en las sensaciones corporales\u201d.\u00a0<\/b><\/p>\n<p><b>Hasta cierto punto, nos sentimos tristes porque lloramos y felices porque sonre\u00edmos.<\/b><span style=\"font-weight: 400;\"> Coles considera que este tipo de estudios son fundamentales para conocer en profundidad la naturaleza de algo tan esencial para la humanidad como las emociones, pero que ese conocimiento es a\u00fan incipiente.\u00a0<\/span><\/p>\n<p>[\/et_pb_text][et_pb_text _builder_version=\u00bb3.29.3&#8243; text_font_size=\u00bb13px\u00bb text_line_height=\u00bb0.6em\u00bb custom_margin=\u00bb-15px||||false|false\u00bb custom_padding=\u00bb34px|||||\u00bb text_font_size_phone=\u00bb11px\u00bb text_font_size_last_edited=\u00bbon|phone\u00bb _i=\u00bb1&#8243; _address=\u00bb4.0.0.1&#8243;]<\/p>\n<p style=\"text-align: center;\"><img loading=\"lazy\" decoding=\"async\" class=\"wp-image-608 alignnone size-full\" src=\"https:\/\/conectamutual.cl\/bienestar\/wp-content\/uploads\/2019\/10\/Imagen-equipo.png\" alt=\"\" width=\"91\" height=\"88\" \/><\/p>\n<p style=\"text-align: center;\"><strong>Por Equipo Espacio Mutuo<\/strong><\/p>\n<p style=\"text-align: center;\"><em>Mutual de Seguridad<\/em><\/p>\n<p>[\/et_pb_text][\/et_pb_column][\/et_pb_row][et_pb_row _builder_version=\u00bb3.29.3&#8243; background_color=\u00bbrgba(0,0,0,0)\u00bb _i=\u00bb1&#8243; _address=\u00bb4.1&#8243;][et_pb_column type=\u00bb4_4&#8243; _builder_version=\u00bb3.29.3&#8243; transform_scale_linked=\u00bboff\u00bb transform_translate=\u00bb-4px|10px\u00bb transform_translate_linked=\u00bboff\u00bb custom_padding=\u00bb5px|0px|5px|0px|false|true\u00bb animation_style=\u00bbzoom\u00bb animation_duration=\u00bb500ms\u00bb border_radii=\u00bboff||||\u00bb border_color_all=\u00bb#cde002&#8243; border_width_top=\u00bb1px\u00bb border_color_top=\u00bb#e09900&#8243; border_style_top=\u00bbdotted\u00bb border_width_bottom=\u00bb1px\u00bb border_color_bottom=\u00bb#e09900&#8243; border_style_bottom=\u00bbdotted\u00bb _i=\u00bb0&#8243; _address=\u00bb4.1.0&#8243;][et_pb_code admin_label=\u00bbRating Art\u00edculo\u00bb _builder_version=\u00bb3.29.3&#8243; transform_scale=\u00bb110%|110%\u00bb transform_translate=\u00bb424px|5px\u00bb transform_translate_linked=\u00bboff\u00bb hover_enabled=\u00bb0&#8243; _i=\u00bb0&#8243; _address=\u00bb4.1.0.0&#8243;]<a class=\"typeform-share button\" href=\"https:\/\/singularmktg.typeform.com\/to\/COMq1XCs#art=810\" data-mode=\"drawer_right\" style=\"display:inline-block;text-decoration:none;background-color:#CDE002;color:white;cursor:pointer;font-family:Helvetica,Arial,sans-serif;font-size:20px;line-height:50px;text-align:center;margin:0;height:50px;padding:0px 33px;border-radius:12px;max-width:100%;white-space:nowrap;overflow:hidden;text-overflow:ellipsis;font-weight:bold;-webkit-font-smoothing:antialiased;-moz-osx-font-smoothing:grayscale;\" data-hide-headers=\"true\" data-hide-footer=\"true\" data-submit-close-delay=\"2\" target=\"_blank\" rel=\"noopener noreferrer\">Eval\u00faa este art\u00edculo <\/a> <script> (function() { var qs,js,q,s,d=document, gi=d.getElementById, ce=d.createElement, gt=d.getElementsByTagName, id=\"typef_orm_share\", b=\"https:\/\/embed.typeform.com\/\"; if(!gi.call(d,id)){ js=ce.call(d,\"script\"); js.id=id; js.src=b+\"embed.js\"; q=gt.call(d,\"script\")[0]; q.parentNode.insertBefore(js,q) } })() <\/script>[\/et_pb_code][\/et_pb_column][\/et_pb_row][et_pb_row _builder_version=\u00bb3.29.3&#8243; _i=\u00bb2&#8243; _address=\u00bb4.2&#8243;][et_pb_column type=\u00bb4_4&#8243; _builder_version=\u00bb3.29.3&#8243; custom_padding_phone=\u00bb40px||||false|false\u00bb custom_padding_last_edited=\u00bbon|phone\u00bb _i=\u00bb0&#8243; _address=\u00bb4.2.0&#8243;][et_pb_posts_carousel_agsdcm category_id=\u00bb37&#8243; max_title_characters=\u00bb150&#8243; heading_style=\u00bbcustom\u00bb heading_primary=\u00bb\u00daltimos Art\u00edculos\u00bb heading_sub=\u00bbNuevas Miradas\u00bb posts_filter_any=\u00bbon\u00bb _builder_version=\u00bb3.29.3&#8243; header_font=\u00bbMontserrat||||||||\u00bb header_text_color=\u00bb#757575&#8243; header_font_size=\u00bb19px\u00bb subheader_text_color=\u00bb#828282&#8243; title_font=\u00bbMontserrat|700|||||||\u00bb title_text_color=\u00bb#acc601&#8243; border_color_all=\u00bb#cde002&#8243; _i=\u00bb0&#8243; _address=\u00bb4.2.0.0&#8243;][\/et_pb_posts_carousel_agsdcm][\/et_pb_column][\/et_pb_row][\/et_pb_section]<\/p>\n","protected":false},"excerpt":{"rendered":"<p>\u201cSonr\u00edele a la vida y la vida te devolver\u00e1 esa sonrisa\u201d, dicen por ah\u00ed. Y aunque usualmente estamos en contra de esa clase de afirmaciones reduccionistas y simples del positivismo de las redes sociales\u2026 A veces, uno no puede evitar que la gente tenga raz\u00f3n por motivos equivocados.\u00a0 La psicolog\u00eda positiva, adaptando ense\u00f1anzas filos\u00f3ficas ancestrales [&hellip;]<\/p>\n","protected":false},"author":2,"featured_media":9874,"comment_status":"closed","ping_status":"closed","sticky":false,"template":"","format":"standard","meta":{"_et_pb_use_builder":"on","_et_pb_old_content":"","_et_gb_content_width":"","footnotes":""},"categories":[695,37],"tags":[],"class_list":["post-9871","post","type-post","status-publish","format-standard","has-post-thumbnail","hentry","category-actualidad","category-nuevas-miradas","et-has-post-format-content","et_post_format-et-post-format-standard"],"_links":{"self":[{"href":"https:\/\/conectamutual.cl\/bienestar\/wp-json\/wp\/v2\/posts\/9871","targetHints":{"allow":["GET"]}}],"collection":[{"href":"https:\/\/conectamutual.cl\/bienestar\/wp-json\/wp\/v2\/posts"}],"about":[{"href":"https:\/\/conectamutual.cl\/bienestar\/wp-json\/wp\/v2\/types\/post"}],"author":[{"embeddable":true,"href":"https:\/\/conectamutual.cl\/bienestar\/wp-json\/wp\/v2\/users\/2"}],"replies":[{"embeddable":true,"href":"https:\/\/conectamutual.cl\/bienestar\/wp-json\/wp\/v2\/comments?post=9871"}],"version-history":[{"count":3,"href":"https:\/\/conectamutual.cl\/bienestar\/wp-json\/wp\/v2\/posts\/9871\/revisions"}],"predecessor-version":[{"id":9877,"href":"https:\/\/conectamutual.cl\/bienestar\/wp-json\/wp\/v2\/posts\/9871\/revisions\/9877"}],"wp:featuredmedia":[{"embeddable":true,"href":"https:\/\/conectamutual.cl\/bienestar\/wp-json\/wp\/v2\/media\/9874"}],"wp:attachment":[{"href":"https:\/\/conectamutual.cl\/bienestar\/wp-json\/wp\/v2\/media?parent=9871"}],"wp:term":[{"taxonomy":"category","embeddable":true,"href":"https:\/\/conectamutual.cl\/bienestar\/wp-json\/wp\/v2\/categories?post=9871"},{"taxonomy":"post_tag","embeddable":true,"href":"https:\/\/conectamutual.cl\/bienestar\/wp-json\/wp\/v2\/tags?post=9871"}],"curies":[{"name":"wp","href":"https:\/\/api.w.org\/{rel}","templated":true}]}}