{"id":1004,"date":"2023-11-29T15:06:06","date_gmt":"2023-11-29T15:06:06","guid":{"rendered":"https:\/\/conectamutual.cl\/trabajadores\/?p=1004"},"modified":"2023-11-29T16:38:43","modified_gmt":"2023-11-29T16:38:43","slug":"te-preocupa-el-calor-de-este-verano-7-consejos-para-disfrutarlo-sin-riesgos","status":"publish","type":"post","link":"https:\/\/conectamutual.cl\/trabajadores\/prevencion-bienestar\/te-preocupa-el-calor-de-este-verano-7-consejos-para-disfrutarlo-sin-riesgos\/","title":{"rendered":"\u00bfTe preocupa el calor de este verano? 7 consejos para disfrutarlo sin riesgos"},"content":{"rendered":"<p>[et_pb_section fb_built=\u00bb1&#8243; _builder_version=\u00bb4.20.2&#8243; _module_preset=\u00bbdefault\u00bb custom_padding=\u00bb3px||12px|||\u00bb global_colors_info=\u00bb{}\u00bb][et_pb_row column_structure=\u00bb1_2,1_2&#8243; _builder_version=\u00bb4.20.2&#8243; _module_preset=\u00bbdefault\u00bb global_colors_info=\u00bb{}\u00bb][et_pb_column type=\u00bb1_2&#8243; _builder_version=\u00bb4.20.2&#8243; _module_preset=\u00bbdefault\u00bb global_colors_info=\u00bb{}\u00bb][et_pb_image src=\u00bbhttps:\/\/conectamutual.cl\/trabajadores\/wp-content\/uploads\/2023\/03\/logo-Espacio-Trabajadores-separados-12.png\u00bb title_text=\u00bblogo-Espacio-Trabajadores-separados-12&#8243; align=\u00bbcenter\u00bb _builder_version=\u00bb4.20.2&#8243; _module_preset=\u00bbdefault\u00bb width=\u00bb57%\u00bb width_tablet=\u00bb57%\u00bb width_phone=\u00bb99%\u00bb width_last_edited=\u00bbon|phone\u00bb max_width=\u00bb91%\u00bb module_alignment=\u00bbcenter\u00bb min_height_tablet=\u00bb\u00bb min_height_phone=\u00bb\u00bb min_height_last_edited=\u00bbon|desktop\u00bb global_colors_info=\u00bb{}\u00bb][\/et_pb_image][\/et_pb_column][et_pb_column type=\u00bb1_2&#8243; _builder_version=\u00bb4.20.2&#8243; _module_preset=\u00bbdefault\u00bb global_colors_info=\u00bb{}\u00bb][et_pb_image src=\u00bbhttps:\/\/conectamutual.cl\/trabajadores\/wp-content\/uploads\/2023\/03\/logo-Espacio-Trabajadores-separados-11.png\u00bb title_text=\u00bblogo-Espacio-Trabajadores-separados-11&#8243; align=\u00bbcenter\u00bb _builder_version=\u00bb4.20.2&#8243; _module_preset=\u00bbdefault\u00bb width=\u00bb62%\u00bb width_tablet=\u00bb62%\u00bb width_phone=\u00bb100%\u00bb width_last_edited=\u00bbon|phone\u00bb max_width=\u00bb90%\u00bb module_alignment=\u00bbcenter\u00bb custom_margin=\u00bb25px||||false|false\u00bb module_alignment_tablet=\u00bbcenter\u00bb module_alignment_phone=\u00bbcenter\u00bb module_alignment_last_edited=\u00bbon|desktop\u00bb global_colors_info=\u00bb{}\u00bb][\/et_pb_image][\/et_pb_column][\/et_pb_row][\/et_pb_section][et_pb_section fb_built=\u00bb1&#8243; _builder_version=\u00bb4.20.2&#8243; _module_preset=\u00bbdefault\u00bb background_color=\u00bb#e6f2e3&#8243; custom_padding=\u00bb0px||0px|||\u00bb global_colors_info=\u00bb{}\u00bb][et_pb_row _builder_version=\u00bb4.20.2&#8243; _module_preset=\u00bbdefault\u00bb global_colors_info=\u00bb{}\u00bb][et_pb_column type=\u00bb4_4&#8243; _builder_version=\u00bb4.20.2&#8243; _module_preset=\u00bbdefault\u00bb global_colors_info=\u00bb{}\u00bb][et_pb_image src=\u00bbhttps:\/\/conectamutual.cl\/trabajadores\/wp-content\/uploads\/2023\/03\/Graf-Categorias-04.png\u00bb title_text=\u00bbGraf Categori\u0301as-04&#8243; _builder_version=\u00bb4.20.2&#8243; _module_preset=\u00bbdefault\u00bb width=\u00bb60%\u00bb width_tablet=\u00bb60%\u00bb width_phone=\u00bb100%\u00bb width_last_edited=\u00bbon|phone\u00bb custom_margin=\u00bb0px||0px||false|false\u00bb custom_margin_tablet=\u00bb0px||0px||false|false\u00bb custom_margin_phone=\u00bb20px||20px||false|false\u00bb custom_margin_last_edited=\u00bbon|phone\u00bb global_colors_info=\u00bb{}\u00bb][\/et_pb_image][\/et_pb_column][\/et_pb_row][\/et_pb_section][et_pb_section fb_built=\u00bb1&#8243; _builder_version=\u00bb4.20.2&#8243; _module_preset=\u00bbdefault\u00bb background_color=\u00bbrgba(240,238,228,0.34)\u00bb custom_padding=\u00bb42px||1px|||\u00bb global_colors_info=\u00bb{}\u00bb][et_pb_row column_structure=\u00bb3_5,2_5&#8243; _builder_version=\u00bb4.16&#8243; _module_preset=\u00bbdefault\u00bb custom_margin=\u00bb-41px|auto||auto||\u00bb custom_padding=\u00bb19px||16px|||\u00bb global_colors_info=\u00bb{}\u00bb][et_pb_column type=\u00bb3_5&#8243; _builder_version=\u00bb4.16&#8243; _module_preset=\u00bbdefault\u00bb global_colors_info=\u00bb{}\u00bb][et_pb_image src=\u00bbhttps:\/\/conectamutual.cl\/trabajadores\/wp-content\/uploads\/2023\/11\/Articulo-66-Ilustracion-Radiacion-solar-y-proteccion-UV.png\u00bb title_text=\u00bbArti\u0301culo 66 &#8211; Ilustracio\u0301n &#8211; Radiacio\u0301n solar y proteccio\u0301n UV\u00bb _builder_version=\u00bb4.20.2&#8243; _module_preset=\u00bbdefault\u00bb width=\u00bb80%\u00bb module_alignment=\u00bbcenter\u00bb custom_margin=\u00bb14px|||||\u00bb custom_padding=\u00bb7px|||||\u00bb hover_enabled=\u00bb0&#8243; global_colors_info=\u00bb{}\u00bb sticky_enabled=\u00bb0&#8243;][\/et_pb_image][\/et_pb_column][et_pb_column type=\u00bb2_5&#8243; _builder_version=\u00bb4.16&#8243; _module_preset=\u00bbdefault\u00bb global_colors_info=\u00bb{}\u00bb][et_pb_post_title comments=\u00bboff\u00bb featured_image=\u00bboff\u00bb _builder_version=\u00bb4.20.2&#8243; _module_preset=\u00bbdefault\u00bb title_level=\u00bbh2&#8243; title_font=\u00bbMontserrat|700|||||||\u00bb title_text_align=\u00bbleft\u00bb title_text_color=\u00bb#c4d600&#8243; title_font_size=\u00bb43px\u00bb title_line_height=\u00bb1.1em\u00bb meta_font=\u00bbMontserrat||||||||\u00bb meta_text_align=\u00bbleft\u00bb meta_font_size=\u00bb12px\u00bb custom_margin=\u00bb38px||||false|false\u00bb title_font_size_tablet=\u00bb\u00bb title_font_size_phone=\u00bb30px\u00bb title_font_size_last_edited=\u00bbon|phone\u00bb meta_font_size_tablet=\u00bb\u00bb meta_font_size_phone=\u00bb10px\u00bb meta_font_size_last_edited=\u00bbon|phone\u00bb global_colors_info=\u00bb{}\u00bb][\/et_pb_post_title][et_pb_text _builder_version=\u00bb4.20.2&#8243; _module_preset=\u00bbdefault\u00bb text_font_size=\u00bb18px\u00bb header_4_font=\u00bb|600|on||||||\u00bb header_4_text_color=\u00bb#7f7f7f\u00bb header_4_font_size=\u00bb16px\u00bb header_4_line_height=\u00bb1.9em\u00bb custom_padding=\u00bb0px|||||\u00bb text_font_size_tablet=\u00bb18px\u00bb text_font_size_phone=\u00bb18px\u00bb text_font_size_last_edited=\u00bbon|desktop\u00bb global_colors_info=\u00bb{}\u00bb]<\/p>\n<p><em><strong>El verano se aproxima y con \u00e9l las altas temperaturas y la intensa radiaci\u00f3n UV, que pueden causar m\u00e1s que solo un bronceado indeseado.<\/strong><\/em><\/p>\n<p>[\/et_pb_text][\/et_pb_column][\/et_pb_row][\/et_pb_section][et_pb_section fb_built=\u00bb1&#8243; _builder_version=\u00bb4.18.0&#8243; _module_preset=\u00bbdefault\u00bb custom_padding=\u00bb0px||33px|||\u00bb global_colors_info=\u00bb{}\u00bb][et_pb_row column_structure=\u00bb2_3,1_3&#8243; _builder_version=\u00bb4.20.2&#8243; _module_preset=\u00bbdefault\u00bb custom_padding=\u00bb54px|||||\u00bb global_colors_info=\u00bb{}\u00bb][et_pb_column type=\u00bb2_3&#8243; _builder_version=\u00bb4.18.0&#8243; _module_preset=\u00bbdefault\u00bb global_colors_info=\u00bb{}\u00bb][et_pb_text _builder_version=\u00bb4.20.2&#8243; _module_preset=\u00bbdefault\u00bb text_line_height=\u00bb2.6em\u00bb ol_line_height=\u00bb2.4em\u00bb text_font_size_tablet=\u00bb\u00bb text_font_size_phone=\u00bb17px\u00bb text_font_size_last_edited=\u00bbon|phone\u00bb global_colors_info=\u00bb{}\u00bb]<\/p>\n<blockquote><p><span style=\"font-weight: 400;\">Desde sensaci\u00f3n de fatiga hasta riesgos graves de salud como el c\u00e1ncer de piel, los efectos del sol pueden ser sumamente serios. <\/span><\/p><\/blockquote>\n<p><span style=\"font-weight: 400;\">Pero no te preocupes, aqu\u00ed te dejamos siete recomendaciones esenciales para disfrutar del sol sin riesgos este verano.<\/span><\/p>\n<h2><b>1. Protecci\u00f3n solar: el escudo contra los rayos UV.<\/b><\/h2>\n<p><span style=\"font-weight: 400;\">Utiliza protector solar de amplio espectro con un FPS de 30 o m\u00e1s. Apl\u00edcalo generosamente en rostro, cuello, orejas y extremidades, incluso en d\u00edas nublados.<\/span><\/p>\n<h2><b>2. Hidrataci\u00f3n: el oasis en el calor.<\/b><span style=\"font-weight: 400;\">\u00a0<\/span><\/h2>\n<p><span style=\"font-weight: 400;\">Bebe agua constantemente. Olv\u00eddate de las bebidas azucaradas y alcoh\u00f3licas que pueden deshidratarte m\u00e1s. El agua es tu mejor aliada para regular la temperatura de tu cuerpo y mantener tu piel sana.<\/span><\/p>\n<h2><b>3. Vestimenta: tu aliado fresco.<\/b><span style=\"font-weight: 400;\">\u00a0<\/span><\/h2>\n<p><span style=\"font-weight: 400;\">Elige ropa ligera, preferiblemente de colores claros y materiales transpirables. Un sombrero de ala ancha y gafas de sol con filtro UV te brindar\u00e1n una protecci\u00f3n extra.<\/span><\/p>\n<h2><b>4. Evita las horas de m\u00e1s sol: elige la sombra.<\/b><span style=\"font-weight: 400;\">\u00a0<\/span><\/h2>\n<p><span style=\"font-weight: 400;\">Evita la exposici\u00f3n directa al sol entre las 10:00 y las 16:00 horas, cuando los rayos UV son m\u00e1s fuertes. Si tienes que salir, busca la sombra y reaplica bloqueador solar cada dos horas.<\/span><\/p>\n<h2><b>5. Alimentaci\u00f3n: ligera y nutritiva.<\/b><span style=\"font-weight: 400;\">\u00a0<\/span><\/h2>\n<p><span style=\"font-weight: 400;\">Opta por alimentos ligeros y ricos en agua como frutas y verduras. Estos te ayudar\u00e1n a mantenerte hidratado y lleno de energ\u00eda.<\/span><\/p>\n<h2><b>6. Protege tus ojos: m\u00e1s all\u00e1 de la moda.<\/b><span style=\"font-weight: 400;\">\u00a0<\/span><\/h2>\n<p><span style=\"font-weight: 400;\">El sol tambi\u00e9n puede afectar tu visi\u00f3n. Los lentes de sol no son solo un accesorio estiloso; con filtros UV certificados, son una necesidad para evitar da\u00f1os a largo plazo en tus ojos.<\/span><\/p>\n<h2><b>7. Presta atenci\u00f3n: mantente alerta a los golpes de calor.<\/b><span style=\"font-weight: 400;\">\u00a0<\/span><\/h2>\n<p><span style=\"font-weight: 400;\">Los golpes de calor son emergencias m\u00e9dicas. Si notas s\u00edntomas como piel caliente y seca, mareos o confusi\u00f3n, baja la temperatura corporal con agua fr\u00eda y busca atenci\u00f3n m\u00e9dica inmediata.<\/span><\/p>\n<p><span style=\"font-weight: 400;\">Disfrutar del verano de forma segura es sencillo si sigues estos consejos. Recuerda: <\/span><b>la prevenci\u00f3n es la mejor estrategia contra los efectos nocivos del sol<\/b><span style=\"font-weight: 400;\">. As\u00ed que aplica tu bloqueador, carga tu botella de agua y prep\u00e1rate para vivir el verano con salud y alegr\u00eda. \u00a1No dejes que el sol opaque tu diversi\u00f3n!<\/span><\/p>\n<p>[\/et_pb_text][\/et_pb_column][et_pb_column type=\u00bb1_3&#8243; disabled_on=\u00bbon|on|on\u00bb _builder_version=\u00bb4.20.2&#8243; _module_preset=\u00bbdefault\u00bb background_color=\u00bbrgba(240,238,228,0.43)\u00bb border_radii=\u00bbon|10px|10px|10px|10px\u00bb disabled=\u00bbon\u00bb global_colors_info=\u00bb{}\u00bb][et_pb_image src=\u00bbhttps:\/\/conectamutual.cl\/trabajadores\/wp-content\/uploads\/2023\/03\/Logo-Mutual.png\u00bb title_text=\u00bbLogo Mutual\u00bb _builder_version=\u00bb4.18.0&#8243; _module_preset=\u00bbdefault\u00bb width=\u00bb75%\u00bb module_alignment=\u00bbcenter\u00bb custom_padding=\u00bb21px|||||\u00bb global_colors_info=\u00bb{}\u00bb][\/et_pb_image][et_pb_image src=\u00bbhttps:\/\/conectamutual.cl\/trabajadores\/wp-content\/uploads\/2023\/03\/Captura-de-Pantalla-2023-03-02-a-las-11.22.47.png\u00bb title_text=\u00bbCaptura de Pantalla 2023-03-02 a la(s) 11.22.47&#8243; _builder_version=\u00bb4.18.0&#8243; _module_preset=\u00bbdefault\u00bb width=\u00bb91%\u00bb module_alignment=\u00bbcenter\u00bb custom_padding=\u00bb17px|||||\u00bb global_colors_info=\u00bb{}\u00bb][\/et_pb_image][et_pb_image src=\u00bbhttps:\/\/conectamutual.cl\/trabajadores\/wp-content\/uploads\/2023\/03\/Alo-especialista.png\u00bb title_text=\u00bbAlo especialista\u00bb _builder_version=\u00bb4.18.0&#8243; _module_preset=\u00bbdefault\u00bb custom_margin=\u00bb80px|||||\u00bb custom_padding=\u00bb|10px||10px|false|false\u00bb global_colors_info=\u00bb{}\u00bb][\/et_pb_image][et_pb_blurb title=\u00bbVideo: Dr. Pedro Alfaro nos habla del cuidado con el sol y los rayos U.V.\u00bb image=\u00bbhttps:\/\/conectamutual.cl\/trabajadores\/wp-content\/uploads\/2023\/03\/dostor-video.png\u00bb _builder_version=\u00bb4.18.0&#8243; _module_preset=\u00bbdefault\u00bb header_font=\u00bb|700|||||||\u00bb header_font_size=\u00bb22px\u00bb custom_padding=\u00bb|10px|35px|10px|false|false\u00bb global_colors_info=\u00bb{}\u00bb][\/et_pb_blurb][\/et_pb_column][\/et_pb_row][\/et_pb_section]<\/p>\n","protected":false},"excerpt":{"rendered":"<p>El verano se aproxima y con \u00e9l las altas temperaturas y la intensa radiaci\u00f3n UV, que pueden causar m\u00e1s que solo un bronceado indeseado. Desde sensaci\u00f3n de fatiga hasta riesgos graves de salud como el c\u00e1ncer de piel, los efectos del sol pueden ser sumamente serios. Pero no te preocupes, aqu\u00ed te dejamos siete recomendaciones [&hellip;]<\/p>\n","protected":false},"author":1,"featured_media":1018,"comment_status":"closed","ping_status":"closed","sticky":false,"template":"","format":"standard","meta":{"_et_pb_use_builder":"on","_et_pb_old_content":"","_et_gb_content_width":"","footnotes":""},"categories":[4],"tags":[],"class_list":["post-1004","post","type-post","status-publish","format-standard","has-post-thumbnail","hentry","category-prevencion-bienestar"],"yoast_head":"<!-- This site is optimized with the Yoast SEO plugin v22.4 - https:\/\/yoast.com\/wordpress\/plugins\/seo\/ -->\n<title>\u00bfTe preocupa el calor de este verano? 7 consejos para disfrutarlo sin riesgos - Conecta Mutual - Trabajadores<\/title>\n<meta name=\"robots\" content=\"index, follow, max-snippet:-1, max-image-preview:large, max-video-preview:-1\" \/>\n<link rel=\"canonical\" href=\"https:\/\/conectamutual.cl\/trabajadores\/prevencion-bienestar\/te-preocupa-el-calor-de-este-verano-7-consejos-para-disfrutarlo-sin-riesgos\/\" \/>\n<meta property=\"og:locale\" content=\"es_ES\" \/>\n<meta property=\"og:type\" content=\"article\" \/>\n<meta property=\"og:title\" content=\"\u00bfTe preocupa el calor de este verano? 7 consejos para disfrutarlo sin riesgos - Conecta Mutual - Trabajadores\" \/>\n<meta property=\"og:description\" content=\"El verano se aproxima y con \u00e9l las altas temperaturas y la intensa radiaci\u00f3n UV, que pueden causar m\u00e1s que solo un bronceado indeseado. Desde sensaci\u00f3n de fatiga hasta riesgos graves de salud como el c\u00e1ncer de piel, los efectos del sol pueden ser sumamente serios. Pero no te preocupes, aqu\u00ed te dejamos siete recomendaciones [&hellip;]\" \/>\n<meta property=\"og:url\" content=\"https:\/\/conectamutual.cl\/trabajadores\/prevencion-bienestar\/te-preocupa-el-calor-de-este-verano-7-consejos-para-disfrutarlo-sin-riesgos\/\" \/>\n<meta property=\"og:site_name\" content=\"Conecta Mutual - Trabajadores\" \/>\n<meta property=\"article:published_time\" content=\"2023-11-29T15:06:06+00:00\" \/>\n<meta property=\"article:modified_time\" content=\"2023-11-29T16:38:43+00:00\" \/>\n<meta property=\"og:image\" content=\"https:\/\/conectamutual.cl\/trabajadores\/wp-content\/uploads\/2023\/11\/Articulo-66-Ilustracion-Radiacion-solar-y-proteccion-UV.png\" \/>\n\t<meta property=\"og:image:width\" content=\"1563\" \/>\n\t<meta property=\"og:image:height\" content=\"1563\" \/>\n\t<meta property=\"og:image:type\" content=\"image\/png\" \/>\n<meta name=\"author\" content=\"Espacio Mutuo\" \/>\n<meta name=\"twitter:card\" content=\"summary_large_image\" \/>\n<meta name=\"twitter:label1\" content=\"Escrito por\" \/>\n\t<meta name=\"twitter:data1\" content=\"Espacio Mutuo\" \/>\n\t<meta name=\"twitter:label2\" content=\"Tiempo de lectura\" \/>\n\t<meta name=\"twitter:data2\" content=\"3 minutos\" \/>\n<script type=\"application\/ld+json\" class=\"yoast-schema-graph\">{\"@context\":\"https:\/\/schema.org\",\"@graph\":[{\"@type\":\"WebPage\",\"@id\":\"https:\/\/conectamutual.cl\/trabajadores\/prevencion-bienestar\/te-preocupa-el-calor-de-este-verano-7-consejos-para-disfrutarlo-sin-riesgos\/\",\"url\":\"https:\/\/conectamutual.cl\/trabajadores\/prevencion-bienestar\/te-preocupa-el-calor-de-este-verano-7-consejos-para-disfrutarlo-sin-riesgos\/\",\"name\":\"\u00bfTe preocupa el calor de este verano? 7 consejos para disfrutarlo sin riesgos - Conecta Mutual - Trabajadores\",\"isPartOf\":{\"@id\":\"https:\/\/conectamutual.cl\/trabajadores\/#website\"},\"primaryImageOfPage\":{\"@id\":\"https:\/\/conectamutual.cl\/trabajadores\/prevencion-bienestar\/te-preocupa-el-calor-de-este-verano-7-consejos-para-disfrutarlo-sin-riesgos\/#primaryimage\"},\"image\":{\"@id\":\"https:\/\/conectamutual.cl\/trabajadores\/prevencion-bienestar\/te-preocupa-el-calor-de-este-verano-7-consejos-para-disfrutarlo-sin-riesgos\/#primaryimage\"},\"thumbnailUrl\":\"https:\/\/conectamutual.cl\/trabajadores\/wp-content\/uploads\/2023\/11\/Articulo-66-Ilustracion-Radiacion-solar-y-proteccion-UV.png\",\"datePublished\":\"2023-11-29T15:06:06+00:00\",\"dateModified\":\"2023-11-29T16:38:43+00:00\",\"author\":{\"@id\":\"https:\/\/conectamutual.cl\/trabajadores\/#\/schema\/person\/7e847879078c5ae3d0897e3588fbde1d\"},\"breadcrumb\":{\"@id\":\"https:\/\/conectamutual.cl\/trabajadores\/prevencion-bienestar\/te-preocupa-el-calor-de-este-verano-7-consejos-para-disfrutarlo-sin-riesgos\/#breadcrumb\"},\"inLanguage\":\"es\",\"potentialAction\":[{\"@type\":\"ReadAction\",\"target\":[\"https:\/\/conectamutual.cl\/trabajadores\/prevencion-bienestar\/te-preocupa-el-calor-de-este-verano-7-consejos-para-disfrutarlo-sin-riesgos\/\"]}]},{\"@type\":\"ImageObject\",\"inLanguage\":\"es\",\"@id\":\"https:\/\/conectamutual.cl\/trabajadores\/prevencion-bienestar\/te-preocupa-el-calor-de-este-verano-7-consejos-para-disfrutarlo-sin-riesgos\/#primaryimage\",\"url\":\"https:\/\/conectamutual.cl\/trabajadores\/wp-content\/uploads\/2023\/11\/Articulo-66-Ilustracion-Radiacion-solar-y-proteccion-UV.png\",\"contentUrl\":\"https:\/\/conectamutual.cl\/trabajadores\/wp-content\/uploads\/2023\/11\/Articulo-66-Ilustracion-Radiacion-solar-y-proteccion-UV.png\",\"width\":1563,\"height\":1563},{\"@type\":\"BreadcrumbList\",\"@id\":\"https:\/\/conectamutual.cl\/trabajadores\/prevencion-bienestar\/te-preocupa-el-calor-de-este-verano-7-consejos-para-disfrutarlo-sin-riesgos\/#breadcrumb\",\"itemListElement\":[{\"@type\":\"ListItem\",\"position\":1,\"name\":\"Portada\",\"item\":\"https:\/\/conectamutual.cl\/trabajadores\/\"},{\"@type\":\"ListItem\",\"position\":2,\"name\":\"\u00bfTe preocupa el calor de este verano? 7 consejos para disfrutarlo sin riesgos\"}]},{\"@type\":\"WebSite\",\"@id\":\"https:\/\/conectamutual.cl\/trabajadores\/#website\",\"url\":\"https:\/\/conectamutual.cl\/trabajadores\/\",\"name\":\"Conecta Mutual - Trabajadores\",\"description\":\"\",\"potentialAction\":[{\"@type\":\"SearchAction\",\"target\":{\"@type\":\"EntryPoint\",\"urlTemplate\":\"https:\/\/conectamutual.cl\/trabajadores\/?s={search_term_string}\"},\"query-input\":\"required name=search_term_string\"}],\"inLanguage\":\"es\"},{\"@type\":\"Person\",\"@id\":\"https:\/\/conectamutual.cl\/trabajadores\/#\/schema\/person\/7e847879078c5ae3d0897e3588fbde1d\",\"name\":\"Espacio Mutuo\",\"image\":{\"@type\":\"ImageObject\",\"inLanguage\":\"es\",\"@id\":\"https:\/\/conectamutual.cl\/trabajadores\/#\/schema\/person\/image\/\",\"url\":\"https:\/\/secure.gravatar.com\/avatar\/90d8821e32539b0b143885ed6e3a2e98f19e8a62b1e68e9d4539841a6aa1cf27?s=96&d=mm&r=g\",\"contentUrl\":\"https:\/\/secure.gravatar.com\/avatar\/90d8821e32539b0b143885ed6e3a2e98f19e8a62b1e68e9d4539841a6aa1cf27?s=96&d=mm&r=g\",\"caption\":\"Espacio Mutuo\"},\"sameAs\":[\"http:\/\/conectamutual.cl\/trabajadores\"],\"url\":\"https:\/\/conectamutual.cl\/trabajadores\/author\/admin-emutuo\/\"}]}<\/script>\n<!-- \/ Yoast SEO plugin. -->","yoast_head_json":{"title":"\u00bfTe preocupa el calor de este verano? 7 consejos para disfrutarlo sin riesgos - Conecta Mutual - Trabajadores","robots":{"index":"index","follow":"follow","max-snippet":"max-snippet:-1","max-image-preview":"max-image-preview:large","max-video-preview":"max-video-preview:-1"},"canonical":"https:\/\/conectamutual.cl\/trabajadores\/prevencion-bienestar\/te-preocupa-el-calor-de-este-verano-7-consejos-para-disfrutarlo-sin-riesgos\/","og_locale":"es_ES","og_type":"article","og_title":"\u00bfTe preocupa el calor de este verano? 7 consejos para disfrutarlo sin riesgos - Conecta Mutual - Trabajadores","og_description":"El verano se aproxima y con \u00e9l las altas temperaturas y la intensa radiaci\u00f3n UV, que pueden causar m\u00e1s que solo un bronceado indeseado. Desde sensaci\u00f3n de fatiga hasta riesgos graves de salud como el c\u00e1ncer de piel, los efectos del sol pueden ser sumamente serios. Pero no te preocupes, aqu\u00ed te dejamos siete recomendaciones [&hellip;]","og_url":"https:\/\/conectamutual.cl\/trabajadores\/prevencion-bienestar\/te-preocupa-el-calor-de-este-verano-7-consejos-para-disfrutarlo-sin-riesgos\/","og_site_name":"Conecta Mutual - Trabajadores","article_published_time":"2023-11-29T15:06:06+00:00","article_modified_time":"2023-11-29T16:38:43+00:00","og_image":[{"width":1563,"height":1563,"url":"https:\/\/conectamutual.cl\/trabajadores\/wp-content\/uploads\/2023\/11\/Articulo-66-Ilustracion-Radiacion-solar-y-proteccion-UV.png","type":"image\/png"}],"author":"Espacio Mutuo","twitter_card":"summary_large_image","twitter_misc":{"Escrito por":"Espacio Mutuo","Tiempo de lectura":"3 minutos"},"schema":{"@context":"https:\/\/schema.org","@graph":[{"@type":"WebPage","@id":"https:\/\/conectamutual.cl\/trabajadores\/prevencion-bienestar\/te-preocupa-el-calor-de-este-verano-7-consejos-para-disfrutarlo-sin-riesgos\/","url":"https:\/\/conectamutual.cl\/trabajadores\/prevencion-bienestar\/te-preocupa-el-calor-de-este-verano-7-consejos-para-disfrutarlo-sin-riesgos\/","name":"\u00bfTe preocupa el calor de este verano? 7 consejos para disfrutarlo sin riesgos - Conecta Mutual - Trabajadores","isPartOf":{"@id":"https:\/\/conectamutual.cl\/trabajadores\/#website"},"primaryImageOfPage":{"@id":"https:\/\/conectamutual.cl\/trabajadores\/prevencion-bienestar\/te-preocupa-el-calor-de-este-verano-7-consejos-para-disfrutarlo-sin-riesgos\/#primaryimage"},"image":{"@id":"https:\/\/conectamutual.cl\/trabajadores\/prevencion-bienestar\/te-preocupa-el-calor-de-este-verano-7-consejos-para-disfrutarlo-sin-riesgos\/#primaryimage"},"thumbnailUrl":"https:\/\/conectamutual.cl\/trabajadores\/wp-content\/uploads\/2023\/11\/Articulo-66-Ilustracion-Radiacion-solar-y-proteccion-UV.png","datePublished":"2023-11-29T15:06:06+00:00","dateModified":"2023-11-29T16:38:43+00:00","author":{"@id":"https:\/\/conectamutual.cl\/trabajadores\/#\/schema\/person\/7e847879078c5ae3d0897e3588fbde1d"},"breadcrumb":{"@id":"https:\/\/conectamutual.cl\/trabajadores\/prevencion-bienestar\/te-preocupa-el-calor-de-este-verano-7-consejos-para-disfrutarlo-sin-riesgos\/#breadcrumb"},"inLanguage":"es","potentialAction":[{"@type":"ReadAction","target":["https:\/\/conectamutual.cl\/trabajadores\/prevencion-bienestar\/te-preocupa-el-calor-de-este-verano-7-consejos-para-disfrutarlo-sin-riesgos\/"]}]},{"@type":"ImageObject","inLanguage":"es","@id":"https:\/\/conectamutual.cl\/trabajadores\/prevencion-bienestar\/te-preocupa-el-calor-de-este-verano-7-consejos-para-disfrutarlo-sin-riesgos\/#primaryimage","url":"https:\/\/conectamutual.cl\/trabajadores\/wp-content\/uploads\/2023\/11\/Articulo-66-Ilustracion-Radiacion-solar-y-proteccion-UV.png","contentUrl":"https:\/\/conectamutual.cl\/trabajadores\/wp-content\/uploads\/2023\/11\/Articulo-66-Ilustracion-Radiacion-solar-y-proteccion-UV.png","width":1563,"height":1563},{"@type":"BreadcrumbList","@id":"https:\/\/conectamutual.cl\/trabajadores\/prevencion-bienestar\/te-preocupa-el-calor-de-este-verano-7-consejos-para-disfrutarlo-sin-riesgos\/#breadcrumb","itemListElement":[{"@type":"ListItem","position":1,"name":"Portada","item":"https:\/\/conectamutual.cl\/trabajadores\/"},{"@type":"ListItem","position":2,"name":"\u00bfTe preocupa el calor de este verano? 7 consejos para disfrutarlo sin riesgos"}]},{"@type":"WebSite","@id":"https:\/\/conectamutual.cl\/trabajadores\/#website","url":"https:\/\/conectamutual.cl\/trabajadores\/","name":"Conecta Mutual - Trabajadores","description":"","potentialAction":[{"@type":"SearchAction","target":{"@type":"EntryPoint","urlTemplate":"https:\/\/conectamutual.cl\/trabajadores\/?s={search_term_string}"},"query-input":"required name=search_term_string"}],"inLanguage":"es"},{"@type":"Person","@id":"https:\/\/conectamutual.cl\/trabajadores\/#\/schema\/person\/7e847879078c5ae3d0897e3588fbde1d","name":"Espacio Mutuo","image":{"@type":"ImageObject","inLanguage":"es","@id":"https:\/\/conectamutual.cl\/trabajadores\/#\/schema\/person\/image\/","url":"https:\/\/secure.gravatar.com\/avatar\/90d8821e32539b0b143885ed6e3a2e98f19e8a62b1e68e9d4539841a6aa1cf27?s=96&d=mm&r=g","contentUrl":"https:\/\/secure.gravatar.com\/avatar\/90d8821e32539b0b143885ed6e3a2e98f19e8a62b1e68e9d4539841a6aa1cf27?s=96&d=mm&r=g","caption":"Espacio Mutuo"},"sameAs":["http:\/\/conectamutual.cl\/trabajadores"],"url":"https:\/\/conectamutual.cl\/trabajadores\/author\/admin-emutuo\/"}]}},"_links":{"self":[{"href":"https:\/\/conectamutual.cl\/trabajadores\/wp-json\/wp\/v2\/posts\/1004","targetHints":{"allow":["GET"]}}],"collection":[{"href":"https:\/\/conectamutual.cl\/trabajadores\/wp-json\/wp\/v2\/posts"}],"about":[{"href":"https:\/\/conectamutual.cl\/trabajadores\/wp-json\/wp\/v2\/types\/post"}],"author":[{"embeddable":true,"href":"https:\/\/conectamutual.cl\/trabajadores\/wp-json\/wp\/v2\/users\/1"}],"replies":[{"embeddable":true,"href":"https:\/\/conectamutual.cl\/trabajadores\/wp-json\/wp\/v2\/comments?post=1004"}],"version-history":[{"count":5,"href":"https:\/\/conectamutual.cl\/trabajadores\/wp-json\/wp\/v2\/posts\/1004\/revisions"}],"predecessor-version":[{"id":1030,"href":"https:\/\/conectamutual.cl\/trabajadores\/wp-json\/wp\/v2\/posts\/1004\/revisions\/1030"}],"wp:featuredmedia":[{"embeddable":true,"href":"https:\/\/conectamutual.cl\/trabajadores\/wp-json\/wp\/v2\/media\/1018"}],"wp:attachment":[{"href":"https:\/\/conectamutual.cl\/trabajadores\/wp-json\/wp\/v2\/media?parent=1004"}],"wp:term":[{"taxonomy":"category","embeddable":true,"href":"https:\/\/conectamutual.cl\/trabajadores\/wp-json\/wp\/v2\/categories?post=1004"},{"taxonomy":"post_tag","embeddable":true,"href":"https:\/\/conectamutual.cl\/trabajadores\/wp-json\/wp\/v2\/tags?post=1004"}],"curies":[{"name":"wp","href":"https:\/\/api.w.org\/{rel}","templated":true}]}}