{"id":1020,"date":"2023-11-29T16:04:42","date_gmt":"2023-11-29T16:04:42","guid":{"rendered":"https:\/\/conectamutual.cl\/trabajadores\/?p=1020"},"modified":"2023-11-29T16:22:52","modified_gmt":"2023-11-29T16:22:52","slug":"respira-y-relajate-tecnicas-efectivas-para-disminuir-el-estres-en-tu-vida","status":"publish","type":"post","link":"https:\/\/conectamutual.cl\/trabajadores\/alo-especialistas\/respira-y-relajate-tecnicas-efectivas-para-disminuir-el-estres-en-tu-vida\/","title":{"rendered":"Respira y rel\u00e1jate: t\u00e9cnicas efectivas para disminuir el estr\u00e9s en tu vida"},"content":{"rendered":"<p>[et_pb_section fb_built=\u00bb1&#8243; _builder_version=\u00bb4.20.2&#8243; _module_preset=\u00bbdefault\u00bb custom_padding=\u00bb3px||12px|||\u00bb global_colors_info=\u00bb{}\u00bb][et_pb_row column_structure=\u00bb1_2,1_2&#8243; _builder_version=\u00bb4.20.2&#8243; _module_preset=\u00bbdefault\u00bb global_colors_info=\u00bb{}\u00bb][et_pb_column type=\u00bb1_2&#8243; _builder_version=\u00bb4.20.2&#8243; _module_preset=\u00bbdefault\u00bb global_colors_info=\u00bb{}\u00bb][et_pb_image src=\u00bbhttps:\/\/conectamutual.cl\/trabajadores\/wp-content\/uploads\/2023\/03\/logo-Espacio-Trabajadores-separados-12.png\u00bb title_text=\u00bblogo-Espacio-Trabajadores-separados-12&#8243; align=\u00bbcenter\u00bb _builder_version=\u00bb4.20.2&#8243; _module_preset=\u00bbdefault\u00bb width=\u00bb57%\u00bb width_tablet=\u00bb57%\u00bb width_phone=\u00bb99%\u00bb width_last_edited=\u00bbon|phone\u00bb max_width=\u00bb91%\u00bb module_alignment=\u00bbcenter\u00bb min_height_tablet=\u00bb\u00bb min_height_phone=\u00bb\u00bb min_height_last_edited=\u00bbon|desktop\u00bb global_colors_info=\u00bb{}\u00bb][\/et_pb_image][\/et_pb_column][et_pb_column type=\u00bb1_2&#8243; _builder_version=\u00bb4.20.2&#8243; _module_preset=\u00bbdefault\u00bb global_colors_info=\u00bb{}\u00bb][et_pb_image src=\u00bbhttps:\/\/conectamutual.cl\/trabajadores\/wp-content\/uploads\/2023\/03\/logo-Espacio-Trabajadores-separados-11.png\u00bb title_text=\u00bblogo-Espacio-Trabajadores-separados-11&#8243; align=\u00bbcenter\u00bb _builder_version=\u00bb4.20.2&#8243; _module_preset=\u00bbdefault\u00bb width=\u00bb62%\u00bb width_tablet=\u00bb62%\u00bb width_phone=\u00bb100%\u00bb width_last_edited=\u00bbon|phone\u00bb max_width=\u00bb90%\u00bb module_alignment=\u00bbcenter\u00bb custom_margin=\u00bb25px||||false|false\u00bb module_alignment_tablet=\u00bbcenter\u00bb module_alignment_phone=\u00bbcenter\u00bb module_alignment_last_edited=\u00bbon|desktop\u00bb global_colors_info=\u00bb{}\u00bb][\/et_pb_image][\/et_pb_column][\/et_pb_row][\/et_pb_section][et_pb_section fb_built=\u00bb1&#8243; _builder_version=\u00bb4.20.2&#8243; _module_preset=\u00bbdefault\u00bb background_color=\u00bb#f6eae3&#8243; custom_padding=\u00bb0px||0px|||\u00bb global_colors_info=\u00bb{}\u00bb][et_pb_row _builder_version=\u00bb4.20.2&#8243; _module_preset=\u00bbdefault\u00bb global_colors_info=\u00bb{}\u00bb][et_pb_column type=\u00bb4_4&#8243; _builder_version=\u00bb4.20.2&#8243; _module_preset=\u00bbdefault\u00bb global_colors_info=\u00bb{}\u00bb][et_pb_image src=\u00bbhttps:\/\/conectamutual.cl\/trabajadores\/wp-content\/uploads\/2023\/03\/Graf-Categorias-02.png\u00bb title_text=\u00bbGraf Categori\u0301as-02&#8243; _builder_version=\u00bb4.20.2&#8243; _module_preset=\u00bbdefault\u00bb width=\u00bb60%\u00bb width_tablet=\u00bb60%\u00bb width_phone=\u00bb100%\u00bb width_last_edited=\u00bbon|phone\u00bb custom_margin=\u00bb0px||0px||false|false\u00bb custom_margin_tablet=\u00bb0px||0px||false|false\u00bb custom_margin_phone=\u00bb20px||20px||false|false\u00bb custom_margin_last_edited=\u00bbon|phone\u00bb global_colors_info=\u00bb{}\u00bb][\/et_pb_image][\/et_pb_column][\/et_pb_row][\/et_pb_section][et_pb_section fb_built=\u00bb1&#8243; _builder_version=\u00bb4.20.2&#8243; _module_preset=\u00bbdefault\u00bb background_color=\u00bbrgba(240,238,228,0.34)\u00bb custom_padding=\u00bb42px||1px|||\u00bb global_colors_info=\u00bb{}\u00bb][et_pb_row column_structure=\u00bb3_5,2_5&#8243; _builder_version=\u00bb4.16&#8243; _module_preset=\u00bbdefault\u00bb custom_margin=\u00bb-63px|auto||auto||\u00bb custom_padding=\u00bb26px||0px|||\u00bb global_colors_info=\u00bb{}\u00bb][et_pb_column type=\u00bb3_5&#8243; _builder_version=\u00bb4.16&#8243; _module_preset=\u00bbdefault\u00bb global_colors_info=\u00bb{}\u00bb][et_pb_image src=\u00bbhttps:\/\/conectamutual.cl\/trabajadores\/wp-content\/uploads\/2023\/11\/Articulo-65-Ilustracion-Consejos-para-Ejercicios-de-Relajacion-1.png\u00bb title_text=\u00bbArti\u0301culo 65 &#8211; Ilustracio\u0301n &#8211; Consejos para Ejercicios de Relajacio\u0301n (1)\u00bb _builder_version=\u00bb4.20.2&#8243; _module_preset=\u00bbdefault\u00bb width=\u00bb92%\u00bb width_tablet=\u00bb77%\u00bb width_phone=\u00bb92%\u00bb width_last_edited=\u00bbon|phone\u00bb module_alignment=\u00bbcenter\u00bb custom_padding=\u00bb4px|||||\u00bb global_colors_info=\u00bb{}\u00bb][\/et_pb_image][\/et_pb_column][et_pb_column type=\u00bb2_5&#8243; _builder_version=\u00bb4.16&#8243; _module_preset=\u00bbdefault\u00bb global_colors_info=\u00bb{}\u00bb][et_pb_post_title comments=\u00bboff\u00bb featured_image=\u00bboff\u00bb _builder_version=\u00bb4.20.2&#8243; _module_preset=\u00bbdefault\u00bb title_level=\u00bbh2&#8243; title_font=\u00bbMontserrat|700|||||||\u00bb title_text_align=\u00bbleft\u00bb title_text_color=\u00bb#c4d600&#8243; title_font_size=\u00bb43px\u00bb title_line_height=\u00bb1.1em\u00bb meta_font=\u00bbMontserrat||||||||\u00bb meta_text_align=\u00bbleft\u00bb meta_font_size=\u00bb12px\u00bb custom_margin=\u00bb38px||||false|false\u00bb title_font_size_tablet=\u00bb\u00bb title_font_size_phone=\u00bb30px\u00bb title_font_size_last_edited=\u00bbon|phone\u00bb meta_font_size_tablet=\u00bb\u00bb meta_font_size_phone=\u00bb10px\u00bb meta_font_size_last_edited=\u00bbon|phone\u00bb global_colors_info=\u00bb{}\u00bb][\/et_pb_post_title][et_pb_text _builder_version=\u00bb4.20.2&#8243; _module_preset=\u00bbdefault\u00bb text_font_size=\u00bb18px\u00bb header_4_font=\u00bb|600|on||||||\u00bb header_4_text_color=\u00bb#7f7f7f\u00bb header_4_font_size=\u00bb16px\u00bb header_4_line_height=\u00bb1.9em\u00bb custom_padding=\u00bb0px|||||\u00bb hover_enabled=\u00bb0&#8243; text_font_size_tablet=\u00bb18px\u00bb text_font_size_phone=\u00bb18px\u00bb text_font_size_last_edited=\u00bbon|desktop\u00bb global_colors_info=\u00bb{}\u00bb sticky_enabled=\u00bb0&#8243;]<\/p>\n<p><em><strong>El estr\u00e9s es un compa\u00f1ero frecuente en nuestra vida cotidiana y puede agravarse por diferentes situaciones.<\/strong><\/em><\/p>\n<p>[\/et_pb_text][\/et_pb_column][\/et_pb_row][\/et_pb_section][et_pb_section fb_built=\u00bb1&#8243; _builder_version=\u00bb4.18.0&#8243; _module_preset=\u00bbdefault\u00bb custom_padding=\u00bb0px||33px|||\u00bb global_colors_info=\u00bb{}\u00bb][et_pb_row column_structure=\u00bb2_3,1_3&#8243; _builder_version=\u00bb4.20.2&#8243; _module_preset=\u00bbdefault\u00bb custom_padding=\u00bb51px||0px|||\u00bb global_colors_info=\u00bb{}\u00bb][et_pb_column type=\u00bb2_3&#8243; _builder_version=\u00bb4.18.0&#8243; _module_preset=\u00bbdefault\u00bb global_colors_info=\u00bb{}\u00bb][et_pb_text _builder_version=\u00bb4.20.2&#8243; _module_preset=\u00bbdefault\u00bb text_line_height=\u00bb2.1em\u00bb ol_font=\u00bb|700|||||||\u00bb ol_line_height=\u00bb2em\u00bb text_font_size_tablet=\u00bb\u00bb text_font_size_phone=\u00bb17px\u00bb text_font_size_last_edited=\u00bbon|phone\u00bb global_colors_info=\u00bb{}\u00bb]<\/p>\n<blockquote>\n<p><span style=\"font-weight: 400;\">Afortunadamente, las t\u00e9cnicas de relajaci\u00f3n son herramientas poderosas para mitigar el estr\u00e9s y mejorar nuestra calidad de vida.<\/span><\/p>\n<\/blockquote>\n<p><span style=\"font-weight: 400;\"> Aqu\u00ed te presentamos m\u00e9todos efectivos y accesibles para alcanzar la paz interior que mereces.<\/span><\/p>\n<h2><b>Encontrando tu zona de paz:<\/b><\/h2>\n<ol>\n<li style=\"font-weight: 400;\" aria-level=\"1\"><b>Ambiente Tranquilo:<\/b><span style=\"font-weight: 400;\"> Encuentra un espacio silencioso y con poca luz para facilitar la concentraci\u00f3n y el proceso de relajaci\u00f3n.<\/span><\/li>\n<li style=\"font-weight: 400;\" aria-level=\"1\"><b>Postura Correcta:<\/b><span style=\"font-weight: 400;\"> Comienza recostado, con los miembros extendidos c\u00f3modamente y la cabeza apoyada, para que tu cuerpo pueda relajarse completamente.<\/span><\/li>\n<li style=\"font-weight: 400;\" aria-level=\"1\"><b>Focalizaci\u00f3n:<\/b><span style=\"font-weight: 400;\"> Al inicio puede ser dif\u00edcil, pero la concentraci\u00f3n es clave. Dedica un momento a cada ejercicio, identificando las sensaciones de relajaci\u00f3n.<\/span><\/li>\n<li style=\"font-weight: 400;\" aria-level=\"1\"><b>Consistencia:<\/b><span style=\"font-weight: 400;\"> La relajaci\u00f3n es una habilidad que mejora con la pr\u00e1ctica. Encuentra la t\u00e9cnica que mejor se adapte a ti y hazla parte de tu rutina diaria.<\/span><\/li>\n<\/ol>\n<h2><b>Relajaci\u00f3n Muscular Progresiva (PMR):<\/b><span style=\"font-weight: 400;\">\u00a0<\/span><\/h2>\n<p><span style=\"font-weight: 400;\">Esta t\u00e9cnica consiste en tensionar y relajar cada grupo muscular, permiti\u00e9ndote reconocer y liberar la tensi\u00f3n acumulada. Recuerda no excederte; la tensi\u00f3n no debe ser dolorosa. Evita esta pr\u00e1ctica si tienes contraindicaciones f\u00edsicas y consulta siempre con tu m\u00e9dico. Pasos para PMR:<\/span><\/p>\n<ol>\n<li style=\"font-weight: 400;\" aria-level=\"1\"><b>Posici\u00f3n C\u00f3moda:<\/b><span style=\"font-weight: 400;\"> Puedes estar de pie, sentado o acostado.<\/span><\/li>\n<li style=\"font-weight: 400;\" aria-level=\"1\"><b>Tensi\u00f3n Controlada:<\/b><span style=\"font-weight: 400;\"> Aprieta suavemente los m\u00fasculos faciales, mantenlo por unos segundos y luego relaja.<\/span><\/li>\n<li style=\"font-weight: 400;\" aria-level=\"1\"><b>Concentraci\u00f3n en la Relajaci\u00f3n:<\/b><span style=\"font-weight: 400;\"> Siente c\u00f3mo la tensi\u00f3n se disipa con cada exhalaci\u00f3n.<\/span><\/li>\n<li style=\"font-weight: 400;\" aria-level=\"1\"><b>Repetici\u00f3n:<\/b><span style=\"font-weight: 400;\"> Tensa y relaja cada grupo muscular dos o tres veces, avanzando de la cabeza a los pies.<\/span><\/li>\n<\/ol>\n<h2><b>Dominando la respiraci\u00f3n diafragm\u00e1tica:<\/b><\/h2>\n<p><span style=\"font-weight: 400;\">La respiraci\u00f3n es m\u00e1s que un acto inconsciente; es una herramienta poderosa para calmar la mente y el cuerpo. La t\u00e9cnica de respiraci\u00f3n profunda o diafragm\u00e1tica es un m\u00e9todo sencillo y eficaz para aliviar el estr\u00e9s y promover la relajaci\u00f3n completa. Aqu\u00ed te mostramos c\u00f3mo puedes incorporar esta pr\u00e1ctica en tu vida diaria y cosechar sus beneficios.<\/span><\/p>\n<ol>\n<li style=\"font-weight: 400;\" aria-level=\"1\"><b>Inhala con Conciencia:<\/b><span style=\"font-weight: 400;\"> Comienza tomando aire lentamente por la nariz, asegur\u00e1ndote de que tu respiraci\u00f3n sea suave y medida.<\/span><\/li>\n<li style=\"font-weight: 400;\" aria-level=\"1\"><b>Profundiza la Inhalaci\u00f3n:<\/b><span style=\"font-weight: 400;\"> Dirige el aire hacia el fondo de tus pulmones. Mientras inhalas, permite que tu abdomen se eleve, no solo el pecho.<\/span><\/li>\n<li style=\"font-weight: 400;\" aria-level=\"1\"><b>Ret\u00e9n y Siente:<\/b><span style=\"font-weight: 400;\"> Mant\u00e9n el aire por unos segundos. Este breve lapso permite que el ox\u00edgeno circule por tu torrente sangu\u00edneo.<\/span><\/li>\n<li style=\"font-weight: 400;\" aria-level=\"1\"><b>Exhalaci\u00f3n Controlada:<\/b><span style=\"font-weight: 400;\"> Libera el aire despacio por la boca, con los labios casi cerrados, como si estuvieras soplando con delicadeza.<\/span><\/li>\n<\/ol>\n<p><b>Recuerda<\/b><span style=\"font-weight: 400;\">: ante cualquier ejercicio, no exageres la tensi\u00f3n hasta el punto del dolor y consulta con un m\u00e9dico si tienes condiciones f\u00edsicas que requieran atenci\u00f3n especial. Si tienes alguna condici\u00f3n f\u00edsica particular, como una cirug\u00eda reciente o lesiones musculares, consulta a tu m\u00e9dico antes de practicar PMR. La respiraci\u00f3n profunda es un ancla que puedes usar en cualquier momento para volver al presente y reducir el estr\u00e9s. Es simple, no requiere de ning\u00fan equipo especial y puedes practicarla en cualquier lugar.\u00a0<\/span><\/p>\n<p>[\/et_pb_text][\/et_pb_column][et_pb_column type=\u00bb1_3&#8243; disabled_on=\u00bbon|on|on\u00bb _builder_version=\u00bb4.20.2&#8243; _module_preset=\u00bbdefault\u00bb background_color=\u00bbrgba(240,238,228,0.43)\u00bb border_radii=\u00bbon|10px|10px|10px|10px\u00bb disabled=\u00bbon\u00bb global_colors_info=\u00bb{}\u00bb][et_pb_image src=\u00bbhttps:\/\/conectamutual.cl\/trabajadores\/wp-content\/uploads\/2023\/03\/Logo-Mutual.png\u00bb title_text=\u00bbLogo Mutual\u00bb _builder_version=\u00bb4.18.0&#8243; _module_preset=\u00bbdefault\u00bb width=\u00bb75%\u00bb module_alignment=\u00bbcenter\u00bb custom_padding=\u00bb21px|||||\u00bb global_colors_info=\u00bb{}\u00bb][\/et_pb_image][et_pb_image src=\u00bbhttps:\/\/conectamutual.cl\/trabajadores\/wp-content\/uploads\/2023\/03\/Captura-de-Pantalla-2023-03-02-a-las-11.22.47.png\u00bb title_text=\u00bbCaptura de Pantalla 2023-03-02 a la(s) 11.22.47&#8243; _builder_version=\u00bb4.18.0&#8243; _module_preset=\u00bbdefault\u00bb width=\u00bb91%\u00bb module_alignment=\u00bbcenter\u00bb custom_padding=\u00bb17px|||||\u00bb global_colors_info=\u00bb{}\u00bb][\/et_pb_image][et_pb_image src=\u00bbhttps:\/\/conectamutual.cl\/trabajadores\/wp-content\/uploads\/2023\/03\/Alo-especialista.png\u00bb title_text=\u00bbAlo especialista\u00bb _builder_version=\u00bb4.18.0&#8243; _module_preset=\u00bbdefault\u00bb custom_margin=\u00bb80px|||||\u00bb custom_padding=\u00bb|10px||10px|false|false\u00bb global_colors_info=\u00bb{}\u00bb][\/et_pb_image][et_pb_blurb title=\u00bbVideo: Dr. Pedro Alfaro nos habla del cuidado con el sol y los rayos U.V.\u00bb image=\u00bbhttps:\/\/conectamutual.cl\/trabajadores\/wp-content\/uploads\/2023\/03\/dostor-video.png\u00bb _builder_version=\u00bb4.18.0&#8243; _module_preset=\u00bbdefault\u00bb header_font=\u00bb|700|||||||\u00bb header_font_size=\u00bb22px\u00bb custom_padding=\u00bb|10px|35px|10px|false|false\u00bb global_colors_info=\u00bb{}\u00bb][\/et_pb_blurb][\/et_pb_column][\/et_pb_row][\/et_pb_section]<\/p>\n","protected":false},"excerpt":{"rendered":"<p>El estr\u00e9s es un compa\u00f1ero frecuente en nuestra vida cotidiana y puede agravarse por diferentes situaciones. Afortunadamente, las t\u00e9cnicas de relajaci\u00f3n son herramientas poderosas para mitigar el estr\u00e9s y mejorar nuestra calidad de vida. Aqu\u00ed te presentamos m\u00e9todos efectivos y accesibles para alcanzar la paz interior que mereces. Encontrando tu zona de paz: Ambiente Tranquilo: [&hellip;]<\/p>\n","protected":false},"author":1,"featured_media":1025,"comment_status":"closed","ping_status":"closed","sticky":false,"template":"","format":"standard","meta":{"_et_pb_use_builder":"on","_et_pb_old_content":"","_et_gb_content_width":"","footnotes":""},"categories":[6],"tags":[],"class_list":["post-1020","post","type-post","status-publish","format-standard","has-post-thumbnail","hentry","category-alo-especialistas"],"yoast_head":"<!-- This site is optimized with the Yoast SEO plugin v22.4 - https:\/\/yoast.com\/wordpress\/plugins\/seo\/ -->\n<title>Respira y rel\u00e1jate: t\u00e9cnicas efectivas para disminuir el estr\u00e9s en tu vida - Conecta Mutual - Trabajadores<\/title>\n<meta name=\"robots\" content=\"index, follow, max-snippet:-1, max-image-preview:large, max-video-preview:-1\" \/>\n<link rel=\"canonical\" href=\"https:\/\/conectamutual.cl\/trabajadores\/alo-especialistas\/respira-y-relajate-tecnicas-efectivas-para-disminuir-el-estres-en-tu-vida\/\" \/>\n<meta property=\"og:locale\" content=\"es_ES\" \/>\n<meta property=\"og:type\" content=\"article\" \/>\n<meta property=\"og:title\" content=\"Respira y rel\u00e1jate: t\u00e9cnicas efectivas para disminuir el estr\u00e9s en tu vida - Conecta Mutual - Trabajadores\" \/>\n<meta property=\"og:description\" content=\"El estr\u00e9s es un compa\u00f1ero frecuente en nuestra vida cotidiana y puede agravarse por diferentes situaciones. Afortunadamente, las t\u00e9cnicas de relajaci\u00f3n son herramientas poderosas para mitigar el estr\u00e9s y mejorar nuestra calidad de vida. Aqu\u00ed te presentamos m\u00e9todos efectivos y accesibles para alcanzar la paz interior que mereces. Encontrando tu zona de paz: Ambiente Tranquilo: [&hellip;]\" \/>\n<meta property=\"og:url\" content=\"https:\/\/conectamutual.cl\/trabajadores\/alo-especialistas\/respira-y-relajate-tecnicas-efectivas-para-disminuir-el-estres-en-tu-vida\/\" \/>\n<meta property=\"og:site_name\" content=\"Conecta Mutual - Trabajadores\" \/>\n<meta property=\"article:published_time\" content=\"2023-11-29T16:04:42+00:00\" \/>\n<meta property=\"article:modified_time\" content=\"2023-11-29T16:22:52+00:00\" \/>\n<meta property=\"og:image\" content=\"https:\/\/conectamutual.cl\/trabajadores\/wp-content\/uploads\/2023\/11\/Articulo-65-Ilustracion-Consejos-para-Ejercicios-de-Relajacion-1.png\" \/>\n\t<meta property=\"og:image:width\" content=\"1584\" \/>\n\t<meta property=\"og:image:height\" content=\"1584\" \/>\n\t<meta property=\"og:image:type\" content=\"image\/png\" \/>\n<meta name=\"author\" content=\"Espacio Mutuo\" \/>\n<meta name=\"twitter:card\" content=\"summary_large_image\" \/>\n<meta name=\"twitter:label1\" content=\"Escrito por\" \/>\n\t<meta name=\"twitter:data1\" content=\"Espacio Mutuo\" \/>\n\t<meta name=\"twitter:label2\" content=\"Tiempo de lectura\" \/>\n\t<meta name=\"twitter:data2\" content=\"4 minutos\" \/>\n<script type=\"application\/ld+json\" class=\"yoast-schema-graph\">{\"@context\":\"https:\/\/schema.org\",\"@graph\":[{\"@type\":\"WebPage\",\"@id\":\"https:\/\/conectamutual.cl\/trabajadores\/alo-especialistas\/respira-y-relajate-tecnicas-efectivas-para-disminuir-el-estres-en-tu-vida\/\",\"url\":\"https:\/\/conectamutual.cl\/trabajadores\/alo-especialistas\/respira-y-relajate-tecnicas-efectivas-para-disminuir-el-estres-en-tu-vida\/\",\"name\":\"Respira y rel\u00e1jate: t\u00e9cnicas efectivas para disminuir el estr\u00e9s en tu vida - Conecta Mutual - Trabajadores\",\"isPartOf\":{\"@id\":\"https:\/\/conectamutual.cl\/trabajadores\/#website\"},\"primaryImageOfPage\":{\"@id\":\"https:\/\/conectamutual.cl\/trabajadores\/alo-especialistas\/respira-y-relajate-tecnicas-efectivas-para-disminuir-el-estres-en-tu-vida\/#primaryimage\"},\"image\":{\"@id\":\"https:\/\/conectamutual.cl\/trabajadores\/alo-especialistas\/respira-y-relajate-tecnicas-efectivas-para-disminuir-el-estres-en-tu-vida\/#primaryimage\"},\"thumbnailUrl\":\"https:\/\/conectamutual.cl\/trabajadores\/wp-content\/uploads\/2023\/11\/Articulo-65-Ilustracion-Consejos-para-Ejercicios-de-Relajacion-1.png\",\"datePublished\":\"2023-11-29T16:04:42+00:00\",\"dateModified\":\"2023-11-29T16:22:52+00:00\",\"author\":{\"@id\":\"https:\/\/conectamutual.cl\/trabajadores\/#\/schema\/person\/7e847879078c5ae3d0897e3588fbde1d\"},\"breadcrumb\":{\"@id\":\"https:\/\/conectamutual.cl\/trabajadores\/alo-especialistas\/respira-y-relajate-tecnicas-efectivas-para-disminuir-el-estres-en-tu-vida\/#breadcrumb\"},\"inLanguage\":\"es\",\"potentialAction\":[{\"@type\":\"ReadAction\",\"target\":[\"https:\/\/conectamutual.cl\/trabajadores\/alo-especialistas\/respira-y-relajate-tecnicas-efectivas-para-disminuir-el-estres-en-tu-vida\/\"]}]},{\"@type\":\"ImageObject\",\"inLanguage\":\"es\",\"@id\":\"https:\/\/conectamutual.cl\/trabajadores\/alo-especialistas\/respira-y-relajate-tecnicas-efectivas-para-disminuir-el-estres-en-tu-vida\/#primaryimage\",\"url\":\"https:\/\/conectamutual.cl\/trabajadores\/wp-content\/uploads\/2023\/11\/Articulo-65-Ilustracion-Consejos-para-Ejercicios-de-Relajacion-1.png\",\"contentUrl\":\"https:\/\/conectamutual.cl\/trabajadores\/wp-content\/uploads\/2023\/11\/Articulo-65-Ilustracion-Consejos-para-Ejercicios-de-Relajacion-1.png\",\"width\":1584,\"height\":1584},{\"@type\":\"BreadcrumbList\",\"@id\":\"https:\/\/conectamutual.cl\/trabajadores\/alo-especialistas\/respira-y-relajate-tecnicas-efectivas-para-disminuir-el-estres-en-tu-vida\/#breadcrumb\",\"itemListElement\":[{\"@type\":\"ListItem\",\"position\":1,\"name\":\"Portada\",\"item\":\"https:\/\/conectamutual.cl\/trabajadores\/\"},{\"@type\":\"ListItem\",\"position\":2,\"name\":\"Respira y rel\u00e1jate: t\u00e9cnicas efectivas para disminuir el estr\u00e9s en tu vida\"}]},{\"@type\":\"WebSite\",\"@id\":\"https:\/\/conectamutual.cl\/trabajadores\/#website\",\"url\":\"https:\/\/conectamutual.cl\/trabajadores\/\",\"name\":\"Conecta Mutual - Trabajadores\",\"description\":\"\",\"potentialAction\":[{\"@type\":\"SearchAction\",\"target\":{\"@type\":\"EntryPoint\",\"urlTemplate\":\"https:\/\/conectamutual.cl\/trabajadores\/?s={search_term_string}\"},\"query-input\":\"required name=search_term_string\"}],\"inLanguage\":\"es\"},{\"@type\":\"Person\",\"@id\":\"https:\/\/conectamutual.cl\/trabajadores\/#\/schema\/person\/7e847879078c5ae3d0897e3588fbde1d\",\"name\":\"Espacio Mutuo\",\"image\":{\"@type\":\"ImageObject\",\"inLanguage\":\"es\",\"@id\":\"https:\/\/conectamutual.cl\/trabajadores\/#\/schema\/person\/image\/\",\"url\":\"https:\/\/secure.gravatar.com\/avatar\/90d8821e32539b0b143885ed6e3a2e98f19e8a62b1e68e9d4539841a6aa1cf27?s=96&d=mm&r=g\",\"contentUrl\":\"https:\/\/secure.gravatar.com\/avatar\/90d8821e32539b0b143885ed6e3a2e98f19e8a62b1e68e9d4539841a6aa1cf27?s=96&d=mm&r=g\",\"caption\":\"Espacio Mutuo\"},\"sameAs\":[\"http:\/\/conectamutual.cl\/trabajadores\"],\"url\":\"https:\/\/conectamutual.cl\/trabajadores\/author\/admin-emutuo\/\"}]}<\/script>\n<!-- \/ Yoast SEO plugin. -->","yoast_head_json":{"title":"Respira y rel\u00e1jate: t\u00e9cnicas efectivas para disminuir el estr\u00e9s en tu vida - Conecta Mutual - Trabajadores","robots":{"index":"index","follow":"follow","max-snippet":"max-snippet:-1","max-image-preview":"max-image-preview:large","max-video-preview":"max-video-preview:-1"},"canonical":"https:\/\/conectamutual.cl\/trabajadores\/alo-especialistas\/respira-y-relajate-tecnicas-efectivas-para-disminuir-el-estres-en-tu-vida\/","og_locale":"es_ES","og_type":"article","og_title":"Respira y rel\u00e1jate: t\u00e9cnicas efectivas para disminuir el estr\u00e9s en tu vida - Conecta Mutual - Trabajadores","og_description":"El estr\u00e9s es un compa\u00f1ero frecuente en nuestra vida cotidiana y puede agravarse por diferentes situaciones. Afortunadamente, las t\u00e9cnicas de relajaci\u00f3n son herramientas poderosas para mitigar el estr\u00e9s y mejorar nuestra calidad de vida. Aqu\u00ed te presentamos m\u00e9todos efectivos y accesibles para alcanzar la paz interior que mereces. Encontrando tu zona de paz: Ambiente Tranquilo: [&hellip;]","og_url":"https:\/\/conectamutual.cl\/trabajadores\/alo-especialistas\/respira-y-relajate-tecnicas-efectivas-para-disminuir-el-estres-en-tu-vida\/","og_site_name":"Conecta Mutual - Trabajadores","article_published_time":"2023-11-29T16:04:42+00:00","article_modified_time":"2023-11-29T16:22:52+00:00","og_image":[{"width":1584,"height":1584,"url":"https:\/\/conectamutual.cl\/trabajadores\/wp-content\/uploads\/2023\/11\/Articulo-65-Ilustracion-Consejos-para-Ejercicios-de-Relajacion-1.png","type":"image\/png"}],"author":"Espacio Mutuo","twitter_card":"summary_large_image","twitter_misc":{"Escrito por":"Espacio Mutuo","Tiempo de lectura":"4 minutos"},"schema":{"@context":"https:\/\/schema.org","@graph":[{"@type":"WebPage","@id":"https:\/\/conectamutual.cl\/trabajadores\/alo-especialistas\/respira-y-relajate-tecnicas-efectivas-para-disminuir-el-estres-en-tu-vida\/","url":"https:\/\/conectamutual.cl\/trabajadores\/alo-especialistas\/respira-y-relajate-tecnicas-efectivas-para-disminuir-el-estres-en-tu-vida\/","name":"Respira y rel\u00e1jate: t\u00e9cnicas efectivas para disminuir el estr\u00e9s en tu vida - Conecta Mutual - Trabajadores","isPartOf":{"@id":"https:\/\/conectamutual.cl\/trabajadores\/#website"},"primaryImageOfPage":{"@id":"https:\/\/conectamutual.cl\/trabajadores\/alo-especialistas\/respira-y-relajate-tecnicas-efectivas-para-disminuir-el-estres-en-tu-vida\/#primaryimage"},"image":{"@id":"https:\/\/conectamutual.cl\/trabajadores\/alo-especialistas\/respira-y-relajate-tecnicas-efectivas-para-disminuir-el-estres-en-tu-vida\/#primaryimage"},"thumbnailUrl":"https:\/\/conectamutual.cl\/trabajadores\/wp-content\/uploads\/2023\/11\/Articulo-65-Ilustracion-Consejos-para-Ejercicios-de-Relajacion-1.png","datePublished":"2023-11-29T16:04:42+00:00","dateModified":"2023-11-29T16:22:52+00:00","author":{"@id":"https:\/\/conectamutual.cl\/trabajadores\/#\/schema\/person\/7e847879078c5ae3d0897e3588fbde1d"},"breadcrumb":{"@id":"https:\/\/conectamutual.cl\/trabajadores\/alo-especialistas\/respira-y-relajate-tecnicas-efectivas-para-disminuir-el-estres-en-tu-vida\/#breadcrumb"},"inLanguage":"es","potentialAction":[{"@type":"ReadAction","target":["https:\/\/conectamutual.cl\/trabajadores\/alo-especialistas\/respira-y-relajate-tecnicas-efectivas-para-disminuir-el-estres-en-tu-vida\/"]}]},{"@type":"ImageObject","inLanguage":"es","@id":"https:\/\/conectamutual.cl\/trabajadores\/alo-especialistas\/respira-y-relajate-tecnicas-efectivas-para-disminuir-el-estres-en-tu-vida\/#primaryimage","url":"https:\/\/conectamutual.cl\/trabajadores\/wp-content\/uploads\/2023\/11\/Articulo-65-Ilustracion-Consejos-para-Ejercicios-de-Relajacion-1.png","contentUrl":"https:\/\/conectamutual.cl\/trabajadores\/wp-content\/uploads\/2023\/11\/Articulo-65-Ilustracion-Consejos-para-Ejercicios-de-Relajacion-1.png","width":1584,"height":1584},{"@type":"BreadcrumbList","@id":"https:\/\/conectamutual.cl\/trabajadores\/alo-especialistas\/respira-y-relajate-tecnicas-efectivas-para-disminuir-el-estres-en-tu-vida\/#breadcrumb","itemListElement":[{"@type":"ListItem","position":1,"name":"Portada","item":"https:\/\/conectamutual.cl\/trabajadores\/"},{"@type":"ListItem","position":2,"name":"Respira y rel\u00e1jate: t\u00e9cnicas efectivas para disminuir el estr\u00e9s en tu vida"}]},{"@type":"WebSite","@id":"https:\/\/conectamutual.cl\/trabajadores\/#website","url":"https:\/\/conectamutual.cl\/trabajadores\/","name":"Conecta Mutual - Trabajadores","description":"","potentialAction":[{"@type":"SearchAction","target":{"@type":"EntryPoint","urlTemplate":"https:\/\/conectamutual.cl\/trabajadores\/?s={search_term_string}"},"query-input":"required name=search_term_string"}],"inLanguage":"es"},{"@type":"Person","@id":"https:\/\/conectamutual.cl\/trabajadores\/#\/schema\/person\/7e847879078c5ae3d0897e3588fbde1d","name":"Espacio Mutuo","image":{"@type":"ImageObject","inLanguage":"es","@id":"https:\/\/conectamutual.cl\/trabajadores\/#\/schema\/person\/image\/","url":"https:\/\/secure.gravatar.com\/avatar\/90d8821e32539b0b143885ed6e3a2e98f19e8a62b1e68e9d4539841a6aa1cf27?s=96&d=mm&r=g","contentUrl":"https:\/\/secure.gravatar.com\/avatar\/90d8821e32539b0b143885ed6e3a2e98f19e8a62b1e68e9d4539841a6aa1cf27?s=96&d=mm&r=g","caption":"Espacio Mutuo"},"sameAs":["http:\/\/conectamutual.cl\/trabajadores"],"url":"https:\/\/conectamutual.cl\/trabajadores\/author\/admin-emutuo\/"}]}},"_links":{"self":[{"href":"https:\/\/conectamutual.cl\/trabajadores\/wp-json\/wp\/v2\/posts\/1020","targetHints":{"allow":["GET"]}}],"collection":[{"href":"https:\/\/conectamutual.cl\/trabajadores\/wp-json\/wp\/v2\/posts"}],"about":[{"href":"https:\/\/conectamutual.cl\/trabajadores\/wp-json\/wp\/v2\/types\/post"}],"author":[{"embeddable":true,"href":"https:\/\/conectamutual.cl\/trabajadores\/wp-json\/wp\/v2\/users\/1"}],"replies":[{"embeddable":true,"href":"https:\/\/conectamutual.cl\/trabajadores\/wp-json\/wp\/v2\/comments?post=1020"}],"version-history":[{"count":5,"href":"https:\/\/conectamutual.cl\/trabajadores\/wp-json\/wp\/v2\/posts\/1020\/revisions"}],"predecessor-version":[{"id":1029,"href":"https:\/\/conectamutual.cl\/trabajadores\/wp-json\/wp\/v2\/posts\/1020\/revisions\/1029"}],"wp:featuredmedia":[{"embeddable":true,"href":"https:\/\/conectamutual.cl\/trabajadores\/wp-json\/wp\/v2\/media\/1025"}],"wp:attachment":[{"href":"https:\/\/conectamutual.cl\/trabajadores\/wp-json\/wp\/v2\/media?parent=1020"}],"wp:term":[{"taxonomy":"category","embeddable":true,"href":"https:\/\/conectamutual.cl\/trabajadores\/wp-json\/wp\/v2\/categories?post=1020"},{"taxonomy":"post_tag","embeddable":true,"href":"https:\/\/conectamutual.cl\/trabajadores\/wp-json\/wp\/v2\/tags?post=1020"}],"curies":[{"name":"wp","href":"https:\/\/api.w.org\/{rel}","templated":true}]}}