{"id":1039,"date":"2023-12-21T20:08:23","date_gmt":"2023-12-21T20:08:23","guid":{"rendered":"https:\/\/conectamutual.cl\/trabajadores\/?p=1039"},"modified":"2023-12-21T20:12:21","modified_gmt":"2023-12-21T20:12:21","slug":"celebrando-con-cuidado-7-consejos-para-un-ano-nuevo-seguro-y-feliz","status":"publish","type":"post","link":"https:\/\/conectamutual.cl\/trabajadores\/prevencion-bienestar\/celebrando-con-cuidado-7-consejos-para-un-ano-nuevo-seguro-y-feliz\/","title":{"rendered":"Celebrando con cuidado: 7 consejos para un a\u00f1o nuevo seguro y feliz"},"content":{"rendered":"<p>[et_pb_section fb_built=\u00bb1&#8243; _builder_version=\u00bb4.20.2&#8243; _module_preset=\u00bbdefault\u00bb custom_padding=\u00bb3px||12px|||\u00bb global_colors_info=\u00bb{}\u00bb][et_pb_row column_structure=\u00bb1_2,1_2&#8243; _builder_version=\u00bb4.20.2&#8243; _module_preset=\u00bbdefault\u00bb global_colors_info=\u00bb{}\u00bb][et_pb_column type=\u00bb1_2&#8243; _builder_version=\u00bb4.20.2&#8243; _module_preset=\u00bbdefault\u00bb global_colors_info=\u00bb{}\u00bb][et_pb_image src=\u00bbhttps:\/\/conectamutual.cl\/trabajadores\/wp-content\/uploads\/2023\/03\/logo-Espacio-Trabajadores-separados-12.png\u00bb title_text=\u00bblogo-Espacio-Trabajadores-separados-12&#8243; align=\u00bbcenter\u00bb _builder_version=\u00bb4.20.2&#8243; _module_preset=\u00bbdefault\u00bb width=\u00bb57%\u00bb width_tablet=\u00bb57%\u00bb width_phone=\u00bb99%\u00bb width_last_edited=\u00bbon|phone\u00bb max_width=\u00bb91%\u00bb module_alignment=\u00bbcenter\u00bb min_height_tablet=\u00bb\u00bb min_height_phone=\u00bb\u00bb min_height_last_edited=\u00bbon|desktop\u00bb global_colors_info=\u00bb{}\u00bb][\/et_pb_image][\/et_pb_column][et_pb_column type=\u00bb1_2&#8243; _builder_version=\u00bb4.20.2&#8243; _module_preset=\u00bbdefault\u00bb global_colors_info=\u00bb{}\u00bb][et_pb_image src=\u00bbhttps:\/\/conectamutual.cl\/trabajadores\/wp-content\/uploads\/2023\/03\/logo-Espacio-Trabajadores-separados-11.png\u00bb title_text=\u00bblogo-Espacio-Trabajadores-separados-11&#8243; align=\u00bbcenter\u00bb _builder_version=\u00bb4.20.2&#8243; _module_preset=\u00bbdefault\u00bb width=\u00bb62%\u00bb width_tablet=\u00bb62%\u00bb width_phone=\u00bb100%\u00bb width_last_edited=\u00bbon|phone\u00bb max_width=\u00bb90%\u00bb module_alignment=\u00bbcenter\u00bb custom_margin=\u00bb25px||||false|false\u00bb module_alignment_tablet=\u00bbcenter\u00bb module_alignment_phone=\u00bbcenter\u00bb module_alignment_last_edited=\u00bbon|desktop\u00bb global_colors_info=\u00bb{}\u00bb][\/et_pb_image][\/et_pb_column][\/et_pb_row][\/et_pb_section][et_pb_section fb_built=\u00bb1&#8243; _builder_version=\u00bb4.20.2&#8243; _module_preset=\u00bbdefault\u00bb background_color=\u00bb#e6f2e3&#8243; custom_padding=\u00bb0px||0px|||\u00bb global_colors_info=\u00bb{}\u00bb][et_pb_row _builder_version=\u00bb4.20.2&#8243; _module_preset=\u00bbdefault\u00bb global_colors_info=\u00bb{}\u00bb][et_pb_column type=\u00bb4_4&#8243; _builder_version=\u00bb4.20.2&#8243; _module_preset=\u00bbdefault\u00bb global_colors_info=\u00bb{}\u00bb][et_pb_image src=\u00bbhttps:\/\/conectamutual.cl\/trabajadores\/wp-content\/uploads\/2023\/03\/Graf-Categorias-04.png\u00bb title_text=\u00bbGraf Categori\u0301as-04&#8243; _builder_version=\u00bb4.20.2&#8243; _module_preset=\u00bbdefault\u00bb width=\u00bb60%\u00bb width_tablet=\u00bb60%\u00bb width_phone=\u00bb100%\u00bb width_last_edited=\u00bbon|phone\u00bb custom_margin=\u00bb0px||0px||false|false\u00bb custom_margin_tablet=\u00bb0px||0px||false|false\u00bb custom_margin_phone=\u00bb20px||20px||false|false\u00bb custom_margin_last_edited=\u00bbon|phone\u00bb global_colors_info=\u00bb{}\u00bb][\/et_pb_image][\/et_pb_column][\/et_pb_row][\/et_pb_section][et_pb_section fb_built=\u00bb1&#8243; _builder_version=\u00bb4.20.2&#8243; _module_preset=\u00bbdefault\u00bb background_color=\u00bbrgba(240,238,228,0.34)\u00bb custom_padding=\u00bb42px||1px|||\u00bb global_colors_info=\u00bb{}\u00bb][et_pb_row column_structure=\u00bb3_5,2_5&#8243; _builder_version=\u00bb4.16&#8243; _module_preset=\u00bbdefault\u00bb custom_margin=\u00bb-41px|auto||auto||\u00bb custom_padding=\u00bb19px||16px|||\u00bb global_colors_info=\u00bb{}\u00bb][et_pb_column type=\u00bb3_5&#8243; _builder_version=\u00bb4.16&#8243; _module_preset=\u00bbdefault\u00bb global_colors_info=\u00bb{}\u00bb][et_pb_image src=\u00bbhttps:\/\/conectamutual.cl\/trabajadores\/wp-content\/uploads\/2023\/12\/Articulo-68-Ilustracion-Consejos-para-disfrutar-fin-de-ano.png\u00bb title_text=\u00bbArti\u0301culo 68 &#8211; Ilustracio\u0301n &#8211; Consejos para disfrutar fin de an\u0303o\u00bb _builder_version=\u00bb4.20.2&#8243; _module_preset=\u00bbdefault\u00bb width=\u00bb93%\u00bb module_alignment=\u00bbcenter\u00bb custom_margin=\u00bb14px|||||\u00bb custom_padding=\u00bb7px||0px|||\u00bb hover_enabled=\u00bb0&#8243; global_colors_info=\u00bb{}\u00bb sticky_enabled=\u00bb0&#8243;][\/et_pb_image][\/et_pb_column][et_pb_column type=\u00bb2_5&#8243; _builder_version=\u00bb4.16&#8243; _module_preset=\u00bbdefault\u00bb global_colors_info=\u00bb{}\u00bb][et_pb_post_title comments=\u00bboff\u00bb featured_image=\u00bboff\u00bb _builder_version=\u00bb4.20.2&#8243; _module_preset=\u00bbdefault\u00bb title_level=\u00bbh2&#8243; title_font=\u00bbMontserrat|700|||||||\u00bb title_text_align=\u00bbleft\u00bb title_text_color=\u00bb#c4d600&#8243; title_font_size=\u00bb43px\u00bb title_line_height=\u00bb1.1em\u00bb meta_font=\u00bbMontserrat||||||||\u00bb meta_text_align=\u00bbleft\u00bb meta_font_size=\u00bb12px\u00bb custom_margin=\u00bb38px||||false|false\u00bb title_font_size_tablet=\u00bb\u00bb title_font_size_phone=\u00bb30px\u00bb title_font_size_last_edited=\u00bbon|phone\u00bb meta_font_size_tablet=\u00bb\u00bb meta_font_size_phone=\u00bb10px\u00bb meta_font_size_last_edited=\u00bbon|phone\u00bb global_colors_info=\u00bb{}\u00bb][\/et_pb_post_title][et_pb_text _builder_version=\u00bb4.20.2&#8243; _module_preset=\u00bbdefault\u00bb text_font_size=\u00bb18px\u00bb header_4_font=\u00bb|600|on||||||\u00bb header_4_text_color=\u00bb#7f7f7f\u00bb header_4_font_size=\u00bb16px\u00bb header_4_line_height=\u00bb1.9em\u00bb custom_padding=\u00bb0px|||||\u00bb hover_enabled=\u00bb0&#8243; text_font_size_tablet=\u00bb18px\u00bb text_font_size_phone=\u00bb18px\u00bb text_font_size_last_edited=\u00bbon|desktop\u00bb global_colors_info=\u00bb{}\u00bb sticky_enabled=\u00bb0&#8243;]<\/p>\n<p><em><strong>El fin de a\u00f1o es una \u00e9poca de alegr\u00eda y celebraci\u00f3n, pero tambi\u00e9n es un momento para estar atentos a nuestra seguridad y bienestar.<\/strong><\/em><\/p>\n<p>[\/et_pb_text][\/et_pb_column][\/et_pb_row][\/et_pb_section][et_pb_section fb_built=\u00bb1&#8243; _builder_version=\u00bb4.18.0&#8243; _module_preset=\u00bbdefault\u00bb custom_padding=\u00bb0px||33px|||\u00bb global_colors_info=\u00bb{}\u00bb][et_pb_row column_structure=\u00bb2_3,1_3&#8243; _builder_version=\u00bb4.20.2&#8243; _module_preset=\u00bbdefault\u00bb custom_padding=\u00bb28px|||||\u00bb global_colors_info=\u00bb{}\u00bb][et_pb_column type=\u00bb2_3&#8243; _builder_version=\u00bb4.18.0&#8243; _module_preset=\u00bbdefault\u00bb global_colors_info=\u00bb{}\u00bb][et_pb_text _builder_version=\u00bb4.20.2&#8243; _module_preset=\u00bbdefault\u00bb text_line_height=\u00bb2.6em\u00bb ol_line_height=\u00bb2.4em\u00bb hover_enabled=\u00bb0&#8243; text_font_size_tablet=\u00bb\u00bb text_font_size_phone=\u00bb17px\u00bb text_font_size_last_edited=\u00bbon|phone\u00bb global_colors_info=\u00bb{}\u00bb sticky_enabled=\u00bb0&#8243;]<\/p>\n<blockquote>\n<p><span style=\"font-weight: 400;\">A medida que nos preparamos para despedir el 2023, es esencial recordar que la precauci\u00f3n es nuestra mejor aliada para disfrutar plenamente. <\/span><\/p>\n<\/blockquote>\n<p><span style=\"font-weight: 400;\">Aqu\u00ed te presentamos <\/span><b>siete<\/b> <b>claves<\/b><span style=\"font-weight: 400;\"> para asegurar que tus celebraciones de A\u00f1o Nuevo sean seguras y memorables.<\/span><\/p>\n<h2><b>1. Ten moderaci\u00f3n en el consumo de alcohol:<\/b><span style=\"font-weight: 400;\">\u00a0<\/span><\/h2>\n<p><span style=\"font-weight: 400;\">Sabemos que el brindis es parte de la tradici\u00f3n, pero es crucial hacerlo con moderaci\u00f3n. El alcohol es un factor com\u00fan en accidentes dom\u00e9sticos y viales. Si decides beber, hazlo con responsabilidad, y si vas a conducir, mejor pasa las llaves.<\/span><\/p>\n<h2><b>2. Presta atenci\u00f3n a la seguridad alimentaria:<\/b><span style=\"font-weight: 400;\">\u00a0<\/span><\/h2>\n<p><span style=\"font-weight: 400;\">Las cenas de fin de a\u00f1o son momentos para disfrutar de deliciosas comidas. Sin embargo, aseg\u00farate de consumir alimentos en lugares confiables y de manejarlos adecuadamente en casa. Carnes bien cocidas y una correcta refrigeraci\u00f3n son esenciales para prevenir problemas de salud.<\/span><b><\/b><\/p>\n<h2><b>3. Ten precauci\u00f3n con los alimentos al aire libre:\u00a0<\/b><\/h2>\n<p><span style=\"font-weight: 400;\">Si planeas una celebraci\u00f3n al aire libre, como un picnic o un asado, ten especial cuidado con los alimentos. Mant\u00e9n los comestibles perecederos en recipientes cerrados y refrigerados hasta el momento de consumirlos para evitar intoxicaciones. Adem\u00e1s, si vas a cocinar al aire libre, aseg\u00farate de hacerlo en un \u00e1rea segura y lejos de materiales inflamables.<\/span><\/p>\n<h2><b>4. Planifica tus viajes:<\/b><span style=\"font-weight: 400;\">\u00a0<\/span><\/h2>\n<p><span style=\"font-weight: 400;\">Si tus planes incluyen salir de la ciudad, prepara tu viaje con anticipaci\u00f3n. Revisa tu veh\u00edculo, controla la presi\u00f3n de los neum\u00e1ticos, respeta los l\u00edmites de velocidad y las se\u00f1ales de tr\u00e1nsito. Recuerda descansar si conduces largas distancias y evita distracciones como el uso del celular al volante.<\/span><\/p>\n<h2><b>5. Cuidado con los fuegos artificiales:<\/b><span style=\"font-weight: 400;\">\u00a0<\/span><\/h2>\n<p><span style=\"font-weight: 400;\">Aunque son hermosos, los fuegos artificiales son peligrosos y su uso est\u00e1 regulado por ley. Disfruta de espect\u00e1culos pirot\u00e9cnicos autorizados y evita manipularlos por tu cuenta. La seguridad es primordial cuando se trata de explosivos. Si est\u00e1s con ni\u00f1os. aseg\u00farate de que jueguen en \u00e1reas seguras y expl\u00edcales la importancia de mantenerse alejados de cualquier material pirot\u00e9cnico<\/span><b><\/b><\/p>\n<h2><b>6. Presta atenci\u00f3n a las mascotas:\u00a0<\/b><\/h2>\n<p><span style=\"font-weight: 400;\">Las festividades pueden ser estresantes para nuestras mascotas debido al ruido excesivo, en especial los fuegos artificiales. Aseg\u00farate de mantener a tus animales en un lugar seguro, tranquilo y, si es posible, aislado del ruido. Considera la m\u00fasica suave o la televisi\u00f3n para amortiguar los sonidos externos y no olvides darles mucho cari\u00f1o.<\/span><\/p>\n<h2><b>7. Manejo del estr\u00e9s festivo:<\/b><span style=\"font-weight: 400;\">\u00a0<\/span><\/h2>\n<p><span style=\"font-weight: 400;\">Las festividades pueden ser emocionalmente abrumadoras. Es importante mantener un equilibrio y no sobrecargar la agenda. Rodearte de seres queridos y disfrutar de su compa\u00f1\u00eda puede ser la mejor manera de celebrar, sin estresarte por detalles menores.<\/span><\/p>\n<p><span style=\"font-weight: 400;\">El A\u00f1o Nuevo es un momento para la felicidad y la esperanza, pero tambi\u00e9n para la prudencia y el cuidado. Siguiendo estos consejos, podr\u00e1s asegurarte de que tus celebraciones sean seguras y alegres. Recuerda, la mejor festividad es aquella en la que todos disfrutan y regresan a casa sanos y salvos. \u00a1Feliz y seguro A\u00f1o Nuevo!<\/span><\/p>\n<p>[\/et_pb_text][\/et_pb_column][et_pb_column type=\u00bb1_3&#8243; disabled_on=\u00bbon|on|on\u00bb _builder_version=\u00bb4.20.2&#8243; _module_preset=\u00bbdefault\u00bb background_color=\u00bbrgba(240,238,228,0.43)\u00bb border_radii=\u00bbon|10px|10px|10px|10px\u00bb disabled=\u00bbon\u00bb global_colors_info=\u00bb{}\u00bb][et_pb_image src=\u00bbhttps:\/\/conectamutual.cl\/trabajadores\/wp-content\/uploads\/2023\/03\/Logo-Mutual.png\u00bb title_text=\u00bbLogo Mutual\u00bb _builder_version=\u00bb4.18.0&#8243; _module_preset=\u00bbdefault\u00bb width=\u00bb75%\u00bb module_alignment=\u00bbcenter\u00bb custom_padding=\u00bb21px|||||\u00bb global_colors_info=\u00bb{}\u00bb][\/et_pb_image][et_pb_image src=\u00bbhttps:\/\/conectamutual.cl\/trabajadores\/wp-content\/uploads\/2023\/03\/Captura-de-Pantalla-2023-03-02-a-las-11.22.47.png\u00bb title_text=\u00bbCaptura de Pantalla 2023-03-02 a la(s) 11.22.47&#8243; _builder_version=\u00bb4.18.0&#8243; _module_preset=\u00bbdefault\u00bb width=\u00bb91%\u00bb module_alignment=\u00bbcenter\u00bb custom_padding=\u00bb17px|||||\u00bb global_colors_info=\u00bb{}\u00bb][\/et_pb_image][et_pb_image src=\u00bbhttps:\/\/conectamutual.cl\/trabajadores\/wp-content\/uploads\/2023\/03\/Alo-especialista.png\u00bb title_text=\u00bbAlo especialista\u00bb _builder_version=\u00bb4.18.0&#8243; _module_preset=\u00bbdefault\u00bb custom_margin=\u00bb80px|||||\u00bb custom_padding=\u00bb|10px||10px|false|false\u00bb global_colors_info=\u00bb{}\u00bb][\/et_pb_image][et_pb_blurb title=\u00bbVideo: Dr. Pedro Alfaro nos habla del cuidado con el sol y los rayos U.V.\u00bb image=\u00bbhttps:\/\/conectamutual.cl\/trabajadores\/wp-content\/uploads\/2023\/03\/dostor-video.png\u00bb _builder_version=\u00bb4.18.0&#8243; _module_preset=\u00bbdefault\u00bb header_font=\u00bb|700|||||||\u00bb header_font_size=\u00bb22px\u00bb custom_padding=\u00bb|10px|35px|10px|false|false\u00bb global_colors_info=\u00bb{}\u00bb][\/et_pb_blurb][\/et_pb_column][\/et_pb_row][\/et_pb_section]<\/p>\n","protected":false},"excerpt":{"rendered":"<p>El fin de a\u00f1o es una \u00e9poca de alegr\u00eda y celebraci\u00f3n, pero tambi\u00e9n es un momento para estar atentos a nuestra seguridad y bienestar. A medida que nos preparamos para despedir el 2023, es esencial recordar que la precauci\u00f3n es nuestra mejor aliada para disfrutar plenamente. Aqu\u00ed te presentamos siete claves para asegurar que tus [&hellip;]<\/p>\n","protected":false},"author":1,"featured_media":1042,"comment_status":"closed","ping_status":"closed","sticky":false,"template":"","format":"standard","meta":{"_et_pb_use_builder":"on","_et_pb_old_content":"","_et_gb_content_width":"","footnotes":""},"categories":[4],"tags":[],"class_list":["post-1039","post","type-post","status-publish","format-standard","has-post-thumbnail","hentry","category-prevencion-bienestar"],"yoast_head":"<!-- This site is optimized with the Yoast SEO plugin v22.4 - https:\/\/yoast.com\/wordpress\/plugins\/seo\/ -->\n<title>Celebrando con cuidado: 7 consejos para un a\u00f1o nuevo seguro y feliz - Conecta Mutual - Trabajadores<\/title>\n<meta name=\"robots\" content=\"index, follow, max-snippet:-1, max-image-preview:large, max-video-preview:-1\" \/>\n<link rel=\"canonical\" href=\"https:\/\/conectamutual.cl\/trabajadores\/prevencion-bienestar\/celebrando-con-cuidado-7-consejos-para-un-ano-nuevo-seguro-y-feliz\/\" \/>\n<meta property=\"og:locale\" content=\"es_ES\" \/>\n<meta property=\"og:type\" content=\"article\" \/>\n<meta property=\"og:title\" content=\"Celebrando con cuidado: 7 consejos para un a\u00f1o nuevo seguro y feliz - Conecta Mutual - Trabajadores\" \/>\n<meta property=\"og:description\" content=\"El fin de a\u00f1o es una \u00e9poca de alegr\u00eda y celebraci\u00f3n, pero tambi\u00e9n es un momento para estar atentos a nuestra seguridad y bienestar. A medida que nos preparamos para despedir el 2023, es esencial recordar que la precauci\u00f3n es nuestra mejor aliada para disfrutar plenamente. Aqu\u00ed te presentamos siete claves para asegurar que tus [&hellip;]\" \/>\n<meta property=\"og:url\" content=\"https:\/\/conectamutual.cl\/trabajadores\/prevencion-bienestar\/celebrando-con-cuidado-7-consejos-para-un-ano-nuevo-seguro-y-feliz\/\" \/>\n<meta property=\"og:site_name\" content=\"Conecta Mutual - Trabajadores\" \/>\n<meta property=\"article:published_time\" content=\"2023-12-21T20:08:23+00:00\" \/>\n<meta property=\"article:modified_time\" content=\"2023-12-21T20:12:21+00:00\" \/>\n<meta property=\"og:image\" content=\"https:\/\/conectamutual.cl\/trabajadores\/wp-content\/uploads\/2023\/12\/Articulo-68-Ilustracion-Consejos-para-disfrutar-fin-de-ano.png\" \/>\n\t<meta property=\"og:image:width\" content=\"1563\" \/>\n\t<meta property=\"og:image:height\" content=\"1563\" \/>\n\t<meta property=\"og:image:type\" content=\"image\/png\" \/>\n<meta name=\"author\" content=\"Espacio Mutuo\" \/>\n<meta name=\"twitter:card\" content=\"summary_large_image\" \/>\n<meta name=\"twitter:label1\" content=\"Escrito por\" \/>\n\t<meta name=\"twitter:data1\" content=\"Espacio Mutuo\" \/>\n<script type=\"application\/ld+json\" class=\"yoast-schema-graph\">{\"@context\":\"https:\/\/schema.org\",\"@graph\":[{\"@type\":\"WebPage\",\"@id\":\"https:\/\/conectamutual.cl\/trabajadores\/prevencion-bienestar\/celebrando-con-cuidado-7-consejos-para-un-ano-nuevo-seguro-y-feliz\/\",\"url\":\"https:\/\/conectamutual.cl\/trabajadores\/prevencion-bienestar\/celebrando-con-cuidado-7-consejos-para-un-ano-nuevo-seguro-y-feliz\/\",\"name\":\"Celebrando con cuidado: 7 consejos para un a\u00f1o nuevo seguro y feliz - Conecta Mutual - Trabajadores\",\"isPartOf\":{\"@id\":\"https:\/\/conectamutual.cl\/trabajadores\/#website\"},\"primaryImageOfPage\":{\"@id\":\"https:\/\/conectamutual.cl\/trabajadores\/prevencion-bienestar\/celebrando-con-cuidado-7-consejos-para-un-ano-nuevo-seguro-y-feliz\/#primaryimage\"},\"image\":{\"@id\":\"https:\/\/conectamutual.cl\/trabajadores\/prevencion-bienestar\/celebrando-con-cuidado-7-consejos-para-un-ano-nuevo-seguro-y-feliz\/#primaryimage\"},\"thumbnailUrl\":\"https:\/\/conectamutual.cl\/trabajadores\/wp-content\/uploads\/2023\/12\/Articulo-68-Ilustracion-Consejos-para-disfrutar-fin-de-ano.png\",\"datePublished\":\"2023-12-21T20:08:23+00:00\",\"dateModified\":\"2023-12-21T20:12:21+00:00\",\"author\":{\"@id\":\"https:\/\/conectamutual.cl\/trabajadores\/#\/schema\/person\/7e847879078c5ae3d0897e3588fbde1d\"},\"breadcrumb\":{\"@id\":\"https:\/\/conectamutual.cl\/trabajadores\/prevencion-bienestar\/celebrando-con-cuidado-7-consejos-para-un-ano-nuevo-seguro-y-feliz\/#breadcrumb\"},\"inLanguage\":\"es\",\"potentialAction\":[{\"@type\":\"ReadAction\",\"target\":[\"https:\/\/conectamutual.cl\/trabajadores\/prevencion-bienestar\/celebrando-con-cuidado-7-consejos-para-un-ano-nuevo-seguro-y-feliz\/\"]}]},{\"@type\":\"ImageObject\",\"inLanguage\":\"es\",\"@id\":\"https:\/\/conectamutual.cl\/trabajadores\/prevencion-bienestar\/celebrando-con-cuidado-7-consejos-para-un-ano-nuevo-seguro-y-feliz\/#primaryimage\",\"url\":\"https:\/\/conectamutual.cl\/trabajadores\/wp-content\/uploads\/2023\/12\/Articulo-68-Ilustracion-Consejos-para-disfrutar-fin-de-ano.png\",\"contentUrl\":\"https:\/\/conectamutual.cl\/trabajadores\/wp-content\/uploads\/2023\/12\/Articulo-68-Ilustracion-Consejos-para-disfrutar-fin-de-ano.png\",\"width\":1563,\"height\":1563},{\"@type\":\"BreadcrumbList\",\"@id\":\"https:\/\/conectamutual.cl\/trabajadores\/prevencion-bienestar\/celebrando-con-cuidado-7-consejos-para-un-ano-nuevo-seguro-y-feliz\/#breadcrumb\",\"itemListElement\":[{\"@type\":\"ListItem\",\"position\":1,\"name\":\"Portada\",\"item\":\"https:\/\/conectamutual.cl\/trabajadores\/\"},{\"@type\":\"ListItem\",\"position\":2,\"name\":\"Celebrando con cuidado: 7 consejos para un a\u00f1o nuevo seguro y feliz\"}]},{\"@type\":\"WebSite\",\"@id\":\"https:\/\/conectamutual.cl\/trabajadores\/#website\",\"url\":\"https:\/\/conectamutual.cl\/trabajadores\/\",\"name\":\"Conecta Mutual - Trabajadores\",\"description\":\"\",\"potentialAction\":[{\"@type\":\"SearchAction\",\"target\":{\"@type\":\"EntryPoint\",\"urlTemplate\":\"https:\/\/conectamutual.cl\/trabajadores\/?s={search_term_string}\"},\"query-input\":\"required name=search_term_string\"}],\"inLanguage\":\"es\"},{\"@type\":\"Person\",\"@id\":\"https:\/\/conectamutual.cl\/trabajadores\/#\/schema\/person\/7e847879078c5ae3d0897e3588fbde1d\",\"name\":\"Espacio Mutuo\",\"image\":{\"@type\":\"ImageObject\",\"inLanguage\":\"es\",\"@id\":\"https:\/\/conectamutual.cl\/trabajadores\/#\/schema\/person\/image\/\",\"url\":\"https:\/\/secure.gravatar.com\/avatar\/90d8821e32539b0b143885ed6e3a2e98f19e8a62b1e68e9d4539841a6aa1cf27?s=96&d=mm&r=g\",\"contentUrl\":\"https:\/\/secure.gravatar.com\/avatar\/90d8821e32539b0b143885ed6e3a2e98f19e8a62b1e68e9d4539841a6aa1cf27?s=96&d=mm&r=g\",\"caption\":\"Espacio Mutuo\"},\"sameAs\":[\"http:\/\/conectamutual.cl\/trabajadores\"],\"url\":\"https:\/\/conectamutual.cl\/trabajadores\/author\/admin-emutuo\/\"}]}<\/script>\n<!-- \/ Yoast SEO plugin. -->","yoast_head_json":{"title":"Celebrando con cuidado: 7 consejos para un a\u00f1o nuevo seguro y feliz - Conecta Mutual - Trabajadores","robots":{"index":"index","follow":"follow","max-snippet":"max-snippet:-1","max-image-preview":"max-image-preview:large","max-video-preview":"max-video-preview:-1"},"canonical":"https:\/\/conectamutual.cl\/trabajadores\/prevencion-bienestar\/celebrando-con-cuidado-7-consejos-para-un-ano-nuevo-seguro-y-feliz\/","og_locale":"es_ES","og_type":"article","og_title":"Celebrando con cuidado: 7 consejos para un a\u00f1o nuevo seguro y feliz - Conecta Mutual - Trabajadores","og_description":"El fin de a\u00f1o es una \u00e9poca de alegr\u00eda y celebraci\u00f3n, pero tambi\u00e9n es un momento para estar atentos a nuestra seguridad y bienestar. A medida que nos preparamos para despedir el 2023, es esencial recordar que la precauci\u00f3n es nuestra mejor aliada para disfrutar plenamente. Aqu\u00ed te presentamos siete claves para asegurar que tus [&hellip;]","og_url":"https:\/\/conectamutual.cl\/trabajadores\/prevencion-bienestar\/celebrando-con-cuidado-7-consejos-para-un-ano-nuevo-seguro-y-feliz\/","og_site_name":"Conecta Mutual - Trabajadores","article_published_time":"2023-12-21T20:08:23+00:00","article_modified_time":"2023-12-21T20:12:21+00:00","og_image":[{"width":1563,"height":1563,"url":"https:\/\/conectamutual.cl\/trabajadores\/wp-content\/uploads\/2023\/12\/Articulo-68-Ilustracion-Consejos-para-disfrutar-fin-de-ano.png","type":"image\/png"}],"author":"Espacio Mutuo","twitter_card":"summary_large_image","twitter_misc":{"Escrito por":"Espacio Mutuo"},"schema":{"@context":"https:\/\/schema.org","@graph":[{"@type":"WebPage","@id":"https:\/\/conectamutual.cl\/trabajadores\/prevencion-bienestar\/celebrando-con-cuidado-7-consejos-para-un-ano-nuevo-seguro-y-feliz\/","url":"https:\/\/conectamutual.cl\/trabajadores\/prevencion-bienestar\/celebrando-con-cuidado-7-consejos-para-un-ano-nuevo-seguro-y-feliz\/","name":"Celebrando con cuidado: 7 consejos para un a\u00f1o nuevo seguro y feliz - Conecta Mutual - Trabajadores","isPartOf":{"@id":"https:\/\/conectamutual.cl\/trabajadores\/#website"},"primaryImageOfPage":{"@id":"https:\/\/conectamutual.cl\/trabajadores\/prevencion-bienestar\/celebrando-con-cuidado-7-consejos-para-un-ano-nuevo-seguro-y-feliz\/#primaryimage"},"image":{"@id":"https:\/\/conectamutual.cl\/trabajadores\/prevencion-bienestar\/celebrando-con-cuidado-7-consejos-para-un-ano-nuevo-seguro-y-feliz\/#primaryimage"},"thumbnailUrl":"https:\/\/conectamutual.cl\/trabajadores\/wp-content\/uploads\/2023\/12\/Articulo-68-Ilustracion-Consejos-para-disfrutar-fin-de-ano.png","datePublished":"2023-12-21T20:08:23+00:00","dateModified":"2023-12-21T20:12:21+00:00","author":{"@id":"https:\/\/conectamutual.cl\/trabajadores\/#\/schema\/person\/7e847879078c5ae3d0897e3588fbde1d"},"breadcrumb":{"@id":"https:\/\/conectamutual.cl\/trabajadores\/prevencion-bienestar\/celebrando-con-cuidado-7-consejos-para-un-ano-nuevo-seguro-y-feliz\/#breadcrumb"},"inLanguage":"es","potentialAction":[{"@type":"ReadAction","target":["https:\/\/conectamutual.cl\/trabajadores\/prevencion-bienestar\/celebrando-con-cuidado-7-consejos-para-un-ano-nuevo-seguro-y-feliz\/"]}]},{"@type":"ImageObject","inLanguage":"es","@id":"https:\/\/conectamutual.cl\/trabajadores\/prevencion-bienestar\/celebrando-con-cuidado-7-consejos-para-un-ano-nuevo-seguro-y-feliz\/#primaryimage","url":"https:\/\/conectamutual.cl\/trabajadores\/wp-content\/uploads\/2023\/12\/Articulo-68-Ilustracion-Consejos-para-disfrutar-fin-de-ano.png","contentUrl":"https:\/\/conectamutual.cl\/trabajadores\/wp-content\/uploads\/2023\/12\/Articulo-68-Ilustracion-Consejos-para-disfrutar-fin-de-ano.png","width":1563,"height":1563},{"@type":"BreadcrumbList","@id":"https:\/\/conectamutual.cl\/trabajadores\/prevencion-bienestar\/celebrando-con-cuidado-7-consejos-para-un-ano-nuevo-seguro-y-feliz\/#breadcrumb","itemListElement":[{"@type":"ListItem","position":1,"name":"Portada","item":"https:\/\/conectamutual.cl\/trabajadores\/"},{"@type":"ListItem","position":2,"name":"Celebrando con cuidado: 7 consejos para un a\u00f1o nuevo seguro y feliz"}]},{"@type":"WebSite","@id":"https:\/\/conectamutual.cl\/trabajadores\/#website","url":"https:\/\/conectamutual.cl\/trabajadores\/","name":"Conecta Mutual - Trabajadores","description":"","potentialAction":[{"@type":"SearchAction","target":{"@type":"EntryPoint","urlTemplate":"https:\/\/conectamutual.cl\/trabajadores\/?s={search_term_string}"},"query-input":"required name=search_term_string"}],"inLanguage":"es"},{"@type":"Person","@id":"https:\/\/conectamutual.cl\/trabajadores\/#\/schema\/person\/7e847879078c5ae3d0897e3588fbde1d","name":"Espacio Mutuo","image":{"@type":"ImageObject","inLanguage":"es","@id":"https:\/\/conectamutual.cl\/trabajadores\/#\/schema\/person\/image\/","url":"https:\/\/secure.gravatar.com\/avatar\/90d8821e32539b0b143885ed6e3a2e98f19e8a62b1e68e9d4539841a6aa1cf27?s=96&d=mm&r=g","contentUrl":"https:\/\/secure.gravatar.com\/avatar\/90d8821e32539b0b143885ed6e3a2e98f19e8a62b1e68e9d4539841a6aa1cf27?s=96&d=mm&r=g","caption":"Espacio Mutuo"},"sameAs":["http:\/\/conectamutual.cl\/trabajadores"],"url":"https:\/\/conectamutual.cl\/trabajadores\/author\/admin-emutuo\/"}]}},"_links":{"self":[{"href":"https:\/\/conectamutual.cl\/trabajadores\/wp-json\/wp\/v2\/posts\/1039","targetHints":{"allow":["GET"]}}],"collection":[{"href":"https:\/\/conectamutual.cl\/trabajadores\/wp-json\/wp\/v2\/posts"}],"about":[{"href":"https:\/\/conectamutual.cl\/trabajadores\/wp-json\/wp\/v2\/types\/post"}],"author":[{"embeddable":true,"href":"https:\/\/conectamutual.cl\/trabajadores\/wp-json\/wp\/v2\/users\/1"}],"replies":[{"embeddable":true,"href":"https:\/\/conectamutual.cl\/trabajadores\/wp-json\/wp\/v2\/comments?post=1039"}],"version-history":[{"count":4,"href":"https:\/\/conectamutual.cl\/trabajadores\/wp-json\/wp\/v2\/posts\/1039\/revisions"}],"predecessor-version":[{"id":1046,"href":"https:\/\/conectamutual.cl\/trabajadores\/wp-json\/wp\/v2\/posts\/1039\/revisions\/1046"}],"wp:featuredmedia":[{"embeddable":true,"href":"https:\/\/conectamutual.cl\/trabajadores\/wp-json\/wp\/v2\/media\/1042"}],"wp:attachment":[{"href":"https:\/\/conectamutual.cl\/trabajadores\/wp-json\/wp\/v2\/media?parent=1039"}],"wp:term":[{"taxonomy":"category","embeddable":true,"href":"https:\/\/conectamutual.cl\/trabajadores\/wp-json\/wp\/v2\/categories?post=1039"},{"taxonomy":"post_tag","embeddable":true,"href":"https:\/\/conectamutual.cl\/trabajadores\/wp-json\/wp\/v2\/tags?post=1039"}],"curies":[{"name":"wp","href":"https:\/\/api.w.org\/{rel}","templated":true}]}}