{"id":1070,"date":"2024-01-28T23:01:59","date_gmt":"2024-01-28T23:01:59","guid":{"rendered":"https:\/\/conectamutual.cl\/trabajadores\/?p=1070"},"modified":"2024-04-11T20:22:49","modified_gmt":"2024-04-11T20:22:49","slug":"lo-que-debes-saber-de-primeros-auxilios-para-disfrutar-de-unas-vacaciones-seguras","status":"publish","type":"post","link":"https:\/\/conectamutual.cl\/trabajadores\/alo-especialistas\/lo-que-debes-saber-de-primeros-auxilios-para-disfrutar-de-unas-vacaciones-seguras\/","title":{"rendered":"Lo que debes saber de Primeros Auxilios, para disfrutar de unas vacaciones seguras"},"content":{"rendered":"<p>[et_pb_section fb_built=\u00bb1&#8243; _builder_version=\u00bb4.20.2&#8243; _module_preset=\u00bbdefault\u00bb custom_padding=\u00bb3px||12px|||\u00bb global_colors_info=\u00bb{}\u00bb][et_pb_row column_structure=\u00bb1_2,1_2&#8243; _builder_version=\u00bb4.20.2&#8243; _module_preset=\u00bbdefault\u00bb global_colors_info=\u00bb{}\u00bb][et_pb_column type=\u00bb1_2&#8243; _builder_version=\u00bb4.20.2&#8243; _module_preset=\u00bbdefault\u00bb global_colors_info=\u00bb{}\u00bb][et_pb_image src=\u00bbhttps:\/\/conectamutual.cl\/trabajadores\/wp-content\/uploads\/2023\/03\/logo-Espacio-Trabajadores-separados-12.png\u00bb title_text=\u00bblogo-Espacio-Trabajadores-separados-12&#8243; align=\u00bbcenter\u00bb _builder_version=\u00bb4.20.2&#8243; _module_preset=\u00bbdefault\u00bb width=\u00bb57%\u00bb width_tablet=\u00bb57%\u00bb width_phone=\u00bb99%\u00bb width_last_edited=\u00bbon|phone\u00bb max_width=\u00bb91%\u00bb module_alignment=\u00bbcenter\u00bb min_height_tablet=\u00bb\u00bb min_height_phone=\u00bb\u00bb min_height_last_edited=\u00bbon|desktop\u00bb global_colors_info=\u00bb{}\u00bb][\/et_pb_image][\/et_pb_column][et_pb_column type=\u00bb1_2&#8243; _builder_version=\u00bb4.20.2&#8243; _module_preset=\u00bbdefault\u00bb global_colors_info=\u00bb{}\u00bb][et_pb_image src=\u00bbhttps:\/\/conectamutual.cl\/trabajadores\/wp-content\/uploads\/2023\/03\/logo-Espacio-Trabajadores-separados-11.png\u00bb title_text=\u00bblogo-Espacio-Trabajadores-separados-11&#8243; align=\u00bbcenter\u00bb _builder_version=\u00bb4.20.2&#8243; _module_preset=\u00bbdefault\u00bb width=\u00bb62%\u00bb width_tablet=\u00bb62%\u00bb width_phone=\u00bb100%\u00bb width_last_edited=\u00bbon|phone\u00bb max_width=\u00bb90%\u00bb module_alignment=\u00bbcenter\u00bb custom_margin=\u00bb25px||||false|false\u00bb module_alignment_tablet=\u00bbcenter\u00bb module_alignment_phone=\u00bbcenter\u00bb module_alignment_last_edited=\u00bbon|desktop\u00bb global_colors_info=\u00bb{}\u00bb][\/et_pb_image][\/et_pb_column][\/et_pb_row][\/et_pb_section][et_pb_section fb_built=\u00bb1&#8243; _builder_version=\u00bb4.20.2&#8243; _module_preset=\u00bbdefault\u00bb background_color=\u00bb#f6eae3&#8243; custom_padding=\u00bb0px||0px|||\u00bb global_colors_info=\u00bb{}\u00bb][et_pb_row _builder_version=\u00bb4.20.2&#8243; _module_preset=\u00bbdefault\u00bb global_colors_info=\u00bb{}\u00bb][et_pb_column type=\u00bb4_4&#8243; _builder_version=\u00bb4.20.2&#8243; _module_preset=\u00bbdefault\u00bb global_colors_info=\u00bb{}\u00bb][et_pb_image src=\u00bbhttps:\/\/conectamutual.cl\/trabajadores\/wp-content\/uploads\/2023\/03\/Graf-Categorias-02.png\u00bb title_text=\u00bbGraf Categori\u0301as-02&#8243; _builder_version=\u00bb4.20.2&#8243; _module_preset=\u00bbdefault\u00bb width=\u00bb60%\u00bb width_tablet=\u00bb60%\u00bb width_phone=\u00bb100%\u00bb width_last_edited=\u00bbon|phone\u00bb custom_margin=\u00bb0px||0px||false|false\u00bb custom_margin_tablet=\u00bb0px||0px||false|false\u00bb custom_margin_phone=\u00bb20px||20px||false|false\u00bb custom_margin_last_edited=\u00bbon|phone\u00bb global_colors_info=\u00bb{}\u00bb][\/et_pb_image][\/et_pb_column][\/et_pb_row][\/et_pb_section][et_pb_section fb_built=\u00bb1&#8243; _builder_version=\u00bb4.20.2&#8243; _module_preset=\u00bbdefault\u00bb background_color=\u00bbrgba(240,238,228,0.34)\u00bb custom_padding=\u00bb42px||1px|||\u00bb global_colors_info=\u00bb{}\u00bb][et_pb_row column_structure=\u00bb3_5,2_5&#8243; _builder_version=\u00bb4.16&#8243; _module_preset=\u00bbdefault\u00bb custom_margin=\u00bb-63px|auto||auto||\u00bb custom_padding=\u00bb26px||0px|||\u00bb global_colors_info=\u00bb{}\u00bb][et_pb_column type=\u00bb3_5&#8243; _builder_version=\u00bb4.16&#8243; _module_preset=\u00bbdefault\u00bb global_colors_info=\u00bb{}\u00bb][et_pb_image src=\u00bbhttps:\/\/conectamutual.cl\/trabajadores\/wp-content\/uploads\/2024\/01\/Articulo-75-Ilustracion-Alo-Especialista-Primeros-auxilios-en-Vacaciones.png\u00bb title_text=\u00bbArti\u0301culo 75 &#8211; Ilustracio\u0301n &#8211; Alo\u0301 Especialista &#8211; Primeros auxilios en Vacaciones\u00bb _builder_version=\u00bb4.20.2&#8243; _module_preset=\u00bbdefault\u00bb width=\u00bb100%\u00bb width_tablet=\u00bb77%\u00bb width_phone=\u00bb92%\u00bb width_last_edited=\u00bbon|phone\u00bb module_alignment=\u00bbcenter\u00bb custom_padding=\u00bb4px|||||\u00bb hover_enabled=\u00bb0&#8243; global_colors_info=\u00bb{}\u00bb sticky_enabled=\u00bb0&#8243;][\/et_pb_image][\/et_pb_column][et_pb_column type=\u00bb2_5&#8243; _builder_version=\u00bb4.16&#8243; _module_preset=\u00bbdefault\u00bb global_colors_info=\u00bb{}\u00bb][et_pb_post_title comments=\u00bboff\u00bb featured_image=\u00bboff\u00bb _builder_version=\u00bb4.20.2&#8243; _module_preset=\u00bbdefault\u00bb title_level=\u00bbh2&#8243; title_font=\u00bbMontserrat|700|||||||\u00bb title_text_align=\u00bbleft\u00bb title_text_color=\u00bb#c4d600&#8243; title_font_size=\u00bb43px\u00bb title_line_height=\u00bb1.1em\u00bb meta_font=\u00bbMontserrat||||||||\u00bb meta_text_align=\u00bbleft\u00bb meta_font_size=\u00bb12px\u00bb custom_margin=\u00bb38px||||false|false\u00bb title_font_size_tablet=\u00bb\u00bb title_font_size_phone=\u00bb30px\u00bb title_font_size_last_edited=\u00bbon|phone\u00bb meta_font_size_tablet=\u00bb\u00bb meta_font_size_phone=\u00bb10px\u00bb meta_font_size_last_edited=\u00bbon|phone\u00bb global_colors_info=\u00bb{}\u00bb][\/et_pb_post_title][et_pb_text _builder_version=\u00bb4.20.2&#8243; _module_preset=\u00bbdefault\u00bb text_font_size=\u00bb18px\u00bb header_4_font=\u00bb|600|on||||||\u00bb header_4_text_color=\u00bb#7f7f7f\u00bb header_4_font_size=\u00bb16px\u00bb header_4_line_height=\u00bb1.9em\u00bb custom_padding=\u00bb0px|||||\u00bb hover_enabled=\u00bb0&#8243; text_font_size_tablet=\u00bb18px\u00bb text_font_size_phone=\u00bb18px\u00bb text_font_size_last_edited=\u00bbon|desktop\u00bb global_colors_info=\u00bb{}\u00bb sticky_enabled=\u00bb0&#8243;]<\/p>\n<p><em><strong>Las vacaciones son sin\u00f3nimo de diversi\u00f3n y relajo, pero tambi\u00e9n pueden ocurrir peque\u00f1os accidentes que requieren atenci\u00f3n r\u00e1pida.<\/strong><\/em><\/p>\n<p>[\/et_pb_text][\/et_pb_column][\/et_pb_row][\/et_pb_section][et_pb_section fb_built=\u00bb1&#8243; _builder_version=\u00bb4.18.0&#8243; _module_preset=\u00bbdefault\u00bb custom_padding=\u00bb0px||33px|||\u00bb global_colors_info=\u00bb{}\u00bb][et_pb_row column_structure=\u00bb2_3,1_3&#8243; _builder_version=\u00bb4.20.2&#8243; _module_preset=\u00bbdefault\u00bb custom_padding=\u00bb51px||0px|||\u00bb global_colors_info=\u00bb{}\u00bb][et_pb_column type=\u00bb2_3&#8243; _builder_version=\u00bb4.18.0&#8243; _module_preset=\u00bbdefault\u00bb global_colors_info=\u00bb{}\u00bb][et_pb_text _builder_version=\u00bb4.20.2&#8243; _module_preset=\u00bbdefault\u00bb text_line_height=\u00bb2.1em\u00bb ol_font=\u00bb|700|||||||\u00bb ol_line_height=\u00bb2em\u00bb hover_enabled=\u00bb0&#8243; text_font_size_tablet=\u00bb\u00bb text_font_size_phone=\u00bb17px\u00bb text_font_size_last_edited=\u00bbon|phone\u00bb global_colors_info=\u00bb{}\u00bb sticky_enabled=\u00bb0&#8243;]<\/p>\n<blockquote>\n<p><span style=\"font-weight: 400;\">El <\/span><b>enfermero de urgencia de Mutual de Seguridad, Fernando Gatica<\/b><span style=\"font-weight: 400;\">, nos explica c\u00f3mo <\/span><b>un conocimiento b\u00e1sico de primeros auxilios <\/b><span style=\"font-weight: 400;\">es esencial para tratar quemaduras solares, picaduras y otras lesiones menores, y as\u00ed evitar que peque\u00f1os incidentes se conviertan en problemas mayores. <\/span><\/p>\n<\/blockquote>\n<p><span style=\"font-weight: 400;\">Aqu\u00ed nos ofrece una gu\u00eda r\u00e1pida para manejar situaciones comunes y mantener tus vacaciones seguras.<\/span><\/p>\n<h3><b>Consejos de Primeros Auxilios para las vacaciones:<\/b><\/h3>\n<ol>\n<li style=\"font-weight: 400;\" aria-level=\"1\"><b>Tratamiento de quemaduras solares:<\/b><span style=\"font-weight: 400;\"> las quemaduras leves por sobreexposici\u00f3n solar se alivian con compresas fr\u00edas, hidrataci\u00f3n adecuada y cremas hidratantes. Para quemaduras m\u00e1s graves, evita romper las ampollas, lava con agua y jab\u00f3n, evita aplicar antis\u00e9pticos, cremas, polvos o antibi\u00f3ticos, cubre con gasas y busca atenci\u00f3n m\u00e9dica.<\/span><\/li>\n<li style=\"font-weight: 400;\" aria-level=\"1\"><b>Manejo de picaduras:<\/b><span style=\"font-weight: 400;\"> retira aguijones con pinzas, aplica compresas fr\u00edas y observa signos de reacciones al\u00e9rgicas. Si hay s\u00edntomas como hinchaz\u00f3n extrema o dificultad para respirar, acude al centro de salud m\u00e1s cercano.<\/span><\/li>\n<li style=\"font-weight: 400;\" aria-level=\"1\"><b>Cuidados para heridas:<\/b><span style=\"font-weight: 400;\"> limpia heridas con agua y jab\u00f3n, aplica antis\u00e9ptico y cubre con un ap\u00f3sito. En caso de hemorragia, eleva la extremidad afectada, presiona con una gasa y, si no cesa, busca atenci\u00f3n profesional.<\/span><\/li>\n<li style=\"font-weight: 400;\" aria-level=\"1\"><b>Acci\u00f3n ante contusiones:<\/b><span style=\"font-weight: 400;\"> es normal que se produzca dolor, hinchaz\u00f3n y la zona afectada se convierta en un moret\u00f3n. Pero si el golpe ha sido muy violento, podr\u00eda derivar en lesiones m\u00e1s severas, por lo que en este caso aplica fr\u00edo mediante compresas o bolsas de hielo, mant\u00e9n en reposo y utiliza antiinflamatorios t\u00f3picos. Si la contusi\u00f3n es grave o hay s\u00edntomas preocupantes tras un golpe en la cabeza, como somnolencia o p\u00e9rdida de consciencia, es crucial la evaluaci\u00f3n m\u00e9dica.<\/span><\/li>\n<li style=\"font-weight: 400;\" aria-level=\"1\"><b>Torceduras y esguinces:<\/b><span style=\"font-weight: 400;\"> frente a torceduras, aplica fr\u00edo en la zona da\u00f1ada, inmoviliza la articulaci\u00f3n con vendaje y eleva la zona. Es importante evaluar la lesi\u00f3n en un centro asistencial para un tratamiento correcto y evitar complicaciones futuras.<\/span><\/li>\n<\/ol>\n<p><span style=\"font-weight: 400;\">Mientras disfrutas del merecido descanso, <\/span><b>mantener un botiqu\u00edn de primeros auxilios y saber c\u00f3mo utilizarlo es tan importante como tu protector solar<\/b><span style=\"font-weight: 400;\">. Un poco de preparaci\u00f3n y conocimiento puede prevenir que imprevistos menores arruinen tus vacaciones. Recuerda, la prevenci\u00f3n y una respuesta r\u00e1pida son las claves para una recuperaci\u00f3n exitosa y para seguir disfrutando del verano con tranquilidad y seguridad.<\/span><\/p>\n<p>[\/et_pb_text][\/et_pb_column][et_pb_column type=\u00bb1_3&#8243; disabled_on=\u00bbon|on|on\u00bb _builder_version=\u00bb4.20.2&#8243; _module_preset=\u00bbdefault\u00bb background_color=\u00bbrgba(240,238,228,0.43)\u00bb border_radii=\u00bbon|10px|10px|10px|10px\u00bb disabled=\u00bbon\u00bb global_colors_info=\u00bb{}\u00bb][et_pb_image src=\u00bbhttps:\/\/conectamutual.cl\/trabajadores\/wp-content\/uploads\/2023\/03\/Logo-Mutual.png\u00bb title_text=\u00bbLogo Mutual\u00bb _builder_version=\u00bb4.18.0&#8243; _module_preset=\u00bbdefault\u00bb width=\u00bb75%\u00bb module_alignment=\u00bbcenter\u00bb custom_padding=\u00bb21px|||||\u00bb global_colors_info=\u00bb{}\u00bb][\/et_pb_image][et_pb_image src=\u00bbhttps:\/\/conectamutual.cl\/trabajadores\/wp-content\/uploads\/2023\/03\/Captura-de-Pantalla-2023-03-02-a-las-11.22.47.png\u00bb title_text=\u00bbCaptura de Pantalla 2023-03-02 a la(s) 11.22.47&#8243; _builder_version=\u00bb4.18.0&#8243; _module_preset=\u00bbdefault\u00bb width=\u00bb91%\u00bb module_alignment=\u00bbcenter\u00bb custom_padding=\u00bb17px|||||\u00bb global_colors_info=\u00bb{}\u00bb][\/et_pb_image][et_pb_image src=\u00bbhttps:\/\/conectamutual.cl\/trabajadores\/wp-content\/uploads\/2023\/03\/Alo-especialista.png\u00bb title_text=\u00bbAlo especialista\u00bb _builder_version=\u00bb4.18.0&#8243; _module_preset=\u00bbdefault\u00bb custom_margin=\u00bb80px|||||\u00bb custom_padding=\u00bb|10px||10px|false|false\u00bb global_colors_info=\u00bb{}\u00bb][\/et_pb_image][et_pb_blurb title=\u00bbVideo: Dr. Pedro Alfaro nos habla del cuidado con el sol y los rayos U.V.\u00bb image=\u00bbhttps:\/\/conectamutual.cl\/trabajadores\/wp-content\/uploads\/2023\/03\/dostor-video.png\u00bb _builder_version=\u00bb4.18.0&#8243; _module_preset=\u00bbdefault\u00bb header_font=\u00bb|700|||||||\u00bb header_font_size=\u00bb22px\u00bb custom_padding=\u00bb|10px|35px|10px|false|false\u00bb global_colors_info=\u00bb{}\u00bb][\/et_pb_blurb][\/et_pb_column][\/et_pb_row][\/et_pb_section]<\/p>\n","protected":false},"excerpt":{"rendered":"<p>Las vacaciones son sin\u00f3nimo de diversi\u00f3n y relajo, pero tambi\u00e9n pueden ocurrir peque\u00f1os accidentes que requieren atenci\u00f3n r\u00e1pida. El enfermero de urgencia de Mutual de Seguridad, Fernando Gatica, nos explica c\u00f3mo un conocimiento b\u00e1sico de primeros auxilios es esencial para tratar quemaduras solares, picaduras y otras lesiones menores, y as\u00ed evitar que peque\u00f1os incidentes se [&hellip;]<\/p>\n","protected":false},"author":4,"featured_media":1073,"comment_status":"closed","ping_status":"closed","sticky":false,"template":"","format":"standard","meta":{"_et_pb_use_builder":"on","_et_pb_old_content":"","_et_gb_content_width":"","footnotes":""},"categories":[6],"tags":[],"class_list":["post-1070","post","type-post","status-publish","format-standard","has-post-thumbnail","hentry","category-alo-especialistas"],"yoast_head":"<!-- This site is optimized with the Yoast SEO plugin v22.4 - https:\/\/yoast.com\/wordpress\/plugins\/seo\/ -->\n<title>Lo que debes saber de Primeros Auxilios, para disfrutar de unas vacaciones seguras - Conecta Mutual - Trabajadores<\/title>\n<meta name=\"robots\" content=\"index, follow, max-snippet:-1, max-image-preview:large, max-video-preview:-1\" \/>\n<link rel=\"canonical\" href=\"https:\/\/conectamutual.cl\/trabajadores\/alo-especialistas\/lo-que-debes-saber-de-primeros-auxilios-para-disfrutar-de-unas-vacaciones-seguras\/\" \/>\n<meta property=\"og:locale\" content=\"es_ES\" \/>\n<meta property=\"og:type\" content=\"article\" \/>\n<meta property=\"og:title\" content=\"Lo que debes saber de Primeros Auxilios, para disfrutar de unas vacaciones seguras - Conecta Mutual - Trabajadores\" \/>\n<meta property=\"og:description\" content=\"Las vacaciones son sin\u00f3nimo de diversi\u00f3n y relajo, pero tambi\u00e9n pueden ocurrir peque\u00f1os accidentes que requieren atenci\u00f3n r\u00e1pida. El enfermero de urgencia de Mutual de Seguridad, Fernando Gatica, nos explica c\u00f3mo un conocimiento b\u00e1sico de primeros auxilios es esencial para tratar quemaduras solares, picaduras y otras lesiones menores, y as\u00ed evitar que peque\u00f1os incidentes se [&hellip;]\" \/>\n<meta property=\"og:url\" content=\"https:\/\/conectamutual.cl\/trabajadores\/alo-especialistas\/lo-que-debes-saber-de-primeros-auxilios-para-disfrutar-de-unas-vacaciones-seguras\/\" \/>\n<meta property=\"og:site_name\" content=\"Conecta Mutual - Trabajadores\" \/>\n<meta property=\"article:published_time\" content=\"2024-01-28T23:01:59+00:00\" \/>\n<meta property=\"article:modified_time\" content=\"2024-04-11T20:22:49+00:00\" \/>\n<meta property=\"og:image\" content=\"https:\/\/conectamutual.cl\/trabajadores\/wp-content\/uploads\/2024\/01\/Articulo-75-Ilustracion-Alo-Especialista-Primeros-auxilios-en-Vacaciones.png\" \/>\n\t<meta property=\"og:image:width\" content=\"1563\" \/>\n\t<meta property=\"og:image:height\" content=\"1286\" \/>\n\t<meta property=\"og:image:type\" content=\"image\/png\" \/>\n<meta name=\"author\" content=\"Conecta Mutual\" \/>\n<meta name=\"twitter:card\" content=\"summary_large_image\" \/>\n<meta name=\"twitter:label1\" content=\"Escrito por\" \/>\n\t<meta name=\"twitter:data1\" content=\"Conecta Mutual\" \/>\n<script type=\"application\/ld+json\" class=\"yoast-schema-graph\">{\"@context\":\"https:\/\/schema.org\",\"@graph\":[{\"@type\":\"WebPage\",\"@id\":\"https:\/\/conectamutual.cl\/trabajadores\/alo-especialistas\/lo-que-debes-saber-de-primeros-auxilios-para-disfrutar-de-unas-vacaciones-seguras\/\",\"url\":\"https:\/\/conectamutual.cl\/trabajadores\/alo-especialistas\/lo-que-debes-saber-de-primeros-auxilios-para-disfrutar-de-unas-vacaciones-seguras\/\",\"name\":\"Lo que debes saber de Primeros Auxilios, para disfrutar de unas vacaciones seguras - Conecta Mutual - Trabajadores\",\"isPartOf\":{\"@id\":\"https:\/\/conectamutual.cl\/trabajadores\/#website\"},\"primaryImageOfPage\":{\"@id\":\"https:\/\/conectamutual.cl\/trabajadores\/alo-especialistas\/lo-que-debes-saber-de-primeros-auxilios-para-disfrutar-de-unas-vacaciones-seguras\/#primaryimage\"},\"image\":{\"@id\":\"https:\/\/conectamutual.cl\/trabajadores\/alo-especialistas\/lo-que-debes-saber-de-primeros-auxilios-para-disfrutar-de-unas-vacaciones-seguras\/#primaryimage\"},\"thumbnailUrl\":\"https:\/\/conectamutual.cl\/trabajadores\/wp-content\/uploads\/2024\/01\/Articulo-75-Ilustracion-Alo-Especialista-Primeros-auxilios-en-Vacaciones.png\",\"datePublished\":\"2024-01-28T23:01:59+00:00\",\"dateModified\":\"2024-04-11T20:22:49+00:00\",\"author\":{\"@id\":\"https:\/\/conectamutual.cl\/trabajadores\/#\/schema\/person\/586d0edb9c9c483372bf7fac34c27752\"},\"breadcrumb\":{\"@id\":\"https:\/\/conectamutual.cl\/trabajadores\/alo-especialistas\/lo-que-debes-saber-de-primeros-auxilios-para-disfrutar-de-unas-vacaciones-seguras\/#breadcrumb\"},\"inLanguage\":\"es\",\"potentialAction\":[{\"@type\":\"ReadAction\",\"target\":[\"https:\/\/conectamutual.cl\/trabajadores\/alo-especialistas\/lo-que-debes-saber-de-primeros-auxilios-para-disfrutar-de-unas-vacaciones-seguras\/\"]}]},{\"@type\":\"ImageObject\",\"inLanguage\":\"es\",\"@id\":\"https:\/\/conectamutual.cl\/trabajadores\/alo-especialistas\/lo-que-debes-saber-de-primeros-auxilios-para-disfrutar-de-unas-vacaciones-seguras\/#primaryimage\",\"url\":\"https:\/\/conectamutual.cl\/trabajadores\/wp-content\/uploads\/2024\/01\/Articulo-75-Ilustracion-Alo-Especialista-Primeros-auxilios-en-Vacaciones.png\",\"contentUrl\":\"https:\/\/conectamutual.cl\/trabajadores\/wp-content\/uploads\/2024\/01\/Articulo-75-Ilustracion-Alo-Especialista-Primeros-auxilios-en-Vacaciones.png\",\"width\":1563,\"height\":1286},{\"@type\":\"BreadcrumbList\",\"@id\":\"https:\/\/conectamutual.cl\/trabajadores\/alo-especialistas\/lo-que-debes-saber-de-primeros-auxilios-para-disfrutar-de-unas-vacaciones-seguras\/#breadcrumb\",\"itemListElement\":[{\"@type\":\"ListItem\",\"position\":1,\"name\":\"Portada\",\"item\":\"https:\/\/conectamutual.cl\/trabajadores\/\"},{\"@type\":\"ListItem\",\"position\":2,\"name\":\"Lo que debes saber de Primeros Auxilios, para disfrutar de unas vacaciones seguras\"}]},{\"@type\":\"WebSite\",\"@id\":\"https:\/\/conectamutual.cl\/trabajadores\/#website\",\"url\":\"https:\/\/conectamutual.cl\/trabajadores\/\",\"name\":\"Conecta Mutual - Trabajadores\",\"description\":\"\",\"potentialAction\":[{\"@type\":\"SearchAction\",\"target\":{\"@type\":\"EntryPoint\",\"urlTemplate\":\"https:\/\/conectamutual.cl\/trabajadores\/?s={search_term_string}\"},\"query-input\":\"required name=search_term_string\"}],\"inLanguage\":\"es\"},{\"@type\":\"Person\",\"@id\":\"https:\/\/conectamutual.cl\/trabajadores\/#\/schema\/person\/586d0edb9c9c483372bf7fac34c27752\",\"name\":\"Conecta Mutual\",\"image\":{\"@type\":\"ImageObject\",\"inLanguage\":\"es\",\"@id\":\"https:\/\/conectamutual.cl\/trabajadores\/#\/schema\/person\/image\/\",\"url\":\"https:\/\/secure.gravatar.com\/avatar\/39684215b150e64c12930c5e433c9fe14f8836f4f99f3ecf836ac80b3404d290?s=96&d=mm&r=g\",\"contentUrl\":\"https:\/\/secure.gravatar.com\/avatar\/39684215b150e64c12930c5e433c9fe14f8836f4f99f3ecf836ac80b3404d290?s=96&d=mm&r=g\",\"caption\":\"Conecta Mutual\"},\"url\":\"https:\/\/conectamutual.cl\/trabajadores\/author\/conectamutual\/\"}]}<\/script>\n<!-- \/ Yoast SEO plugin. -->","yoast_head_json":{"title":"Lo que debes saber de Primeros Auxilios, para disfrutar de unas vacaciones seguras - Conecta Mutual - Trabajadores","robots":{"index":"index","follow":"follow","max-snippet":"max-snippet:-1","max-image-preview":"max-image-preview:large","max-video-preview":"max-video-preview:-1"},"canonical":"https:\/\/conectamutual.cl\/trabajadores\/alo-especialistas\/lo-que-debes-saber-de-primeros-auxilios-para-disfrutar-de-unas-vacaciones-seguras\/","og_locale":"es_ES","og_type":"article","og_title":"Lo que debes saber de Primeros Auxilios, para disfrutar de unas vacaciones seguras - Conecta Mutual - Trabajadores","og_description":"Las vacaciones son sin\u00f3nimo de diversi\u00f3n y relajo, pero tambi\u00e9n pueden ocurrir peque\u00f1os accidentes que requieren atenci\u00f3n r\u00e1pida. El enfermero de urgencia de Mutual de Seguridad, Fernando Gatica, nos explica c\u00f3mo un conocimiento b\u00e1sico de primeros auxilios es esencial para tratar quemaduras solares, picaduras y otras lesiones menores, y as\u00ed evitar que peque\u00f1os incidentes se [&hellip;]","og_url":"https:\/\/conectamutual.cl\/trabajadores\/alo-especialistas\/lo-que-debes-saber-de-primeros-auxilios-para-disfrutar-de-unas-vacaciones-seguras\/","og_site_name":"Conecta Mutual - Trabajadores","article_published_time":"2024-01-28T23:01:59+00:00","article_modified_time":"2024-04-11T20:22:49+00:00","og_image":[{"width":1563,"height":1286,"url":"https:\/\/conectamutual.cl\/trabajadores\/wp-content\/uploads\/2024\/01\/Articulo-75-Ilustracion-Alo-Especialista-Primeros-auxilios-en-Vacaciones.png","type":"image\/png"}],"author":"Conecta Mutual","twitter_card":"summary_large_image","twitter_misc":{"Escrito por":"Conecta Mutual"},"schema":{"@context":"https:\/\/schema.org","@graph":[{"@type":"WebPage","@id":"https:\/\/conectamutual.cl\/trabajadores\/alo-especialistas\/lo-que-debes-saber-de-primeros-auxilios-para-disfrutar-de-unas-vacaciones-seguras\/","url":"https:\/\/conectamutual.cl\/trabajadores\/alo-especialistas\/lo-que-debes-saber-de-primeros-auxilios-para-disfrutar-de-unas-vacaciones-seguras\/","name":"Lo que debes saber de Primeros Auxilios, para disfrutar de unas vacaciones seguras - Conecta Mutual - Trabajadores","isPartOf":{"@id":"https:\/\/conectamutual.cl\/trabajadores\/#website"},"primaryImageOfPage":{"@id":"https:\/\/conectamutual.cl\/trabajadores\/alo-especialistas\/lo-que-debes-saber-de-primeros-auxilios-para-disfrutar-de-unas-vacaciones-seguras\/#primaryimage"},"image":{"@id":"https:\/\/conectamutual.cl\/trabajadores\/alo-especialistas\/lo-que-debes-saber-de-primeros-auxilios-para-disfrutar-de-unas-vacaciones-seguras\/#primaryimage"},"thumbnailUrl":"https:\/\/conectamutual.cl\/trabajadores\/wp-content\/uploads\/2024\/01\/Articulo-75-Ilustracion-Alo-Especialista-Primeros-auxilios-en-Vacaciones.png","datePublished":"2024-01-28T23:01:59+00:00","dateModified":"2024-04-11T20:22:49+00:00","author":{"@id":"https:\/\/conectamutual.cl\/trabajadores\/#\/schema\/person\/586d0edb9c9c483372bf7fac34c27752"},"breadcrumb":{"@id":"https:\/\/conectamutual.cl\/trabajadores\/alo-especialistas\/lo-que-debes-saber-de-primeros-auxilios-para-disfrutar-de-unas-vacaciones-seguras\/#breadcrumb"},"inLanguage":"es","potentialAction":[{"@type":"ReadAction","target":["https:\/\/conectamutual.cl\/trabajadores\/alo-especialistas\/lo-que-debes-saber-de-primeros-auxilios-para-disfrutar-de-unas-vacaciones-seguras\/"]}]},{"@type":"ImageObject","inLanguage":"es","@id":"https:\/\/conectamutual.cl\/trabajadores\/alo-especialistas\/lo-que-debes-saber-de-primeros-auxilios-para-disfrutar-de-unas-vacaciones-seguras\/#primaryimage","url":"https:\/\/conectamutual.cl\/trabajadores\/wp-content\/uploads\/2024\/01\/Articulo-75-Ilustracion-Alo-Especialista-Primeros-auxilios-en-Vacaciones.png","contentUrl":"https:\/\/conectamutual.cl\/trabajadores\/wp-content\/uploads\/2024\/01\/Articulo-75-Ilustracion-Alo-Especialista-Primeros-auxilios-en-Vacaciones.png","width":1563,"height":1286},{"@type":"BreadcrumbList","@id":"https:\/\/conectamutual.cl\/trabajadores\/alo-especialistas\/lo-que-debes-saber-de-primeros-auxilios-para-disfrutar-de-unas-vacaciones-seguras\/#breadcrumb","itemListElement":[{"@type":"ListItem","position":1,"name":"Portada","item":"https:\/\/conectamutual.cl\/trabajadores\/"},{"@type":"ListItem","position":2,"name":"Lo que debes saber de Primeros Auxilios, para disfrutar de unas vacaciones seguras"}]},{"@type":"WebSite","@id":"https:\/\/conectamutual.cl\/trabajadores\/#website","url":"https:\/\/conectamutual.cl\/trabajadores\/","name":"Conecta Mutual - Trabajadores","description":"","potentialAction":[{"@type":"SearchAction","target":{"@type":"EntryPoint","urlTemplate":"https:\/\/conectamutual.cl\/trabajadores\/?s={search_term_string}"},"query-input":"required name=search_term_string"}],"inLanguage":"es"},{"@type":"Person","@id":"https:\/\/conectamutual.cl\/trabajadores\/#\/schema\/person\/586d0edb9c9c483372bf7fac34c27752","name":"Conecta Mutual","image":{"@type":"ImageObject","inLanguage":"es","@id":"https:\/\/conectamutual.cl\/trabajadores\/#\/schema\/person\/image\/","url":"https:\/\/secure.gravatar.com\/avatar\/39684215b150e64c12930c5e433c9fe14f8836f4f99f3ecf836ac80b3404d290?s=96&d=mm&r=g","contentUrl":"https:\/\/secure.gravatar.com\/avatar\/39684215b150e64c12930c5e433c9fe14f8836f4f99f3ecf836ac80b3404d290?s=96&d=mm&r=g","caption":"Conecta Mutual"},"url":"https:\/\/conectamutual.cl\/trabajadores\/author\/conectamutual\/"}]}},"_links":{"self":[{"href":"https:\/\/conectamutual.cl\/trabajadores\/wp-json\/wp\/v2\/posts\/1070","targetHints":{"allow":["GET"]}}],"collection":[{"href":"https:\/\/conectamutual.cl\/trabajadores\/wp-json\/wp\/v2\/posts"}],"about":[{"href":"https:\/\/conectamutual.cl\/trabajadores\/wp-json\/wp\/v2\/types\/post"}],"author":[{"embeddable":true,"href":"https:\/\/conectamutual.cl\/trabajadores\/wp-json\/wp\/v2\/users\/4"}],"replies":[{"embeddable":true,"href":"https:\/\/conectamutual.cl\/trabajadores\/wp-json\/wp\/v2\/comments?post=1070"}],"version-history":[{"count":3,"href":"https:\/\/conectamutual.cl\/trabajadores\/wp-json\/wp\/v2\/posts\/1070\/revisions"}],"predecessor-version":[{"id":1075,"href":"https:\/\/conectamutual.cl\/trabajadores\/wp-json\/wp\/v2\/posts\/1070\/revisions\/1075"}],"wp:featuredmedia":[{"embeddable":true,"href":"https:\/\/conectamutual.cl\/trabajadores\/wp-json\/wp\/v2\/media\/1073"}],"wp:attachment":[{"href":"https:\/\/conectamutual.cl\/trabajadores\/wp-json\/wp\/v2\/media?parent=1070"}],"wp:term":[{"taxonomy":"category","embeddable":true,"href":"https:\/\/conectamutual.cl\/trabajadores\/wp-json\/wp\/v2\/categories?post=1070"},{"taxonomy":"post_tag","embeddable":true,"href":"https:\/\/conectamutual.cl\/trabajadores\/wp-json\/wp\/v2\/tags?post=1070"}],"curies":[{"name":"wp","href":"https:\/\/api.w.org\/{rel}","templated":true}]}}