{"id":1090,"date":"2024-01-28T23:21:23","date_gmt":"2024-01-28T23:21:23","guid":{"rendered":"https:\/\/conectamutual.cl\/trabajadores\/?p=1090"},"modified":"2024-04-11T20:23:12","modified_gmt":"2024-04-11T20:23:12","slug":"como-reconocer-y-reaccionar-ante-un-golpe-de-calor","status":"publish","type":"post","link":"https:\/\/conectamutual.cl\/trabajadores\/prevencion-bienestar\/como-reconocer-y-reaccionar-ante-un-golpe-de-calor\/","title":{"rendered":"\u00bfC\u00f3mo reconocer y reaccionar ante un Golpe de Calor?"},"content":{"rendered":"<p>[et_pb_section fb_built=\u00bb1&#8243; _builder_version=\u00bb4.20.2&#8243; _module_preset=\u00bbdefault\u00bb custom_padding=\u00bb3px||12px|||\u00bb global_colors_info=\u00bb{}\u00bb][et_pb_row column_structure=\u00bb1_2,1_2&#8243; _builder_version=\u00bb4.20.2&#8243; _module_preset=\u00bbdefault\u00bb global_colors_info=\u00bb{}\u00bb][et_pb_column type=\u00bb1_2&#8243; _builder_version=\u00bb4.20.2&#8243; _module_preset=\u00bbdefault\u00bb global_colors_info=\u00bb{}\u00bb][et_pb_image src=\u00bbhttps:\/\/conectamutual.cl\/trabajadores\/wp-content\/uploads\/2023\/03\/logo-Espacio-Trabajadores-separados-12.png\u00bb title_text=\u00bblogo-Espacio-Trabajadores-separados-12&#8243; align=\u00bbcenter\u00bb _builder_version=\u00bb4.20.2&#8243; _module_preset=\u00bbdefault\u00bb width=\u00bb57%\u00bb width_tablet=\u00bb57%\u00bb width_phone=\u00bb99%\u00bb width_last_edited=\u00bbon|phone\u00bb max_width=\u00bb91%\u00bb module_alignment=\u00bbcenter\u00bb min_height_tablet=\u00bb\u00bb min_height_phone=\u00bb\u00bb min_height_last_edited=\u00bbon|desktop\u00bb global_colors_info=\u00bb{}\u00bb][\/et_pb_image][\/et_pb_column][et_pb_column type=\u00bb1_2&#8243; _builder_version=\u00bb4.20.2&#8243; _module_preset=\u00bbdefault\u00bb global_colors_info=\u00bb{}\u00bb][et_pb_image src=\u00bbhttps:\/\/conectamutual.cl\/trabajadores\/wp-content\/uploads\/2023\/03\/logo-Espacio-Trabajadores-separados-11.png\u00bb title_text=\u00bblogo-Espacio-Trabajadores-separados-11&#8243; align=\u00bbcenter\u00bb _builder_version=\u00bb4.20.2&#8243; _module_preset=\u00bbdefault\u00bb width=\u00bb62%\u00bb width_tablet=\u00bb62%\u00bb width_phone=\u00bb100%\u00bb width_last_edited=\u00bbon|phone\u00bb max_width=\u00bb90%\u00bb module_alignment=\u00bbcenter\u00bb custom_margin=\u00bb25px||||false|false\u00bb module_alignment_tablet=\u00bbcenter\u00bb module_alignment_phone=\u00bbcenter\u00bb module_alignment_last_edited=\u00bbon|desktop\u00bb global_colors_info=\u00bb{}\u00bb][\/et_pb_image][\/et_pb_column][\/et_pb_row][\/et_pb_section][et_pb_section fb_built=\u00bb1&#8243; _builder_version=\u00bb4.20.2&#8243; _module_preset=\u00bbdefault\u00bb background_color=\u00bb#e6f2e3&#8243; custom_padding=\u00bb0px||0px|||\u00bb global_colors_info=\u00bb{}\u00bb][et_pb_row _builder_version=\u00bb4.20.2&#8243; _module_preset=\u00bbdefault\u00bb global_colors_info=\u00bb{}\u00bb][et_pb_column type=\u00bb4_4&#8243; _builder_version=\u00bb4.20.2&#8243; _module_preset=\u00bbdefault\u00bb global_colors_info=\u00bb{}\u00bb][et_pb_image src=\u00bbhttps:\/\/conectamutual.cl\/trabajadores\/wp-content\/uploads\/2023\/03\/Graf-Categorias-04.png\u00bb title_text=\u00bbGraf Categori\u0301as-04&#8243; _builder_version=\u00bb4.20.2&#8243; _module_preset=\u00bbdefault\u00bb width=\u00bb60%\u00bb width_tablet=\u00bb60%\u00bb width_phone=\u00bb100%\u00bb width_last_edited=\u00bbon|phone\u00bb custom_margin=\u00bb0px||0px||false|false\u00bb custom_margin_tablet=\u00bb0px||0px||false|false\u00bb custom_margin_phone=\u00bb20px||20px||false|false\u00bb custom_margin_last_edited=\u00bbon|phone\u00bb global_colors_info=\u00bb{}\u00bb][\/et_pb_image][\/et_pb_column][\/et_pb_row][\/et_pb_section][et_pb_section fb_built=\u00bb1&#8243; _builder_version=\u00bb4.20.2&#8243; _module_preset=\u00bbdefault\u00bb background_color=\u00bbrgba(240,238,228,0.34)\u00bb custom_padding=\u00bb42px||1px|||\u00bb global_colors_info=\u00bb{}\u00bb][et_pb_row column_structure=\u00bb3_5,2_5&#8243; _builder_version=\u00bb4.16&#8243; _module_preset=\u00bbdefault\u00bb custom_margin=\u00bb-41px|auto||auto||\u00bb custom_padding=\u00bb19px||16px|||\u00bb global_colors_info=\u00bb{}\u00bb][et_pb_column type=\u00bb3_5&#8243; _builder_version=\u00bb4.16&#8243; _module_preset=\u00bbdefault\u00bb global_colors_info=\u00bb{}\u00bb][et_pb_image src=\u00bbhttps:\/\/conectamutual.cl\/trabajadores\/wp-content\/uploads\/2024\/01\/Articulo-72-Ilustracion-Consejos-para-enfrentar-golpes-de-calor.png\u00bb title_text=\u00bbArti\u0301culo 72 &#8211; Ilustracio\u0301n &#8211; Consejos para enfrentar golpes de calor\u00bb _builder_version=\u00bb4.20.2&#8243; _module_preset=\u00bbdefault\u00bb width=\u00bb80%\u00bb module_alignment=\u00bbcenter\u00bb custom_margin=\u00bb14px|||||\u00bb custom_padding=\u00bb7px|||||\u00bb hover_enabled=\u00bb0&#8243; global_colors_info=\u00bb{}\u00bb sticky_enabled=\u00bb0&#8243;][\/et_pb_image][\/et_pb_column][et_pb_column type=\u00bb2_5&#8243; _builder_version=\u00bb4.16&#8243; _module_preset=\u00bbdefault\u00bb global_colors_info=\u00bb{}\u00bb][et_pb_post_title comments=\u00bboff\u00bb featured_image=\u00bboff\u00bb _builder_version=\u00bb4.20.2&#8243; _module_preset=\u00bbdefault\u00bb title_level=\u00bbh2&#8243; title_font=\u00bbMontserrat|700|||||||\u00bb title_text_align=\u00bbleft\u00bb title_text_color=\u00bb#c4d600&#8243; title_font_size=\u00bb43px\u00bb title_line_height=\u00bb1.1em\u00bb meta_font=\u00bbMontserrat||||||||\u00bb meta_text_align=\u00bbleft\u00bb meta_font_size=\u00bb12px\u00bb custom_margin=\u00bb38px||||false|false\u00bb title_font_size_tablet=\u00bb\u00bb title_font_size_phone=\u00bb30px\u00bb title_font_size_last_edited=\u00bbon|phone\u00bb meta_font_size_tablet=\u00bb\u00bb meta_font_size_phone=\u00bb10px\u00bb meta_font_size_last_edited=\u00bbon|phone\u00bb global_colors_info=\u00bb{}\u00bb][\/et_pb_post_title][et_pb_text _builder_version=\u00bb4.20.2&#8243; _module_preset=\u00bbdefault\u00bb text_font_size=\u00bb18px\u00bb header_4_font=\u00bb|600|on||||||\u00bb header_4_text_color=\u00bb#7f7f7f\u00bb header_4_font_size=\u00bb16px\u00bb header_4_line_height=\u00bb1.9em\u00bb custom_padding=\u00bb0px|||||\u00bb hover_enabled=\u00bb0&#8243; text_font_size_tablet=\u00bb18px\u00bb text_font_size_phone=\u00bb18px\u00bb text_font_size_last_edited=\u00bbon|desktop\u00bb global_colors_info=\u00bb{}\u00bb sticky_enabled=\u00bb0&#8243;]<\/p>\n<p><em><strong>El verano trae consigo d\u00edas largos y soleados que todos disfrutamos. Pero no hay que olvidar que las altas temperaturas pueden ser peligrosas.<\/strong><\/em><\/p>\n<p>[\/et_pb_text][\/et_pb_column][\/et_pb_row][\/et_pb_section][et_pb_section fb_built=\u00bb1&#8243; _builder_version=\u00bb4.18.0&#8243; _module_preset=\u00bbdefault\u00bb custom_padding=\u00bb0px||33px|||\u00bb global_colors_info=\u00bb{}\u00bb][et_pb_row column_structure=\u00bb2_3,1_3&#8243; _builder_version=\u00bb4.20.2&#8243; _module_preset=\u00bbdefault\u00bb custom_padding=\u00bb54px|||||\u00bb global_colors_info=\u00bb{}\u00bb][et_pb_column type=\u00bb2_3&#8243; _builder_version=\u00bb4.18.0&#8243; _module_preset=\u00bbdefault\u00bb global_colors_info=\u00bb{}\u00bb][et_pb_text _builder_version=\u00bb4.20.2&#8243; _module_preset=\u00bbdefault\u00bb text_line_height=\u00bb2.6em\u00bb ol_line_height=\u00bb2.4em\u00bb hover_enabled=\u00bb0&#8243; text_font_size_tablet=\u00bb\u00bb text_font_size_phone=\u00bb17px\u00bb text_font_size_last_edited=\u00bbon|phone\u00bb global_colors_info=\u00bb{}\u00bb ul_line_height=\u00bb2.3em\u00bb sticky_enabled=\u00bb0&#8243;]<\/p>\n<blockquote>\n<p><span style=\"font-weight: 400;\">El golpe de calor es una condici\u00f3n seria que puede ocurrir si nos exponemos demasiado al sol, y saber c\u00f3mo manejarlo es esencial para nuestro bienestar.<\/span><\/p>\n<\/blockquote>\n<h3><b>Reconocer un golpe de calor:<\/b><span style=\"font-weight: 400;\">\u00a0<\/span><\/h3>\n<p><span style=\"font-weight: 400;\">El golpe de calor se presenta cuando <\/span><b>nuestro cuerpo es incapaz de regular su temperatura por s\u00ed solo<\/b><span style=\"font-weight: 400;\">. Los s\u00edntomas iniciales incluyen insolaci\u00f3n, sarpullidos y calambres. Si estos signos se agravan, pueden llevar a la confusi\u00f3n, p\u00e9rdida de consciencia y, en situaciones extremas, a convulsiones. Observar cambios en la piel, que puede tornarse caliente y seca, es vital para la r\u00e1pida identificaci\u00f3n y toma de medidas.<\/span><\/p>\n<h3><b>Medidas preventivas y de reacci\u00f3n:<\/b><\/h3>\n<ul>\n<li style=\"font-weight: 400;\" aria-level=\"1\"><b>Atenci\u00f3n m\u00e9dica inmediata:<\/b><span style=\"font-weight: 400;\"> si sospechas de un golpe de calor, es primordial buscar ayuda profesional de inmediato. No subestimes los s\u00edntomas.<\/span><\/li>\n<li style=\"font-weight: 400;\" aria-level=\"1\"><b>Compa\u00f1\u00eda y cuidado:<\/b><span style=\"font-weight: 400;\"> permanece junto a la persona afectada mientras esperas asistencia. Tu presencia puede ser reconfortante y vital en caso de que su condici\u00f3n empeore.<\/span><\/li>\n<li style=\"font-weight: 400;\" aria-level=\"1\"><b>Refrescar activamente:<\/b><span style=\"font-weight: 400;\"> mientras llega la ayuda, intenta bajar la temperatura corporal de la persona llev\u00e1ndola a un lugar fresco y sombreado y aplicando agua fr\u00eda o pa\u00f1os h\u00famedos.<\/span><\/li>\n<li style=\"font-weight: 400;\" aria-level=\"1\"><b>Cuidado con la hidrataci\u00f3n:<\/b><span style=\"font-weight: 400;\"> ofrece l\u00edquidos si la persona est\u00e1 consciente y puede beber, pero nunca fuerces la ingesta si muestra dificultad para tragar.<\/span><\/li>\n<li style=\"font-weight: 400;\" aria-level=\"1\"><b>Primeros auxilios:<\/b><span style=\"font-weight: 400;\"> si est\u00e1s capacitado, y es necesario, aplica primeros auxilios o reanimaci\u00f3n cardiopulmonar (RCP).<\/span><\/li>\n<\/ul>\n<h3>\u00a0<b>Atenci\u00f3n especial para personas vulnerables:<\/b><span style=\"font-weight: 400;\">\u00a0<\/span><\/h3>\n<p><span style=\"font-weight: 400;\">Algunas personas tienen un riesgo m\u00e1s alto de sufrir un golpe de calor. Es esencial que los adultos mayores, mujeres embarazadas y personas con ciertas condiciones de salud, como diabetes o hipertensi\u00f3n, tomen precauciones extra.<\/span>\u00a0<\/p>\n<p><span style=\"font-weight: 400;\">La prevenci\u00f3n es clave para disfrutar del verano con salud. Mant\u00e9n un ojo en los m\u00e1s vulnerables, <\/span><b>reconoce los signos de alarma del golpe de calor y act\u00faa con rapidez si es necesario<\/b><span style=\"font-weight: 400;\">. Recuerda, en el calor del verano, tu seguridad y la de tus seres queridos es lo m\u00e1s fresco que puedes preservar. \u00a1Disfruta del sol con seguridad!<\/span><\/p>\n<p>[\/et_pb_text][\/et_pb_column][et_pb_column type=\u00bb1_3&#8243; disabled_on=\u00bbon|on|on\u00bb _builder_version=\u00bb4.20.2&#8243; _module_preset=\u00bbdefault\u00bb background_color=\u00bbrgba(240,238,228,0.43)\u00bb border_radii=\u00bbon|10px|10px|10px|10px\u00bb disabled=\u00bbon\u00bb global_colors_info=\u00bb{}\u00bb][et_pb_image src=\u00bbhttps:\/\/conectamutual.cl\/trabajadores\/wp-content\/uploads\/2023\/03\/Logo-Mutual.png\u00bb title_text=\u00bbLogo Mutual\u00bb _builder_version=\u00bb4.18.0&#8243; _module_preset=\u00bbdefault\u00bb width=\u00bb75%\u00bb module_alignment=\u00bbcenter\u00bb custom_padding=\u00bb21px|||||\u00bb global_colors_info=\u00bb{}\u00bb][\/et_pb_image][et_pb_image src=\u00bbhttps:\/\/conectamutual.cl\/trabajadores\/wp-content\/uploads\/2023\/03\/Captura-de-Pantalla-2023-03-02-a-las-11.22.47.png\u00bb title_text=\u00bbCaptura de Pantalla 2023-03-02 a la(s) 11.22.47&#8243; _builder_version=\u00bb4.18.0&#8243; _module_preset=\u00bbdefault\u00bb width=\u00bb91%\u00bb module_alignment=\u00bbcenter\u00bb custom_padding=\u00bb17px|||||\u00bb global_colors_info=\u00bb{}\u00bb][\/et_pb_image][et_pb_image src=\u00bbhttps:\/\/conectamutual.cl\/trabajadores\/wp-content\/uploads\/2023\/03\/Alo-especialista.png\u00bb title_text=\u00bbAlo especialista\u00bb _builder_version=\u00bb4.18.0&#8243; _module_preset=\u00bbdefault\u00bb custom_margin=\u00bb80px|||||\u00bb custom_padding=\u00bb|10px||10px|false|false\u00bb global_colors_info=\u00bb{}\u00bb][\/et_pb_image][et_pb_blurb title=\u00bbVideo: Dr. Pedro Alfaro nos habla del cuidado con el sol y los rayos U.V.\u00bb image=\u00bbhttps:\/\/conectamutual.cl\/trabajadores\/wp-content\/uploads\/2023\/03\/dostor-video.png\u00bb _builder_version=\u00bb4.18.0&#8243; _module_preset=\u00bbdefault\u00bb header_font=\u00bb|700|||||||\u00bb header_font_size=\u00bb22px\u00bb custom_padding=\u00bb|10px|35px|10px|false|false\u00bb global_colors_info=\u00bb{}\u00bb][\/et_pb_blurb][\/et_pb_column][\/et_pb_row][\/et_pb_section]<\/p>\n","protected":false},"excerpt":{"rendered":"<p>El verano trae consigo d\u00edas largos y soleados que todos disfrutamos. Pero no hay que olvidar que las altas temperaturas pueden ser peligrosas. El golpe de calor es una condici\u00f3n seria que puede ocurrir si nos exponemos demasiado al sol, y saber c\u00f3mo manejarlo es esencial para nuestro bienestar. Reconocer un golpe de calor:\u00a0 El [&hellip;]<\/p>\n","protected":false},"author":4,"featured_media":1093,"comment_status":"closed","ping_status":"closed","sticky":false,"template":"","format":"standard","meta":{"_et_pb_use_builder":"on","_et_pb_old_content":"","_et_gb_content_width":"","footnotes":""},"categories":[4],"tags":[],"class_list":["post-1090","post","type-post","status-publish","format-standard","has-post-thumbnail","hentry","category-prevencion-bienestar"],"yoast_head":"<!-- This site is optimized with the Yoast SEO plugin v22.4 - https:\/\/yoast.com\/wordpress\/plugins\/seo\/ -->\n<title>\u00bfC\u00f3mo reconocer y reaccionar ante un Golpe de Calor? - Conecta Mutual - Trabajadores<\/title>\n<meta name=\"robots\" content=\"index, follow, max-snippet:-1, max-image-preview:large, max-video-preview:-1\" \/>\n<link rel=\"canonical\" href=\"https:\/\/conectamutual.cl\/trabajadores\/prevencion-bienestar\/como-reconocer-y-reaccionar-ante-un-golpe-de-calor\/\" \/>\n<meta property=\"og:locale\" content=\"es_ES\" \/>\n<meta property=\"og:type\" content=\"article\" \/>\n<meta property=\"og:title\" content=\"\u00bfC\u00f3mo reconocer y reaccionar ante un Golpe de Calor? - Conecta Mutual - Trabajadores\" \/>\n<meta property=\"og:description\" content=\"El verano trae consigo d\u00edas largos y soleados que todos disfrutamos. Pero no hay que olvidar que las altas temperaturas pueden ser peligrosas. El golpe de calor es una condici\u00f3n seria que puede ocurrir si nos exponemos demasiado al sol, y saber c\u00f3mo manejarlo es esencial para nuestro bienestar. Reconocer un golpe de calor:\u00a0 El [&hellip;]\" \/>\n<meta property=\"og:url\" content=\"https:\/\/conectamutual.cl\/trabajadores\/prevencion-bienestar\/como-reconocer-y-reaccionar-ante-un-golpe-de-calor\/\" \/>\n<meta property=\"og:site_name\" content=\"Conecta Mutual - Trabajadores\" \/>\n<meta property=\"article:published_time\" content=\"2024-01-28T23:21:23+00:00\" \/>\n<meta property=\"article:modified_time\" content=\"2024-04-11T20:23:12+00:00\" \/>\n<meta property=\"og:image\" content=\"https:\/\/conectamutual.cl\/trabajadores\/wp-content\/uploads\/2024\/01\/Articulo-72-Ilustracion-Consejos-para-enfrentar-golpes-de-calor.png\" \/>\n\t<meta property=\"og:image:width\" content=\"1563\" \/>\n\t<meta property=\"og:image:height\" content=\"1489\" \/>\n\t<meta property=\"og:image:type\" content=\"image\/png\" \/>\n<meta name=\"author\" content=\"Conecta Mutual\" \/>\n<meta name=\"twitter:card\" content=\"summary_large_image\" \/>\n<meta name=\"twitter:label1\" content=\"Escrito por\" \/>\n\t<meta name=\"twitter:data1\" content=\"Conecta Mutual\" \/>\n<script type=\"application\/ld+json\" class=\"yoast-schema-graph\">{\"@context\":\"https:\/\/schema.org\",\"@graph\":[{\"@type\":\"WebPage\",\"@id\":\"https:\/\/conectamutual.cl\/trabajadores\/prevencion-bienestar\/como-reconocer-y-reaccionar-ante-un-golpe-de-calor\/\",\"url\":\"https:\/\/conectamutual.cl\/trabajadores\/prevencion-bienestar\/como-reconocer-y-reaccionar-ante-un-golpe-de-calor\/\",\"name\":\"\u00bfC\u00f3mo reconocer y reaccionar ante un Golpe de Calor? - Conecta Mutual - Trabajadores\",\"isPartOf\":{\"@id\":\"https:\/\/conectamutual.cl\/trabajadores\/#website\"},\"primaryImageOfPage\":{\"@id\":\"https:\/\/conectamutual.cl\/trabajadores\/prevencion-bienestar\/como-reconocer-y-reaccionar-ante-un-golpe-de-calor\/#primaryimage\"},\"image\":{\"@id\":\"https:\/\/conectamutual.cl\/trabajadores\/prevencion-bienestar\/como-reconocer-y-reaccionar-ante-un-golpe-de-calor\/#primaryimage\"},\"thumbnailUrl\":\"https:\/\/conectamutual.cl\/trabajadores\/wp-content\/uploads\/2024\/01\/Articulo-72-Ilustracion-Consejos-para-enfrentar-golpes-de-calor.png\",\"datePublished\":\"2024-01-28T23:21:23+00:00\",\"dateModified\":\"2024-04-11T20:23:12+00:00\",\"author\":{\"@id\":\"https:\/\/conectamutual.cl\/trabajadores\/#\/schema\/person\/586d0edb9c9c483372bf7fac34c27752\"},\"breadcrumb\":{\"@id\":\"https:\/\/conectamutual.cl\/trabajadores\/prevencion-bienestar\/como-reconocer-y-reaccionar-ante-un-golpe-de-calor\/#breadcrumb\"},\"inLanguage\":\"es\",\"potentialAction\":[{\"@type\":\"ReadAction\",\"target\":[\"https:\/\/conectamutual.cl\/trabajadores\/prevencion-bienestar\/como-reconocer-y-reaccionar-ante-un-golpe-de-calor\/\"]}]},{\"@type\":\"ImageObject\",\"inLanguage\":\"es\",\"@id\":\"https:\/\/conectamutual.cl\/trabajadores\/prevencion-bienestar\/como-reconocer-y-reaccionar-ante-un-golpe-de-calor\/#primaryimage\",\"url\":\"https:\/\/conectamutual.cl\/trabajadores\/wp-content\/uploads\/2024\/01\/Articulo-72-Ilustracion-Consejos-para-enfrentar-golpes-de-calor.png\",\"contentUrl\":\"https:\/\/conectamutual.cl\/trabajadores\/wp-content\/uploads\/2024\/01\/Articulo-72-Ilustracion-Consejos-para-enfrentar-golpes-de-calor.png\",\"width\":1563,\"height\":1489},{\"@type\":\"BreadcrumbList\",\"@id\":\"https:\/\/conectamutual.cl\/trabajadores\/prevencion-bienestar\/como-reconocer-y-reaccionar-ante-un-golpe-de-calor\/#breadcrumb\",\"itemListElement\":[{\"@type\":\"ListItem\",\"position\":1,\"name\":\"Portada\",\"item\":\"https:\/\/conectamutual.cl\/trabajadores\/\"},{\"@type\":\"ListItem\",\"position\":2,\"name\":\"\u00bfC\u00f3mo reconocer y reaccionar ante un Golpe de Calor?\"}]},{\"@type\":\"WebSite\",\"@id\":\"https:\/\/conectamutual.cl\/trabajadores\/#website\",\"url\":\"https:\/\/conectamutual.cl\/trabajadores\/\",\"name\":\"Conecta Mutual - Trabajadores\",\"description\":\"\",\"potentialAction\":[{\"@type\":\"SearchAction\",\"target\":{\"@type\":\"EntryPoint\",\"urlTemplate\":\"https:\/\/conectamutual.cl\/trabajadores\/?s={search_term_string}\"},\"query-input\":\"required name=search_term_string\"}],\"inLanguage\":\"es\"},{\"@type\":\"Person\",\"@id\":\"https:\/\/conectamutual.cl\/trabajadores\/#\/schema\/person\/586d0edb9c9c483372bf7fac34c27752\",\"name\":\"Conecta Mutual\",\"image\":{\"@type\":\"ImageObject\",\"inLanguage\":\"es\",\"@id\":\"https:\/\/conectamutual.cl\/trabajadores\/#\/schema\/person\/image\/\",\"url\":\"https:\/\/secure.gravatar.com\/avatar\/39684215b150e64c12930c5e433c9fe14f8836f4f99f3ecf836ac80b3404d290?s=96&d=mm&r=g\",\"contentUrl\":\"https:\/\/secure.gravatar.com\/avatar\/39684215b150e64c12930c5e433c9fe14f8836f4f99f3ecf836ac80b3404d290?s=96&d=mm&r=g\",\"caption\":\"Conecta Mutual\"},\"url\":\"https:\/\/conectamutual.cl\/trabajadores\/author\/conectamutual\/\"}]}<\/script>\n<!-- \/ Yoast SEO plugin. -->","yoast_head_json":{"title":"\u00bfC\u00f3mo reconocer y reaccionar ante un Golpe de Calor? - Conecta Mutual - Trabajadores","robots":{"index":"index","follow":"follow","max-snippet":"max-snippet:-1","max-image-preview":"max-image-preview:large","max-video-preview":"max-video-preview:-1"},"canonical":"https:\/\/conectamutual.cl\/trabajadores\/prevencion-bienestar\/como-reconocer-y-reaccionar-ante-un-golpe-de-calor\/","og_locale":"es_ES","og_type":"article","og_title":"\u00bfC\u00f3mo reconocer y reaccionar ante un Golpe de Calor? - Conecta Mutual - Trabajadores","og_description":"El verano trae consigo d\u00edas largos y soleados que todos disfrutamos. Pero no hay que olvidar que las altas temperaturas pueden ser peligrosas. El golpe de calor es una condici\u00f3n seria que puede ocurrir si nos exponemos demasiado al sol, y saber c\u00f3mo manejarlo es esencial para nuestro bienestar. Reconocer un golpe de calor:\u00a0 El [&hellip;]","og_url":"https:\/\/conectamutual.cl\/trabajadores\/prevencion-bienestar\/como-reconocer-y-reaccionar-ante-un-golpe-de-calor\/","og_site_name":"Conecta Mutual - Trabajadores","article_published_time":"2024-01-28T23:21:23+00:00","article_modified_time":"2024-04-11T20:23:12+00:00","og_image":[{"width":1563,"height":1489,"url":"https:\/\/conectamutual.cl\/trabajadores\/wp-content\/uploads\/2024\/01\/Articulo-72-Ilustracion-Consejos-para-enfrentar-golpes-de-calor.png","type":"image\/png"}],"author":"Conecta Mutual","twitter_card":"summary_large_image","twitter_misc":{"Escrito por":"Conecta Mutual"},"schema":{"@context":"https:\/\/schema.org","@graph":[{"@type":"WebPage","@id":"https:\/\/conectamutual.cl\/trabajadores\/prevencion-bienestar\/como-reconocer-y-reaccionar-ante-un-golpe-de-calor\/","url":"https:\/\/conectamutual.cl\/trabajadores\/prevencion-bienestar\/como-reconocer-y-reaccionar-ante-un-golpe-de-calor\/","name":"\u00bfC\u00f3mo reconocer y reaccionar ante un Golpe de Calor? - Conecta Mutual - Trabajadores","isPartOf":{"@id":"https:\/\/conectamutual.cl\/trabajadores\/#website"},"primaryImageOfPage":{"@id":"https:\/\/conectamutual.cl\/trabajadores\/prevencion-bienestar\/como-reconocer-y-reaccionar-ante-un-golpe-de-calor\/#primaryimage"},"image":{"@id":"https:\/\/conectamutual.cl\/trabajadores\/prevencion-bienestar\/como-reconocer-y-reaccionar-ante-un-golpe-de-calor\/#primaryimage"},"thumbnailUrl":"https:\/\/conectamutual.cl\/trabajadores\/wp-content\/uploads\/2024\/01\/Articulo-72-Ilustracion-Consejos-para-enfrentar-golpes-de-calor.png","datePublished":"2024-01-28T23:21:23+00:00","dateModified":"2024-04-11T20:23:12+00:00","author":{"@id":"https:\/\/conectamutual.cl\/trabajadores\/#\/schema\/person\/586d0edb9c9c483372bf7fac34c27752"},"breadcrumb":{"@id":"https:\/\/conectamutual.cl\/trabajadores\/prevencion-bienestar\/como-reconocer-y-reaccionar-ante-un-golpe-de-calor\/#breadcrumb"},"inLanguage":"es","potentialAction":[{"@type":"ReadAction","target":["https:\/\/conectamutual.cl\/trabajadores\/prevencion-bienestar\/como-reconocer-y-reaccionar-ante-un-golpe-de-calor\/"]}]},{"@type":"ImageObject","inLanguage":"es","@id":"https:\/\/conectamutual.cl\/trabajadores\/prevencion-bienestar\/como-reconocer-y-reaccionar-ante-un-golpe-de-calor\/#primaryimage","url":"https:\/\/conectamutual.cl\/trabajadores\/wp-content\/uploads\/2024\/01\/Articulo-72-Ilustracion-Consejos-para-enfrentar-golpes-de-calor.png","contentUrl":"https:\/\/conectamutual.cl\/trabajadores\/wp-content\/uploads\/2024\/01\/Articulo-72-Ilustracion-Consejos-para-enfrentar-golpes-de-calor.png","width":1563,"height":1489},{"@type":"BreadcrumbList","@id":"https:\/\/conectamutual.cl\/trabajadores\/prevencion-bienestar\/como-reconocer-y-reaccionar-ante-un-golpe-de-calor\/#breadcrumb","itemListElement":[{"@type":"ListItem","position":1,"name":"Portada","item":"https:\/\/conectamutual.cl\/trabajadores\/"},{"@type":"ListItem","position":2,"name":"\u00bfC\u00f3mo reconocer y reaccionar ante un Golpe de Calor?"}]},{"@type":"WebSite","@id":"https:\/\/conectamutual.cl\/trabajadores\/#website","url":"https:\/\/conectamutual.cl\/trabajadores\/","name":"Conecta Mutual - Trabajadores","description":"","potentialAction":[{"@type":"SearchAction","target":{"@type":"EntryPoint","urlTemplate":"https:\/\/conectamutual.cl\/trabajadores\/?s={search_term_string}"},"query-input":"required name=search_term_string"}],"inLanguage":"es"},{"@type":"Person","@id":"https:\/\/conectamutual.cl\/trabajadores\/#\/schema\/person\/586d0edb9c9c483372bf7fac34c27752","name":"Conecta Mutual","image":{"@type":"ImageObject","inLanguage":"es","@id":"https:\/\/conectamutual.cl\/trabajadores\/#\/schema\/person\/image\/","url":"https:\/\/secure.gravatar.com\/avatar\/39684215b150e64c12930c5e433c9fe14f8836f4f99f3ecf836ac80b3404d290?s=96&d=mm&r=g","contentUrl":"https:\/\/secure.gravatar.com\/avatar\/39684215b150e64c12930c5e433c9fe14f8836f4f99f3ecf836ac80b3404d290?s=96&d=mm&r=g","caption":"Conecta Mutual"},"url":"https:\/\/conectamutual.cl\/trabajadores\/author\/conectamutual\/"}]}},"_links":{"self":[{"href":"https:\/\/conectamutual.cl\/trabajadores\/wp-json\/wp\/v2\/posts\/1090","targetHints":{"allow":["GET"]}}],"collection":[{"href":"https:\/\/conectamutual.cl\/trabajadores\/wp-json\/wp\/v2\/posts"}],"about":[{"href":"https:\/\/conectamutual.cl\/trabajadores\/wp-json\/wp\/v2\/types\/post"}],"author":[{"embeddable":true,"href":"https:\/\/conectamutual.cl\/trabajadores\/wp-json\/wp\/v2\/users\/4"}],"replies":[{"embeddable":true,"href":"https:\/\/conectamutual.cl\/trabajadores\/wp-json\/wp\/v2\/comments?post=1090"}],"version-history":[{"count":3,"href":"https:\/\/conectamutual.cl\/trabajadores\/wp-json\/wp\/v2\/posts\/1090\/revisions"}],"predecessor-version":[{"id":1095,"href":"https:\/\/conectamutual.cl\/trabajadores\/wp-json\/wp\/v2\/posts\/1090\/revisions\/1095"}],"wp:featuredmedia":[{"embeddable":true,"href":"https:\/\/conectamutual.cl\/trabajadores\/wp-json\/wp\/v2\/media\/1093"}],"wp:attachment":[{"href":"https:\/\/conectamutual.cl\/trabajadores\/wp-json\/wp\/v2\/media?parent=1090"}],"wp:term":[{"taxonomy":"category","embeddable":true,"href":"https:\/\/conectamutual.cl\/trabajadores\/wp-json\/wp\/v2\/categories?post=1090"},{"taxonomy":"post_tag","embeddable":true,"href":"https:\/\/conectamutual.cl\/trabajadores\/wp-json\/wp\/v2\/tags?post=1090"}],"curies":[{"name":"wp","href":"https:\/\/api.w.org\/{rel}","templated":true}]}}