{"id":764,"date":"2023-07-21T21:18:54","date_gmt":"2023-07-21T21:18:54","guid":{"rendered":"https:\/\/conectamutual.cl\/trabajadores\/?p=764"},"modified":"2023-07-21T22:07:43","modified_gmt":"2023-07-21T22:07:43","slug":"revisa-aqui-los-bonos-y-subsidios-del-segundo-semestre-de-2023-una-guia-practica","status":"publish","type":"post","link":"https:\/\/conectamutual.cl\/trabajadores\/datos-utiles\/revisa-aqui-los-bonos-y-subsidios-del-segundo-semestre-de-2023-una-guia-practica\/","title":{"rendered":"Revisa aqu\u00ed los Bonos y Subsidios del segundo semestre de 2023: una Gu\u00eda Pr\u00e1ctica"},"content":{"rendered":"<p>[et_pb_section fb_built=\u00bb1&#8243; _builder_version=\u00bb4.20.2&#8243; _module_preset=\u00bbdefault\u00bb custom_padding=\u00bb3px||12px|||\u00bb global_colors_info=\u00bb{}\u00bb][et_pb_row column_structure=\u00bb1_2,1_2&#8243; _builder_version=\u00bb4.20.2&#8243; _module_preset=\u00bbdefault\u00bb global_colors_info=\u00bb{}\u00bb][et_pb_column type=\u00bb1_2&#8243; _builder_version=\u00bb4.20.2&#8243; _module_preset=\u00bbdefault\u00bb global_colors_info=\u00bb{}\u00bb][et_pb_image src=\u00bbhttps:\/\/conectamutual.cl\/trabajadores\/wp-content\/uploads\/2023\/03\/logo-Espacio-Trabajadores-separados-12.png\u00bb title_text=\u00bblogo-Espacio-Trabajadores-separados-12&#8243; align=\u00bbcenter\u00bb _builder_version=\u00bb4.20.2&#8243; _module_preset=\u00bbdefault\u00bb width=\u00bb57%\u00bb width_tablet=\u00bb57%\u00bb width_phone=\u00bb99%\u00bb width_last_edited=\u00bbon|phone\u00bb max_width=\u00bb91%\u00bb module_alignment=\u00bbcenter\u00bb min_height_tablet=\u00bb\u00bb min_height_phone=\u00bb\u00bb min_height_last_edited=\u00bbon|desktop\u00bb global_colors_info=\u00bb{}\u00bb][\/et_pb_image][\/et_pb_column][et_pb_column type=\u00bb1_2&#8243; _builder_version=\u00bb4.20.2&#8243; _module_preset=\u00bbdefault\u00bb global_colors_info=\u00bb{}\u00bb][et_pb_image src=\u00bbhttps:\/\/conectamutual.cl\/trabajadores\/wp-content\/uploads\/2023\/03\/logo-Espacio-Trabajadores-separados-11.png\u00bb title_text=\u00bblogo-Espacio-Trabajadores-separados-11&#8243; align=\u00bbcenter\u00bb _builder_version=\u00bb4.20.2&#8243; _module_preset=\u00bbdefault\u00bb width=\u00bb62%\u00bb width_tablet=\u00bb62%\u00bb width_phone=\u00bb100%\u00bb width_last_edited=\u00bbon|phone\u00bb max_width=\u00bb90%\u00bb module_alignment=\u00bbcenter\u00bb custom_margin=\u00bb25px||||false|false\u00bb module_alignment_tablet=\u00bbcenter\u00bb module_alignment_phone=\u00bbcenter\u00bb module_alignment_last_edited=\u00bbon|desktop\u00bb global_colors_info=\u00bb{}\u00bb][\/et_pb_image][\/et_pb_column][\/et_pb_row][\/et_pb_section][et_pb_section fb_built=\u00bb1&#8243; _builder_version=\u00bb4.20.2&#8243; _module_preset=\u00bbdefault\u00bb background_color=\u00bb#ede2f1&#8243; custom_padding=\u00bb0px||0px|||\u00bb global_colors_info=\u00bb{}\u00bb][et_pb_row _builder_version=\u00bb4.20.2&#8243; _module_preset=\u00bbdefault\u00bb global_colors_info=\u00bb{}\u00bb][et_pb_column type=\u00bb4_4&#8243; _builder_version=\u00bb4.20.2&#8243; _module_preset=\u00bbdefault\u00bb global_colors_info=\u00bb{}\u00bb][et_pb_image src=\u00bbhttps:\/\/conectamutual.cl\/trabajadores\/wp-content\/uploads\/2023\/03\/Graf-Categorias-03.png\u00bb title_text=\u00bbGraf Categori\u0301as-03&#8243; _builder_version=\u00bb4.20.2&#8243; _module_preset=\u00bbdefault\u00bb width=\u00bb47%\u00bb width_tablet=\u00bb60%\u00bb width_phone=\u00bb100%\u00bb width_last_edited=\u00bbon|phone\u00bb custom_margin=\u00bb0px||0px||false|false\u00bb custom_margin_tablet=\u00bb0px||0px||false|false\u00bb custom_margin_phone=\u00bb20px||20px||false|false\u00bb custom_margin_last_edited=\u00bbon|phone\u00bb global_colors_info=\u00bb{}\u00bb][\/et_pb_image][\/et_pb_column][\/et_pb_row][\/et_pb_section][et_pb_section fb_built=\u00bb1&#8243; _builder_version=\u00bb4.20.2&#8243; _module_preset=\u00bbdefault\u00bb background_color=\u00bbrgba(240,238,228,0.34)\u00bb custom_padding=\u00bb42px||1px|||\u00bb global_colors_info=\u00bb{}\u00bb][et_pb_row column_structure=\u00bb2_5,3_5&#8243; _builder_version=\u00bb4.16&#8243; _module_preset=\u00bbdefault\u00bb custom_margin=\u00bb-65px|auto||auto||\u00bb custom_padding=\u00bb26px||5px|||\u00bb global_colors_info=\u00bb{}\u00bb][et_pb_column type=\u00bb2_5&#8243; _builder_version=\u00bb4.16&#8243; _module_preset=\u00bbdefault\u00bb global_colors_info=\u00bb{}\u00bb][et_pb_post_title comments=\u00bboff\u00bb featured_image=\u00bboff\u00bb _builder_version=\u00bb4.20.2&#8243; _module_preset=\u00bbdefault\u00bb title_level=\u00bbh2&#8243; title_font=\u00bbMontserrat|700|||||||\u00bb title_text_align=\u00bbright\u00bb title_text_color=\u00bb#c4d600&#8243; title_font_size=\u00bb43px\u00bb title_line_height=\u00bb1.1em\u00bb meta_font=\u00bbMontserrat||||||||\u00bb meta_text_align=\u00bbright\u00bb meta_font_size=\u00bb12px\u00bb custom_margin=\u00bb63px||||false|false\u00bb title_font_size_tablet=\u00bb\u00bb title_font_size_phone=\u00bb30px\u00bb title_font_size_last_edited=\u00bbon|phone\u00bb meta_font_size_tablet=\u00bb\u00bb meta_font_size_phone=\u00bb10px\u00bb meta_font_size_last_edited=\u00bbon|phone\u00bb global_colors_info=\u00bb{}\u00bb][\/et_pb_post_title][et_pb_text _builder_version=\u00bb4.20.2&#8243; _module_preset=\u00bbdefault\u00bb header_4_font=\u00bb|600|on||||||\u00bb header_4_text_color=\u00bb#7f7f7f\u00bb header_4_font_size=\u00bb16px\u00bb header_4_line_height=\u00bb1.9em\u00bb custom_padding=\u00bb0px|||||\u00bb global_colors_info=\u00bb{}\u00bb]<\/p>\n<h4 style=\"text-align: right;\"><em><strong>Mira aqu\u00ed los beneficios que estar\u00e1n disponibles en este segundo semestre.<\/strong><\/em><\/h4>\n<p>[\/et_pb_text][\/et_pb_column][et_pb_column type=\u00bb3_5&#8243; _builder_version=\u00bb4.16&#8243; _module_preset=\u00bbdefault\u00bb global_colors_info=\u00bb{}\u00bb][et_pb_image src=\u00bbhttps:\/\/conectamutual.cl\/trabajadores\/wp-content\/uploads\/2023\/07\/Articulo-40-Bonos-segundo-semestre.png\u00bb title_text=\u00bbArti\u0301culo 40 &#8211; Bonos segundo semestre\u00bb _builder_version=\u00bb4.20.2&#8243; _module_preset=\u00bbdefault\u00bb width=\u00bb71%\u00bb module_alignment=\u00bbleft\u00bb custom_margin=\u00bb74px||||false|false\u00bb custom_margin_tablet=\u00bb47px||||false|false\u00bb custom_margin_phone=\u00bb5px||10px||false|false\u00bb custom_margin_last_edited=\u00bbon|desktop\u00bb hover_enabled=\u00bb0&#8243; global_colors_info=\u00bb{}\u00bb custom_margin__hover_enabled=\u00bbon|desktop\u00bb custom_margin__hover=\u00bb47px||||false|false\u00bb sticky_enabled=\u00bb0&#8243;][\/et_pb_image][\/et_pb_column][\/et_pb_row][\/et_pb_section][et_pb_section fb_built=\u00bb1&#8243; _builder_version=\u00bb4.18.0&#8243; _module_preset=\u00bbdefault\u00bb custom_padding=\u00bb0px|||||\u00bb global_colors_info=\u00bb{}\u00bb][et_pb_row column_structure=\u00bb2_3,1_3&#8243; _builder_version=\u00bb4.20.2&#8243; _module_preset=\u00bbdefault\u00bb custom_padding=\u00bb54px|||||\u00bb global_colors_info=\u00bb{}\u00bb][et_pb_column type=\u00bb2_3&#8243; _builder_version=\u00bb4.18.0&#8243; _module_preset=\u00bbdefault\u00bb global_colors_info=\u00bb{}\u00bb][et_pb_text ol_item_indent=\u00bb8px\u00bb _builder_version=\u00bb4.20.2&#8243; _module_preset=\u00bbdefault\u00bb text_line_height=\u00bb2.1em\u00bb ol_font=\u00bb|700|||||||\u00bb ol_line_height=\u00bb2.3em\u00bb text_font_size_tablet=\u00bb\u00bb text_font_size_phone=\u00bb17px\u00bb text_font_size_last_edited=\u00bbon|phone\u00bb global_colors_info=\u00bb{}\u00bb]<\/p>\n<blockquote>\n<p><span style=\"font-weight: 400;\">Como parte de su compromiso con el bienestar de las personas, el Estado ofrece una serie de <\/span><b>bonos y subsidios que apuntan a apoyar econ\u00f3micamente a familias, mujeres, j\u00f3venes, trabajadores, estudiantes, adultos mayores y pensionados<\/b><span style=\"font-weight: 400;\">. <\/span><\/p>\n<\/blockquote>\n<p><span style=\"font-weight: 400;\">Con el inicio del segundo semestre de 2023, vienen una serie de oportunidades a las que podr\u00edas tener derecho a una ayuda estatal. \u00a1Ac\u00e1 te las presentamos!<\/span><\/p>\n<h3><b>LOS BENEFICIOS DEL SEGUNDO SEMESTRE<\/b><\/h3>\n<p><span style=\"font-weight: 400;\">Entre los subsidios disponibles desde julio hasta diciembre de 2023, encontramos:<\/span><\/p>\n<ol>\n<li style=\"font-weight: 400;\" aria-level=\"1\"><b>IFE Laboral:<\/b><span style=\"font-weight: 400;\"> \u00bfHas firmado un contrato de trabajo recientemente? Si cumpliste un mes desempleado, puedes acceder a este subsidio de hasta $300 mil al mes hasta agosto.<\/span><\/li>\n<li style=\"font-weight: 400;\" aria-level=\"1\"><b>Ingreso M\u00ednimo Garantizado:<\/b><span style=\"font-weight: 400;\"> Asegura un sueldo l\u00edquido de $379.793 al mes, si trabajas entre 30 y 45 horas semanales y tu sueldo bruto es menor a $497.272.<\/span><\/li>\n<li style=\"font-weight: 400;\" aria-level=\"1\"><b>Subsidio Protege:<\/b><span style=\"font-weight: 400;\"> Para quienes tienen el cuidado de ni\u00f1os menores de 2 a\u00f1os o de hasta 5 a\u00f1os y no cuentan con sala cuna garantizada por su empleador. Este subsidio ofrece $200.000 durante tres meses.<\/span><\/li>\n<li style=\"font-weight: 400;\" aria-level=\"1\"><b>Bolsillo Familiar Electr\u00f3nico:<\/b><span style=\"font-weight: 400;\"> \u00a1Un plus para tus compras de alimentos! Este subsidio otorga $13.500 mensuales por carga familiar hasta diciembre.<\/span><\/li>\n<li style=\"font-weight: 400;\" aria-level=\"1\"><b>Bono al Trabajo de la Mujer (BTM):<\/b><span style=\"font-weight: 400;\"> Para trabajadoras de 25 a 59 a\u00f1os del 40% de las familias m\u00e1s vulnerables. Pueden escoger entre pagos mensuales o anuales.<\/span><\/li>\n<li style=\"font-weight: 400;\" aria-level=\"1\"><b>Subsidio al Empleo Joven (SEJ):<\/b><span style=\"font-weight: 400;\"> Similar al BTM, pero dirigido a trabajadores de 18 a 24 a\u00f1os.<\/span><\/li>\n<li style=\"font-weight: 400;\" aria-level=\"1\"><b>Bono por Formalizaci\u00f3n:<\/b><span style=\"font-weight: 400;\"> \u00bfReci\u00e9n ingresado al mundo laboral? Este bono ofrece un \u00fanico pago de $269.191.<\/span><\/li>\n<li style=\"font-weight: 400;\" aria-level=\"1\"><b>Bono de Invierno extraordinario:<\/b><span style=\"font-weight: 400;\"> Un beneficio adicional para los adultos mayores de 65 a\u00f1os que cumplan con los requisitos, con un valor de $60.000.<\/span><\/li>\n<li style=\"font-weight: 400;\" aria-level=\"1\"><b>Bonos Bodas de Oro:<\/b><span style=\"font-weight: 400;\"> \u00bfCelebrando 50 a\u00f1os de matrimonio? Este bono ofrece $403.874, repartidos equitativamente entre ambos c\u00f3nyuges.<\/span><\/li>\n<li style=\"font-weight: 400;\" aria-level=\"1\"><b>Bono por Hijo:<\/b><span style=\"font-weight: 400;\"> Beneficio para las madres que se pensionen a los 65 a\u00f1os, biol\u00f3gicas o adoptivas.<\/span><\/li>\n<li style=\"font-weight: 400;\" aria-level=\"1\"><b>Bono de Reconocimiento:<\/b><span style=\"font-weight: 400;\"> Para trabajadores que cambiaron del antiguo sistema de pensiones a las AFP.<\/span><\/li>\n<\/ol>\n<p><span style=\"font-weight: 400;\">Y muchos m\u00e1s, entre los que se incluyen el Bono Control Ni\u00f1o Sano, Bono de Protecci\u00f3n, Bono Base Familiar, Bono Logro Escolar, Bono por Asistencia Escolar, Bono de Graduaci\u00f3n Cuarto Medio, Aguinaldos, Subsidio \u00danico Familiar, Asignaci\u00f3n Familiar y Asignaci\u00f3n Maternal.<\/span><\/p>\n<p><span style=\"font-weight: 400;\">En resumen, el Estado ofrece una variedad de bonos y subsidios para apoyar a los ciudadanos en diversas etapas de su vida y situaciones socioecon\u00f3micas. En tiempos inciertos, cada ayuda cuenta y es importante saber que hay apoyo disponible para ti y tu familia. \u00a1Que el segundo semestre del 2023 est\u00e9 lleno de esperanza y oportunidades para todos!\u00a0<\/span><\/p>\n<p><strong>Para m\u00e1s informaci\u00f3n visita <a href=\"http:\/\/www.chileatiende.gob.cl\/temas\/bonos\">www.chileatiende.gob.cl\/temas\/bonos<\/a>\u00a0<\/strong><\/p>\n<p>[\/et_pb_text][\/et_pb_column][et_pb_column type=\u00bb1_3&#8243; disabled_on=\u00bbon|on|on\u00bb _builder_version=\u00bb4.20.2&#8243; _module_preset=\u00bbdefault\u00bb background_color=\u00bbrgba(240,238,228,0.43)\u00bb border_radii=\u00bbon|10px|10px|10px|10px\u00bb disabled=\u00bbon\u00bb global_colors_info=\u00bb{}\u00bb][et_pb_image src=\u00bbhttps:\/\/conectamutual.cl\/trabajadores\/wp-content\/uploads\/2023\/03\/Logo-Mutual.png\u00bb title_text=\u00bbLogo Mutual\u00bb _builder_version=\u00bb4.18.0&#8243; _module_preset=\u00bbdefault\u00bb width=\u00bb75%\u00bb module_alignment=\u00bbcenter\u00bb custom_padding=\u00bb21px|||||\u00bb global_colors_info=\u00bb{}\u00bb][\/et_pb_image][et_pb_image src=\u00bbhttps:\/\/conectamutual.cl\/trabajadores\/wp-content\/uploads\/2023\/03\/Captura-de-Pantalla-2023-03-02-a-las-11.22.47.png\u00bb title_text=\u00bbCaptura de Pantalla 2023-03-02 a la(s) 11.22.47&#8243; _builder_version=\u00bb4.18.0&#8243; _module_preset=\u00bbdefault\u00bb width=\u00bb91%\u00bb module_alignment=\u00bbcenter\u00bb custom_padding=\u00bb17px|||||\u00bb global_colors_info=\u00bb{}\u00bb][\/et_pb_image][et_pb_image src=\u00bbhttps:\/\/conectamutual.cl\/trabajadores\/wp-content\/uploads\/2023\/03\/Alo-especialista.png\u00bb title_text=\u00bbAlo especialista\u00bb _builder_version=\u00bb4.18.0&#8243; _module_preset=\u00bbdefault\u00bb custom_margin=\u00bb80px|||||\u00bb custom_padding=\u00bb|10px||10px|false|false\u00bb global_colors_info=\u00bb{}\u00bb][\/et_pb_image][et_pb_blurb title=\u00bbVideo: Dr. Pedro Alfaro nos habla del cuidado con el sol y los rayos U.V.\u00bb image=\u00bbhttps:\/\/conectamutual.cl\/trabajadores\/wp-content\/uploads\/2023\/03\/dostor-video.png\u00bb _builder_version=\u00bb4.18.0&#8243; _module_preset=\u00bbdefault\u00bb header_font=\u00bb|700|||||||\u00bb header_font_size=\u00bb22px\u00bb custom_padding=\u00bb|10px|35px|10px|false|false\u00bb global_colors_info=\u00bb{}\u00bb][\/et_pb_blurb][\/et_pb_column][\/et_pb_row][\/et_pb_section]<\/p>\n","protected":false},"excerpt":{"rendered":"<p>Mira aqu\u00ed los beneficios que estar\u00e1n disponibles en este segundo semestre. Como parte de su compromiso con el bienestar de las personas, el Estado ofrece una serie de bonos y subsidios que apuntan a apoyar econ\u00f3micamente a familias, mujeres, j\u00f3venes, trabajadores, estudiantes, adultos mayores y pensionados. Con el inicio del segundo semestre de 2023, vienen [&hellip;]<\/p>\n","protected":false},"author":1,"featured_media":755,"comment_status":"closed","ping_status":"closed","sticky":false,"template":"","format":"standard","meta":{"_et_pb_use_builder":"on","_et_pb_old_content":"","_et_gb_content_width":"","footnotes":""},"categories":[5],"tags":[],"class_list":["post-764","post","type-post","status-publish","format-standard","has-post-thumbnail","hentry","category-datos-utiles"],"yoast_head":"<!-- This site is optimized with the Yoast SEO plugin v22.4 - https:\/\/yoast.com\/wordpress\/plugins\/seo\/ -->\n<title>Revisa aqu\u00ed los Bonos y Subsidios del segundo semestre de 2023: una Gu\u00eda Pr\u00e1ctica - Conecta Mutual - Trabajadores<\/title>\n<meta name=\"robots\" content=\"index, follow, max-snippet:-1, max-image-preview:large, max-video-preview:-1\" \/>\n<link rel=\"canonical\" href=\"https:\/\/conectamutual.cl\/trabajadores\/datos-utiles\/revisa-aqui-los-bonos-y-subsidios-del-segundo-semestre-de-2023-una-guia-practica\/\" \/>\n<meta property=\"og:locale\" content=\"es_ES\" \/>\n<meta property=\"og:type\" content=\"article\" \/>\n<meta property=\"og:title\" content=\"Revisa aqu\u00ed los Bonos y Subsidios del segundo semestre de 2023: una Gu\u00eda Pr\u00e1ctica - Conecta Mutual - Trabajadores\" \/>\n<meta property=\"og:description\" content=\"Mira aqu\u00ed los beneficios que estar\u00e1n disponibles en este segundo semestre. Como parte de su compromiso con el bienestar de las personas, el Estado ofrece una serie de bonos y subsidios que apuntan a apoyar econ\u00f3micamente a familias, mujeres, j\u00f3venes, trabajadores, estudiantes, adultos mayores y pensionados. Con el inicio del segundo semestre de 2023, vienen [&hellip;]\" \/>\n<meta property=\"og:url\" content=\"https:\/\/conectamutual.cl\/trabajadores\/datos-utiles\/revisa-aqui-los-bonos-y-subsidios-del-segundo-semestre-de-2023-una-guia-practica\/\" \/>\n<meta property=\"og:site_name\" content=\"Conecta Mutual - Trabajadores\" \/>\n<meta property=\"article:published_time\" content=\"2023-07-21T21:18:54+00:00\" \/>\n<meta property=\"article:modified_time\" content=\"2023-07-21T22:07:43+00:00\" \/>\n<meta property=\"og:image\" content=\"https:\/\/conectamutual.cl\/trabajadores\/wp-content\/uploads\/2023\/07\/Articulo-40-Bonos-segundo-semestre.png\" \/>\n\t<meta property=\"og:image:width\" content=\"1563\" \/>\n\t<meta property=\"og:image:height\" content=\"1484\" \/>\n\t<meta property=\"og:image:type\" content=\"image\/png\" \/>\n<meta name=\"author\" content=\"Espacio Mutuo\" \/>\n<meta name=\"twitter:card\" content=\"summary_large_image\" \/>\n<meta name=\"twitter:label1\" content=\"Escrito por\" \/>\n\t<meta name=\"twitter:data1\" content=\"Espacio Mutuo\" \/>\n<script type=\"application\/ld+json\" class=\"yoast-schema-graph\">{\"@context\":\"https:\/\/schema.org\",\"@graph\":[{\"@type\":\"WebPage\",\"@id\":\"https:\/\/conectamutual.cl\/trabajadores\/datos-utiles\/revisa-aqui-los-bonos-y-subsidios-del-segundo-semestre-de-2023-una-guia-practica\/\",\"url\":\"https:\/\/conectamutual.cl\/trabajadores\/datos-utiles\/revisa-aqui-los-bonos-y-subsidios-del-segundo-semestre-de-2023-una-guia-practica\/\",\"name\":\"Revisa aqu\u00ed los Bonos y Subsidios del segundo semestre de 2023: una Gu\u00eda Pr\u00e1ctica - Conecta Mutual - Trabajadores\",\"isPartOf\":{\"@id\":\"https:\/\/conectamutual.cl\/trabajadores\/#website\"},\"primaryImageOfPage\":{\"@id\":\"https:\/\/conectamutual.cl\/trabajadores\/datos-utiles\/revisa-aqui-los-bonos-y-subsidios-del-segundo-semestre-de-2023-una-guia-practica\/#primaryimage\"},\"image\":{\"@id\":\"https:\/\/conectamutual.cl\/trabajadores\/datos-utiles\/revisa-aqui-los-bonos-y-subsidios-del-segundo-semestre-de-2023-una-guia-practica\/#primaryimage\"},\"thumbnailUrl\":\"https:\/\/conectamutual.cl\/trabajadores\/wp-content\/uploads\/2023\/07\/Articulo-40-Bonos-segundo-semestre.png\",\"datePublished\":\"2023-07-21T21:18:54+00:00\",\"dateModified\":\"2023-07-21T22:07:43+00:00\",\"author\":{\"@id\":\"https:\/\/conectamutual.cl\/trabajadores\/#\/schema\/person\/7e847879078c5ae3d0897e3588fbde1d\"},\"breadcrumb\":{\"@id\":\"https:\/\/conectamutual.cl\/trabajadores\/datos-utiles\/revisa-aqui-los-bonos-y-subsidios-del-segundo-semestre-de-2023-una-guia-practica\/#breadcrumb\"},\"inLanguage\":\"es\",\"potentialAction\":[{\"@type\":\"ReadAction\",\"target\":[\"https:\/\/conectamutual.cl\/trabajadores\/datos-utiles\/revisa-aqui-los-bonos-y-subsidios-del-segundo-semestre-de-2023-una-guia-practica\/\"]}]},{\"@type\":\"ImageObject\",\"inLanguage\":\"es\",\"@id\":\"https:\/\/conectamutual.cl\/trabajadores\/datos-utiles\/revisa-aqui-los-bonos-y-subsidios-del-segundo-semestre-de-2023-una-guia-practica\/#primaryimage\",\"url\":\"https:\/\/conectamutual.cl\/trabajadores\/wp-content\/uploads\/2023\/07\/Articulo-40-Bonos-segundo-semestre.png\",\"contentUrl\":\"https:\/\/conectamutual.cl\/trabajadores\/wp-content\/uploads\/2023\/07\/Articulo-40-Bonos-segundo-semestre.png\",\"width\":1563,\"height\":1484},{\"@type\":\"BreadcrumbList\",\"@id\":\"https:\/\/conectamutual.cl\/trabajadores\/datos-utiles\/revisa-aqui-los-bonos-y-subsidios-del-segundo-semestre-de-2023-una-guia-practica\/#breadcrumb\",\"itemListElement\":[{\"@type\":\"ListItem\",\"position\":1,\"name\":\"Portada\",\"item\":\"https:\/\/conectamutual.cl\/trabajadores\/\"},{\"@type\":\"ListItem\",\"position\":2,\"name\":\"Revisa aqu\u00ed los Bonos y Subsidios del segundo semestre de 2023: una Gu\u00eda Pr\u00e1ctica\"}]},{\"@type\":\"WebSite\",\"@id\":\"https:\/\/conectamutual.cl\/trabajadores\/#website\",\"url\":\"https:\/\/conectamutual.cl\/trabajadores\/\",\"name\":\"Conecta Mutual - Trabajadores\",\"description\":\"\",\"potentialAction\":[{\"@type\":\"SearchAction\",\"target\":{\"@type\":\"EntryPoint\",\"urlTemplate\":\"https:\/\/conectamutual.cl\/trabajadores\/?s={search_term_string}\"},\"query-input\":\"required name=search_term_string\"}],\"inLanguage\":\"es\"},{\"@type\":\"Person\",\"@id\":\"https:\/\/conectamutual.cl\/trabajadores\/#\/schema\/person\/7e847879078c5ae3d0897e3588fbde1d\",\"name\":\"Espacio Mutuo\",\"image\":{\"@type\":\"ImageObject\",\"inLanguage\":\"es\",\"@id\":\"https:\/\/conectamutual.cl\/trabajadores\/#\/schema\/person\/image\/\",\"url\":\"https:\/\/secure.gravatar.com\/avatar\/90d8821e32539b0b143885ed6e3a2e98f19e8a62b1e68e9d4539841a6aa1cf27?s=96&d=mm&r=g\",\"contentUrl\":\"https:\/\/secure.gravatar.com\/avatar\/90d8821e32539b0b143885ed6e3a2e98f19e8a62b1e68e9d4539841a6aa1cf27?s=96&d=mm&r=g\",\"caption\":\"Espacio Mutuo\"},\"sameAs\":[\"http:\/\/conectamutual.cl\/trabajadores\"],\"url\":\"https:\/\/conectamutual.cl\/trabajadores\/author\/admin-emutuo\/\"}]}<\/script>\n<!-- \/ Yoast SEO plugin. -->","yoast_head_json":{"title":"Revisa aqu\u00ed los Bonos y Subsidios del segundo semestre de 2023: una Gu\u00eda Pr\u00e1ctica - Conecta Mutual - Trabajadores","robots":{"index":"index","follow":"follow","max-snippet":"max-snippet:-1","max-image-preview":"max-image-preview:large","max-video-preview":"max-video-preview:-1"},"canonical":"https:\/\/conectamutual.cl\/trabajadores\/datos-utiles\/revisa-aqui-los-bonos-y-subsidios-del-segundo-semestre-de-2023-una-guia-practica\/","og_locale":"es_ES","og_type":"article","og_title":"Revisa aqu\u00ed los Bonos y Subsidios del segundo semestre de 2023: una Gu\u00eda Pr\u00e1ctica - Conecta Mutual - Trabajadores","og_description":"Mira aqu\u00ed los beneficios que estar\u00e1n disponibles en este segundo semestre. Como parte de su compromiso con el bienestar de las personas, el Estado ofrece una serie de bonos y subsidios que apuntan a apoyar econ\u00f3micamente a familias, mujeres, j\u00f3venes, trabajadores, estudiantes, adultos mayores y pensionados. Con el inicio del segundo semestre de 2023, vienen [&hellip;]","og_url":"https:\/\/conectamutual.cl\/trabajadores\/datos-utiles\/revisa-aqui-los-bonos-y-subsidios-del-segundo-semestre-de-2023-una-guia-practica\/","og_site_name":"Conecta Mutual - Trabajadores","article_published_time":"2023-07-21T21:18:54+00:00","article_modified_time":"2023-07-21T22:07:43+00:00","og_image":[{"width":1563,"height":1484,"url":"https:\/\/conectamutual.cl\/trabajadores\/wp-content\/uploads\/2023\/07\/Articulo-40-Bonos-segundo-semestre.png","type":"image\/png"}],"author":"Espacio Mutuo","twitter_card":"summary_large_image","twitter_misc":{"Escrito por":"Espacio Mutuo"},"schema":{"@context":"https:\/\/schema.org","@graph":[{"@type":"WebPage","@id":"https:\/\/conectamutual.cl\/trabajadores\/datos-utiles\/revisa-aqui-los-bonos-y-subsidios-del-segundo-semestre-de-2023-una-guia-practica\/","url":"https:\/\/conectamutual.cl\/trabajadores\/datos-utiles\/revisa-aqui-los-bonos-y-subsidios-del-segundo-semestre-de-2023-una-guia-practica\/","name":"Revisa aqu\u00ed los Bonos y Subsidios del segundo semestre de 2023: una Gu\u00eda Pr\u00e1ctica - Conecta Mutual - Trabajadores","isPartOf":{"@id":"https:\/\/conectamutual.cl\/trabajadores\/#website"},"primaryImageOfPage":{"@id":"https:\/\/conectamutual.cl\/trabajadores\/datos-utiles\/revisa-aqui-los-bonos-y-subsidios-del-segundo-semestre-de-2023-una-guia-practica\/#primaryimage"},"image":{"@id":"https:\/\/conectamutual.cl\/trabajadores\/datos-utiles\/revisa-aqui-los-bonos-y-subsidios-del-segundo-semestre-de-2023-una-guia-practica\/#primaryimage"},"thumbnailUrl":"https:\/\/conectamutual.cl\/trabajadores\/wp-content\/uploads\/2023\/07\/Articulo-40-Bonos-segundo-semestre.png","datePublished":"2023-07-21T21:18:54+00:00","dateModified":"2023-07-21T22:07:43+00:00","author":{"@id":"https:\/\/conectamutual.cl\/trabajadores\/#\/schema\/person\/7e847879078c5ae3d0897e3588fbde1d"},"breadcrumb":{"@id":"https:\/\/conectamutual.cl\/trabajadores\/datos-utiles\/revisa-aqui-los-bonos-y-subsidios-del-segundo-semestre-de-2023-una-guia-practica\/#breadcrumb"},"inLanguage":"es","potentialAction":[{"@type":"ReadAction","target":["https:\/\/conectamutual.cl\/trabajadores\/datos-utiles\/revisa-aqui-los-bonos-y-subsidios-del-segundo-semestre-de-2023-una-guia-practica\/"]}]},{"@type":"ImageObject","inLanguage":"es","@id":"https:\/\/conectamutual.cl\/trabajadores\/datos-utiles\/revisa-aqui-los-bonos-y-subsidios-del-segundo-semestre-de-2023-una-guia-practica\/#primaryimage","url":"https:\/\/conectamutual.cl\/trabajadores\/wp-content\/uploads\/2023\/07\/Articulo-40-Bonos-segundo-semestre.png","contentUrl":"https:\/\/conectamutual.cl\/trabajadores\/wp-content\/uploads\/2023\/07\/Articulo-40-Bonos-segundo-semestre.png","width":1563,"height":1484},{"@type":"BreadcrumbList","@id":"https:\/\/conectamutual.cl\/trabajadores\/datos-utiles\/revisa-aqui-los-bonos-y-subsidios-del-segundo-semestre-de-2023-una-guia-practica\/#breadcrumb","itemListElement":[{"@type":"ListItem","position":1,"name":"Portada","item":"https:\/\/conectamutual.cl\/trabajadores\/"},{"@type":"ListItem","position":2,"name":"Revisa aqu\u00ed los Bonos y Subsidios del segundo semestre de 2023: una Gu\u00eda Pr\u00e1ctica"}]},{"@type":"WebSite","@id":"https:\/\/conectamutual.cl\/trabajadores\/#website","url":"https:\/\/conectamutual.cl\/trabajadores\/","name":"Conecta Mutual - Trabajadores","description":"","potentialAction":[{"@type":"SearchAction","target":{"@type":"EntryPoint","urlTemplate":"https:\/\/conectamutual.cl\/trabajadores\/?s={search_term_string}"},"query-input":"required name=search_term_string"}],"inLanguage":"es"},{"@type":"Person","@id":"https:\/\/conectamutual.cl\/trabajadores\/#\/schema\/person\/7e847879078c5ae3d0897e3588fbde1d","name":"Espacio Mutuo","image":{"@type":"ImageObject","inLanguage":"es","@id":"https:\/\/conectamutual.cl\/trabajadores\/#\/schema\/person\/image\/","url":"https:\/\/secure.gravatar.com\/avatar\/90d8821e32539b0b143885ed6e3a2e98f19e8a62b1e68e9d4539841a6aa1cf27?s=96&d=mm&r=g","contentUrl":"https:\/\/secure.gravatar.com\/avatar\/90d8821e32539b0b143885ed6e3a2e98f19e8a62b1e68e9d4539841a6aa1cf27?s=96&d=mm&r=g","caption":"Espacio Mutuo"},"sameAs":["http:\/\/conectamutual.cl\/trabajadores"],"url":"https:\/\/conectamutual.cl\/trabajadores\/author\/admin-emutuo\/"}]}},"_links":{"self":[{"href":"https:\/\/conectamutual.cl\/trabajadores\/wp-json\/wp\/v2\/posts\/764","targetHints":{"allow":["GET"]}}],"collection":[{"href":"https:\/\/conectamutual.cl\/trabajadores\/wp-json\/wp\/v2\/posts"}],"about":[{"href":"https:\/\/conectamutual.cl\/trabajadores\/wp-json\/wp\/v2\/types\/post"}],"author":[{"embeddable":true,"href":"https:\/\/conectamutual.cl\/trabajadores\/wp-json\/wp\/v2\/users\/1"}],"replies":[{"embeddable":true,"href":"https:\/\/conectamutual.cl\/trabajadores\/wp-json\/wp\/v2\/comments?post=764"}],"version-history":[{"count":6,"href":"https:\/\/conectamutual.cl\/trabajadores\/wp-json\/wp\/v2\/posts\/764\/revisions"}],"predecessor-version":[{"id":779,"href":"https:\/\/conectamutual.cl\/trabajadores\/wp-json\/wp\/v2\/posts\/764\/revisions\/779"}],"wp:featuredmedia":[{"embeddable":true,"href":"https:\/\/conectamutual.cl\/trabajadores\/wp-json\/wp\/v2\/media\/755"}],"wp:attachment":[{"href":"https:\/\/conectamutual.cl\/trabajadores\/wp-json\/wp\/v2\/media?parent=764"}],"wp:term":[{"taxonomy":"category","embeddable":true,"href":"https:\/\/conectamutual.cl\/trabajadores\/wp-json\/wp\/v2\/categories?post=764"},{"taxonomy":"post_tag","embeddable":true,"href":"https:\/\/conectamutual.cl\/trabajadores\/wp-json\/wp\/v2\/tags?post=764"}],"curies":[{"name":"wp","href":"https:\/\/api.w.org\/{rel}","templated":true}]}}