{"id":887,"date":"2023-10-04T18:23:52","date_gmt":"2023-10-04T18:23:52","guid":{"rendered":"https:\/\/conectamutual.cl\/trabajadores\/?p=887"},"modified":"2023-10-04T18:37:21","modified_gmt":"2023-10-04T18:37:21","slug":"descubre-como-lo-que-comes-puede-mejorar-tu-sueno-y-bienestar","status":"publish","type":"post","link":"https:\/\/conectamutual.cl\/trabajadores\/prevencion-bienestar\/descubre-como-lo-que-comes-puede-mejorar-tu-sueno-y-bienestar\/","title":{"rendered":"Descubre c\u00f3mo lo que comes puede mejorar tu sue\u00f1o y bienestar"},"content":{"rendered":"<p>[et_pb_section fb_built=\u00bb1&#8243; _builder_version=\u00bb4.20.2&#8243; _module_preset=\u00bbdefault\u00bb custom_padding=\u00bb3px||12px|||\u00bb global_colors_info=\u00bb{}\u00bb][et_pb_row column_structure=\u00bb1_2,1_2&#8243; _builder_version=\u00bb4.20.2&#8243; _module_preset=\u00bbdefault\u00bb global_colors_info=\u00bb{}\u00bb][et_pb_column type=\u00bb1_2&#8243; _builder_version=\u00bb4.20.2&#8243; _module_preset=\u00bbdefault\u00bb global_colors_info=\u00bb{}\u00bb][et_pb_image src=\u00bbhttps:\/\/conectamutual.cl\/trabajadores\/wp-content\/uploads\/2023\/03\/logo-Espacio-Trabajadores-separados-12.png\u00bb title_text=\u00bblogo-Espacio-Trabajadores-separados-12&#8243; align=\u00bbcenter\u00bb _builder_version=\u00bb4.20.2&#8243; _module_preset=\u00bbdefault\u00bb width=\u00bb57%\u00bb width_tablet=\u00bb57%\u00bb width_phone=\u00bb99%\u00bb width_last_edited=\u00bbon|phone\u00bb max_width=\u00bb91%\u00bb module_alignment=\u00bbcenter\u00bb min_height_tablet=\u00bb\u00bb min_height_phone=\u00bb\u00bb min_height_last_edited=\u00bbon|desktop\u00bb global_colors_info=\u00bb{}\u00bb][\/et_pb_image][\/et_pb_column][et_pb_column type=\u00bb1_2&#8243; _builder_version=\u00bb4.20.2&#8243; _module_preset=\u00bbdefault\u00bb global_colors_info=\u00bb{}\u00bb][et_pb_image src=\u00bbhttps:\/\/conectamutual.cl\/trabajadores\/wp-content\/uploads\/2023\/03\/logo-Espacio-Trabajadores-separados-11.png\u00bb title_text=\u00bblogo-Espacio-Trabajadores-separados-11&#8243; align=\u00bbcenter\u00bb _builder_version=\u00bb4.20.2&#8243; _module_preset=\u00bbdefault\u00bb width=\u00bb62%\u00bb width_tablet=\u00bb62%\u00bb width_phone=\u00bb100%\u00bb width_last_edited=\u00bbon|phone\u00bb max_width=\u00bb90%\u00bb module_alignment=\u00bbcenter\u00bb custom_margin=\u00bb25px||||false|false\u00bb module_alignment_tablet=\u00bbcenter\u00bb module_alignment_phone=\u00bbcenter\u00bb module_alignment_last_edited=\u00bbon|desktop\u00bb global_colors_info=\u00bb{}\u00bb][\/et_pb_image][\/et_pb_column][\/et_pb_row][\/et_pb_section][et_pb_section fb_built=\u00bb1&#8243; _builder_version=\u00bb4.20.2&#8243; _module_preset=\u00bbdefault\u00bb background_color=\u00bb#e6f2e3&#8243; custom_padding=\u00bb0px||0px|||\u00bb global_colors_info=\u00bb{}\u00bb][et_pb_row _builder_version=\u00bb4.20.2&#8243; _module_preset=\u00bbdefault\u00bb global_colors_info=\u00bb{}\u00bb][et_pb_column type=\u00bb4_4&#8243; _builder_version=\u00bb4.20.2&#8243; _module_preset=\u00bbdefault\u00bb global_colors_info=\u00bb{}\u00bb][et_pb_image src=\u00bbhttps:\/\/conectamutual.cl\/trabajadores\/wp-content\/uploads\/2023\/03\/Graf-Categorias-04.png\u00bb title_text=\u00bbGraf Categori\u0301as-04&#8243; _builder_version=\u00bb4.20.2&#8243; _module_preset=\u00bbdefault\u00bb width=\u00bb60%\u00bb width_tablet=\u00bb60%\u00bb width_phone=\u00bb100%\u00bb width_last_edited=\u00bbon|phone\u00bb custom_margin=\u00bb0px||0px||false|false\u00bb custom_margin_tablet=\u00bb0px||0px||false|false\u00bb custom_margin_phone=\u00bb20px||20px||false|false\u00bb custom_margin_last_edited=\u00bbon|phone\u00bb global_colors_info=\u00bb{}\u00bb][\/et_pb_image][\/et_pb_column][\/et_pb_row][\/et_pb_section][et_pb_section fb_built=\u00bb1&#8243; _builder_version=\u00bb4.20.2&#8243; _module_preset=\u00bbdefault\u00bb background_color=\u00bbrgba(240,238,228,0.34)\u00bb custom_padding=\u00bb42px||1px|||\u00bb global_colors_info=\u00bb{}\u00bb][et_pb_row column_structure=\u00bb3_5,2_5&#8243; _builder_version=\u00bb4.16&#8243; _module_preset=\u00bbdefault\u00bb custom_margin=\u00bb-61px|auto||auto||\u00bb custom_padding=\u00bb19px||16px|||\u00bb global_colors_info=\u00bb{}\u00bb][et_pb_column type=\u00bb3_5&#8243; _builder_version=\u00bb4.16&#8243; _module_preset=\u00bbdefault\u00bb global_colors_info=\u00bb{}\u00bb][et_pb_image src=\u00bbhttps:\/\/conectamutual.cl\/trabajadores\/wp-content\/uploads\/2023\/10\/Articulo-54-Ilustracion-Alimentarse-para-descansar.png\u00bb title_text=\u00bbArti\u0301culo 54 &#8211; Ilustracio\u0301n &#8211; Alimentarse para descansar\u00bb _builder_version=\u00bb4.20.2&#8243; _module_preset=\u00bbdefault\u00bb width=\u00bb91%\u00bb module_alignment=\u00bbcenter\u00bb custom_margin=\u00bb14px|||||\u00bb custom_padding=\u00bb7px|||||\u00bb global_colors_info=\u00bb{}\u00bb][\/et_pb_image][\/et_pb_column][et_pb_column type=\u00bb2_5&#8243; _builder_version=\u00bb4.16&#8243; _module_preset=\u00bbdefault\u00bb global_colors_info=\u00bb{}\u00bb][et_pb_post_title comments=\u00bboff\u00bb featured_image=\u00bboff\u00bb _builder_version=\u00bb4.20.2&#8243; _module_preset=\u00bbdefault\u00bb title_level=\u00bbh2&#8243; title_font=\u00bbMontserrat|700|||||||\u00bb title_text_align=\u00bbleft\u00bb title_text_color=\u00bb#c4d600&#8243; title_font_size=\u00bb43px\u00bb title_line_height=\u00bb1.1em\u00bb meta_font=\u00bbMontserrat||||||||\u00bb meta_text_align=\u00bbleft\u00bb meta_font_size=\u00bb12px\u00bb custom_margin=\u00bb38px||||false|false\u00bb title_font_size_tablet=\u00bb\u00bb title_font_size_phone=\u00bb30px\u00bb title_font_size_last_edited=\u00bbon|phone\u00bb meta_font_size_tablet=\u00bb\u00bb meta_font_size_phone=\u00bb10px\u00bb meta_font_size_last_edited=\u00bbon|phone\u00bb global_colors_info=\u00bb{}\u00bb][\/et_pb_post_title][et_pb_text _builder_version=\u00bb4.20.2&#8243; _module_preset=\u00bbdefault\u00bb text_font_size=\u00bb18px\u00bb header_4_font=\u00bb|600|on||||||\u00bb header_4_text_color=\u00bb#7f7f7f\u00bb header_4_font_size=\u00bb16px\u00bb header_4_line_height=\u00bb1.9em\u00bb custom_padding=\u00bb0px|||||\u00bb text_font_size_tablet=\u00bb18px\u00bb text_font_size_phone=\u00bb18px\u00bb text_font_size_last_edited=\u00bbon|desktop\u00bb global_colors_info=\u00bb{}\u00bb]<\/p>\n<p><em><strong>Cada noche, millones de personas luchan por encontrar el sue\u00f1o reparador que necesitan desesperadamente. La falta de sue\u00f1o se ha convertido en un problema com\u00fan en todo el mundo, afectando nuestra salud y bienestar. <\/strong><\/em><\/p>\n<p>[\/et_pb_text][\/et_pb_column][\/et_pb_row][\/et_pb_section][et_pb_section fb_built=\u00bb1&#8243; _builder_version=\u00bb4.18.0&#8243; _module_preset=\u00bbdefault\u00bb custom_padding=\u00bb0px||33px|||\u00bb global_colors_info=\u00bb{}\u00bb][et_pb_row column_structure=\u00bb2_3,1_3&#8243; _builder_version=\u00bb4.20.2&#8243; _module_preset=\u00bbdefault\u00bb custom_padding=\u00bb54px|||||\u00bb global_colors_info=\u00bb{}\u00bb][et_pb_column type=\u00bb2_3&#8243; _builder_version=\u00bb4.18.0&#8243; _module_preset=\u00bbdefault\u00bb global_colors_info=\u00bb{}\u00bb][et_pb_text _builder_version=\u00bb4.20.2&#8243; _module_preset=\u00bbdefault\u00bb text_line_height=\u00bb2.6em\u00bb ol_line_height=\u00bb2.4em\u00bb hover_enabled=\u00bb0&#8243; text_font_size_tablet=\u00bb\u00bb text_font_size_phone=\u00bb17px\u00bb text_font_size_last_edited=\u00bbon|phone\u00bb global_colors_info=\u00bb{}\u00bb sticky_enabled=\u00bb0&#8243;]<\/p>\n<blockquote>\n<p><span style=\"font-weight: 400;\">Pero, \u00bfqu\u00e9 tal si te dijera que la soluci\u00f3n podr\u00eda estar en tu cocina? Olv\u00eddate de las pastillas para dormir y las aplicaciones de meditaci\u00f3n. <\/span><\/p>\n<\/blockquote>\n<p><span style=\"font-weight: 400;\">\u00a1Sigue leyendo para aprender c\u00f3mo una dieta saludable puede transformar tus noches de sue\u00f1o y tu calidad de vida!<\/span><\/p>\n<h2><b>Consejo #1: Abraza la dieta Mediterr\u00e1nea para un sue\u00f1o de calidad<\/b><\/h2>\n<p><span style=\"font-weight: 400;\">La dieta mediterr\u00e1nea pone el \u00e9nfasis en alimentos vegetales, como frutas, verduras, legumbres y grasas saludables, limitando las carnes rojas, los dulces y los carbohidratos refinados. <\/span><b>Los estudios han demostrado que seguir este patr\u00f3n de alimentaci\u00f3n puede reducir significativamente los trastornos del sue\u00f1o<\/b><span style=\"font-weight: 400;\">. No necesitas seguir esta dieta espec\u00edfica; simplemente enf\u00f3cate en alimentos basados en plantas y saludables y as\u00ed tu dieta puede convertirse tu mejor aliada para un sue\u00f1o reparador.<\/span><\/p>\n<h2><b>Consejo #2: Potencia tu microbioma intestinal para un sue\u00f1o mejorado<\/b><\/h2>\n<p><span style=\"font-weight: 400;\">El microbioma intestinal, esa comunidad de microorganismos en tu intestino, juega un papel importante en la regulaci\u00f3n del sue\u00f1o. <\/span><b>Una dieta rica en fibra y antioxidantes, presente en alimentos vegetales, puede promover un microbioma saludable<\/b><span style=\"font-weight: 400;\">, lo que a su vez puede ayudar a regular los ritmos circadianos, esenciales para un sue\u00f1o de calidad.<\/span><\/p>\n<h2><b>Consejo #3: Evita que tu dieta te quite el sue\u00f1o<\/b><\/h2>\n<p><span style=\"font-weight: 400;\">No dormir lo suficiente puede llevarte a tomar decisiones alimenticias poco saludables, como antojos nocturnos de alimentos azucarados y grasos. Por otro lado, una dieta poco saludable puede agravar el insomnio. <\/span><b>Las grasas, el az\u00facar y las grasas saturadas en exceso pueden afectar negativamente la calidad del sue\u00f1o, alargando el tiempo necesario para conciliarlo<\/b><span style=\"font-weight: 400;\"> y reduciendo la fase profunda y reparadora del sue\u00f1o.<\/span><\/p>\n<h2><b>DUERME MEJOR AL COMER MEJOR<\/b><\/h2>\n<p><span style=\"font-weight: 400;\">El v\u00ednculo entre la dieta y el sue\u00f1o es innegable. Optar por una dieta basada en plantas, rica en alimentos vegetales, fibras y grasas saludables, puede ser la clave para noches de sue\u00f1o reparador. Adem\u00e1s, cuando duermes bien, es m\u00e1s probable que tomes decisiones m\u00e1s saludables en todas las \u00e1reas de tu vida. As\u00ed que la pr\u00f3xima vez que te preguntes c\u00f3mo mejorar tu sue\u00f1o, recuerda que la respuesta podr\u00eda estar en tu plato. \u00a1Come bien y duerme mejor!<\/span><\/p>\n<p>[\/et_pb_text][\/et_pb_column][et_pb_column type=\u00bb1_3&#8243; disabled_on=\u00bbon|on|on\u00bb _builder_version=\u00bb4.20.2&#8243; _module_preset=\u00bbdefault\u00bb background_color=\u00bbrgba(240,238,228,0.43)\u00bb border_radii=\u00bbon|10px|10px|10px|10px\u00bb disabled=\u00bbon\u00bb global_colors_info=\u00bb{}\u00bb][et_pb_image src=\u00bbhttps:\/\/conectamutual.cl\/trabajadores\/wp-content\/uploads\/2023\/03\/Logo-Mutual.png\u00bb title_text=\u00bbLogo Mutual\u00bb _builder_version=\u00bb4.18.0&#8243; _module_preset=\u00bbdefault\u00bb width=\u00bb75%\u00bb module_alignment=\u00bbcenter\u00bb custom_padding=\u00bb21px|||||\u00bb global_colors_info=\u00bb{}\u00bb][\/et_pb_image][et_pb_image src=\u00bbhttps:\/\/conectamutual.cl\/trabajadores\/wp-content\/uploads\/2023\/03\/Captura-de-Pantalla-2023-03-02-a-las-11.22.47.png\u00bb title_text=\u00bbCaptura de Pantalla 2023-03-02 a la(s) 11.22.47&#8243; _builder_version=\u00bb4.18.0&#8243; _module_preset=\u00bbdefault\u00bb width=\u00bb91%\u00bb module_alignment=\u00bbcenter\u00bb custom_padding=\u00bb17px|||||\u00bb global_colors_info=\u00bb{}\u00bb][\/et_pb_image][et_pb_image src=\u00bbhttps:\/\/conectamutual.cl\/trabajadores\/wp-content\/uploads\/2023\/03\/Alo-especialista.png\u00bb title_text=\u00bbAlo especialista\u00bb _builder_version=\u00bb4.18.0&#8243; _module_preset=\u00bbdefault\u00bb custom_margin=\u00bb80px|||||\u00bb custom_padding=\u00bb|10px||10px|false|false\u00bb global_colors_info=\u00bb{}\u00bb][\/et_pb_image][et_pb_blurb title=\u00bbVideo: Dr. Pedro Alfaro nos habla del cuidado con el sol y los rayos U.V.\u00bb image=\u00bbhttps:\/\/conectamutual.cl\/trabajadores\/wp-content\/uploads\/2023\/03\/dostor-video.png\u00bb _builder_version=\u00bb4.18.0&#8243; _module_preset=\u00bbdefault\u00bb header_font=\u00bb|700|||||||\u00bb header_font_size=\u00bb22px\u00bb custom_padding=\u00bb|10px|35px|10px|false|false\u00bb global_colors_info=\u00bb{}\u00bb][\/et_pb_blurb][\/et_pb_column][\/et_pb_row][\/et_pb_section]<\/p>\n","protected":false},"excerpt":{"rendered":"<p>Cada noche, millones de personas luchan por encontrar el sue\u00f1o reparador que necesitan desesperadamente. La falta de sue\u00f1o se ha convertido en un problema com\u00fan en todo el mundo, afectando nuestra salud y bienestar. Pero, \u00bfqu\u00e9 tal si te dijera que la soluci\u00f3n podr\u00eda estar en tu cocina? Olv\u00eddate de las pastillas para dormir y [&hellip;]<\/p>\n","protected":false},"author":1,"featured_media":893,"comment_status":"closed","ping_status":"closed","sticky":false,"template":"","format":"standard","meta":{"_et_pb_use_builder":"on","_et_pb_old_content":"","_et_gb_content_width":"","footnotes":""},"categories":[4],"tags":[],"class_list":["post-887","post","type-post","status-publish","format-standard","has-post-thumbnail","hentry","category-prevencion-bienestar"],"yoast_head":"<!-- This site is optimized with the Yoast SEO plugin v22.4 - https:\/\/yoast.com\/wordpress\/plugins\/seo\/ -->\n<title>Descubre c\u00f3mo lo que comes puede mejorar tu sue\u00f1o y bienestar - Conecta Mutual - Trabajadores<\/title>\n<meta name=\"robots\" content=\"index, follow, max-snippet:-1, max-image-preview:large, max-video-preview:-1\" \/>\n<link rel=\"canonical\" href=\"https:\/\/conectamutual.cl\/trabajadores\/prevencion-bienestar\/descubre-como-lo-que-comes-puede-mejorar-tu-sueno-y-bienestar\/\" \/>\n<meta property=\"og:locale\" content=\"es_ES\" \/>\n<meta property=\"og:type\" content=\"article\" \/>\n<meta property=\"og:title\" content=\"Descubre c\u00f3mo lo que comes puede mejorar tu sue\u00f1o y bienestar - Conecta Mutual - Trabajadores\" \/>\n<meta property=\"og:description\" content=\"Cada noche, millones de personas luchan por encontrar el sue\u00f1o reparador que necesitan desesperadamente. La falta de sue\u00f1o se ha convertido en un problema com\u00fan en todo el mundo, afectando nuestra salud y bienestar. Pero, \u00bfqu\u00e9 tal si te dijera que la soluci\u00f3n podr\u00eda estar en tu cocina? Olv\u00eddate de las pastillas para dormir y [&hellip;]\" \/>\n<meta property=\"og:url\" content=\"https:\/\/conectamutual.cl\/trabajadores\/prevencion-bienestar\/descubre-como-lo-que-comes-puede-mejorar-tu-sueno-y-bienestar\/\" \/>\n<meta property=\"og:site_name\" content=\"Conecta Mutual - Trabajadores\" \/>\n<meta property=\"article:published_time\" content=\"2023-10-04T18:23:52+00:00\" \/>\n<meta property=\"article:modified_time\" content=\"2023-10-04T18:37:21+00:00\" \/>\n<meta property=\"og:image\" content=\"https:\/\/conectamutual.cl\/trabajadores\/wp-content\/uploads\/2023\/10\/Articulo-54-Ilustracion-Alimentarse-para-descansar.png\" \/>\n\t<meta property=\"og:image:width\" content=\"1563\" \/>\n\t<meta property=\"og:image:height\" content=\"1563\" \/>\n\t<meta property=\"og:image:type\" content=\"image\/png\" \/>\n<meta name=\"author\" content=\"Espacio Mutuo\" \/>\n<meta name=\"twitter:card\" content=\"summary_large_image\" \/>\n<meta name=\"twitter:label1\" content=\"Escrito por\" \/>\n\t<meta name=\"twitter:data1\" content=\"Espacio Mutuo\" \/>\n\t<meta name=\"twitter:label2\" content=\"Tiempo de lectura\" \/>\n\t<meta name=\"twitter:data2\" content=\"3 minutos\" \/>\n<script type=\"application\/ld+json\" class=\"yoast-schema-graph\">{\"@context\":\"https:\/\/schema.org\",\"@graph\":[{\"@type\":\"WebPage\",\"@id\":\"https:\/\/conectamutual.cl\/trabajadores\/prevencion-bienestar\/descubre-como-lo-que-comes-puede-mejorar-tu-sueno-y-bienestar\/\",\"url\":\"https:\/\/conectamutual.cl\/trabajadores\/prevencion-bienestar\/descubre-como-lo-que-comes-puede-mejorar-tu-sueno-y-bienestar\/\",\"name\":\"Descubre c\u00f3mo lo que comes puede mejorar tu sue\u00f1o y bienestar - Conecta Mutual - Trabajadores\",\"isPartOf\":{\"@id\":\"https:\/\/conectamutual.cl\/trabajadores\/#website\"},\"primaryImageOfPage\":{\"@id\":\"https:\/\/conectamutual.cl\/trabajadores\/prevencion-bienestar\/descubre-como-lo-que-comes-puede-mejorar-tu-sueno-y-bienestar\/#primaryimage\"},\"image\":{\"@id\":\"https:\/\/conectamutual.cl\/trabajadores\/prevencion-bienestar\/descubre-como-lo-que-comes-puede-mejorar-tu-sueno-y-bienestar\/#primaryimage\"},\"thumbnailUrl\":\"https:\/\/conectamutual.cl\/trabajadores\/wp-content\/uploads\/2023\/10\/Articulo-54-Ilustracion-Alimentarse-para-descansar.png\",\"datePublished\":\"2023-10-04T18:23:52+00:00\",\"dateModified\":\"2023-10-04T18:37:21+00:00\",\"author\":{\"@id\":\"https:\/\/conectamutual.cl\/trabajadores\/#\/schema\/person\/7e847879078c5ae3d0897e3588fbde1d\"},\"breadcrumb\":{\"@id\":\"https:\/\/conectamutual.cl\/trabajadores\/prevencion-bienestar\/descubre-como-lo-que-comes-puede-mejorar-tu-sueno-y-bienestar\/#breadcrumb\"},\"inLanguage\":\"es\",\"potentialAction\":[{\"@type\":\"ReadAction\",\"target\":[\"https:\/\/conectamutual.cl\/trabajadores\/prevencion-bienestar\/descubre-como-lo-que-comes-puede-mejorar-tu-sueno-y-bienestar\/\"]}]},{\"@type\":\"ImageObject\",\"inLanguage\":\"es\",\"@id\":\"https:\/\/conectamutual.cl\/trabajadores\/prevencion-bienestar\/descubre-como-lo-que-comes-puede-mejorar-tu-sueno-y-bienestar\/#primaryimage\",\"url\":\"https:\/\/conectamutual.cl\/trabajadores\/wp-content\/uploads\/2023\/10\/Articulo-54-Ilustracion-Alimentarse-para-descansar.png\",\"contentUrl\":\"https:\/\/conectamutual.cl\/trabajadores\/wp-content\/uploads\/2023\/10\/Articulo-54-Ilustracion-Alimentarse-para-descansar.png\",\"width\":1563,\"height\":1563},{\"@type\":\"BreadcrumbList\",\"@id\":\"https:\/\/conectamutual.cl\/trabajadores\/prevencion-bienestar\/descubre-como-lo-que-comes-puede-mejorar-tu-sueno-y-bienestar\/#breadcrumb\",\"itemListElement\":[{\"@type\":\"ListItem\",\"position\":1,\"name\":\"Portada\",\"item\":\"https:\/\/conectamutual.cl\/trabajadores\/\"},{\"@type\":\"ListItem\",\"position\":2,\"name\":\"Descubre c\u00f3mo lo que comes puede mejorar tu sue\u00f1o y bienestar\"}]},{\"@type\":\"WebSite\",\"@id\":\"https:\/\/conectamutual.cl\/trabajadores\/#website\",\"url\":\"https:\/\/conectamutual.cl\/trabajadores\/\",\"name\":\"Conecta Mutual - Trabajadores\",\"description\":\"\",\"potentialAction\":[{\"@type\":\"SearchAction\",\"target\":{\"@type\":\"EntryPoint\",\"urlTemplate\":\"https:\/\/conectamutual.cl\/trabajadores\/?s={search_term_string}\"},\"query-input\":\"required name=search_term_string\"}],\"inLanguage\":\"es\"},{\"@type\":\"Person\",\"@id\":\"https:\/\/conectamutual.cl\/trabajadores\/#\/schema\/person\/7e847879078c5ae3d0897e3588fbde1d\",\"name\":\"Espacio Mutuo\",\"image\":{\"@type\":\"ImageObject\",\"inLanguage\":\"es\",\"@id\":\"https:\/\/conectamutual.cl\/trabajadores\/#\/schema\/person\/image\/\",\"url\":\"https:\/\/secure.gravatar.com\/avatar\/90d8821e32539b0b143885ed6e3a2e98f19e8a62b1e68e9d4539841a6aa1cf27?s=96&d=mm&r=g\",\"contentUrl\":\"https:\/\/secure.gravatar.com\/avatar\/90d8821e32539b0b143885ed6e3a2e98f19e8a62b1e68e9d4539841a6aa1cf27?s=96&d=mm&r=g\",\"caption\":\"Espacio Mutuo\"},\"sameAs\":[\"http:\/\/conectamutual.cl\/trabajadores\"],\"url\":\"https:\/\/conectamutual.cl\/trabajadores\/author\/admin-emutuo\/\"}]}<\/script>\n<!-- \/ Yoast SEO plugin. -->","yoast_head_json":{"title":"Descubre c\u00f3mo lo que comes puede mejorar tu sue\u00f1o y bienestar - Conecta Mutual - Trabajadores","robots":{"index":"index","follow":"follow","max-snippet":"max-snippet:-1","max-image-preview":"max-image-preview:large","max-video-preview":"max-video-preview:-1"},"canonical":"https:\/\/conectamutual.cl\/trabajadores\/prevencion-bienestar\/descubre-como-lo-que-comes-puede-mejorar-tu-sueno-y-bienestar\/","og_locale":"es_ES","og_type":"article","og_title":"Descubre c\u00f3mo lo que comes puede mejorar tu sue\u00f1o y bienestar - Conecta Mutual - Trabajadores","og_description":"Cada noche, millones de personas luchan por encontrar el sue\u00f1o reparador que necesitan desesperadamente. La falta de sue\u00f1o se ha convertido en un problema com\u00fan en todo el mundo, afectando nuestra salud y bienestar. Pero, \u00bfqu\u00e9 tal si te dijera que la soluci\u00f3n podr\u00eda estar en tu cocina? Olv\u00eddate de las pastillas para dormir y [&hellip;]","og_url":"https:\/\/conectamutual.cl\/trabajadores\/prevencion-bienestar\/descubre-como-lo-que-comes-puede-mejorar-tu-sueno-y-bienestar\/","og_site_name":"Conecta Mutual - Trabajadores","article_published_time":"2023-10-04T18:23:52+00:00","article_modified_time":"2023-10-04T18:37:21+00:00","og_image":[{"width":1563,"height":1563,"url":"https:\/\/conectamutual.cl\/trabajadores\/wp-content\/uploads\/2023\/10\/Articulo-54-Ilustracion-Alimentarse-para-descansar.png","type":"image\/png"}],"author":"Espacio Mutuo","twitter_card":"summary_large_image","twitter_misc":{"Escrito por":"Espacio Mutuo","Tiempo de lectura":"3 minutos"},"schema":{"@context":"https:\/\/schema.org","@graph":[{"@type":"WebPage","@id":"https:\/\/conectamutual.cl\/trabajadores\/prevencion-bienestar\/descubre-como-lo-que-comes-puede-mejorar-tu-sueno-y-bienestar\/","url":"https:\/\/conectamutual.cl\/trabajadores\/prevencion-bienestar\/descubre-como-lo-que-comes-puede-mejorar-tu-sueno-y-bienestar\/","name":"Descubre c\u00f3mo lo que comes puede mejorar tu sue\u00f1o y bienestar - Conecta Mutual - Trabajadores","isPartOf":{"@id":"https:\/\/conectamutual.cl\/trabajadores\/#website"},"primaryImageOfPage":{"@id":"https:\/\/conectamutual.cl\/trabajadores\/prevencion-bienestar\/descubre-como-lo-que-comes-puede-mejorar-tu-sueno-y-bienestar\/#primaryimage"},"image":{"@id":"https:\/\/conectamutual.cl\/trabajadores\/prevencion-bienestar\/descubre-como-lo-que-comes-puede-mejorar-tu-sueno-y-bienestar\/#primaryimage"},"thumbnailUrl":"https:\/\/conectamutual.cl\/trabajadores\/wp-content\/uploads\/2023\/10\/Articulo-54-Ilustracion-Alimentarse-para-descansar.png","datePublished":"2023-10-04T18:23:52+00:00","dateModified":"2023-10-04T18:37:21+00:00","author":{"@id":"https:\/\/conectamutual.cl\/trabajadores\/#\/schema\/person\/7e847879078c5ae3d0897e3588fbde1d"},"breadcrumb":{"@id":"https:\/\/conectamutual.cl\/trabajadores\/prevencion-bienestar\/descubre-como-lo-que-comes-puede-mejorar-tu-sueno-y-bienestar\/#breadcrumb"},"inLanguage":"es","potentialAction":[{"@type":"ReadAction","target":["https:\/\/conectamutual.cl\/trabajadores\/prevencion-bienestar\/descubre-como-lo-que-comes-puede-mejorar-tu-sueno-y-bienestar\/"]}]},{"@type":"ImageObject","inLanguage":"es","@id":"https:\/\/conectamutual.cl\/trabajadores\/prevencion-bienestar\/descubre-como-lo-que-comes-puede-mejorar-tu-sueno-y-bienestar\/#primaryimage","url":"https:\/\/conectamutual.cl\/trabajadores\/wp-content\/uploads\/2023\/10\/Articulo-54-Ilustracion-Alimentarse-para-descansar.png","contentUrl":"https:\/\/conectamutual.cl\/trabajadores\/wp-content\/uploads\/2023\/10\/Articulo-54-Ilustracion-Alimentarse-para-descansar.png","width":1563,"height":1563},{"@type":"BreadcrumbList","@id":"https:\/\/conectamutual.cl\/trabajadores\/prevencion-bienestar\/descubre-como-lo-que-comes-puede-mejorar-tu-sueno-y-bienestar\/#breadcrumb","itemListElement":[{"@type":"ListItem","position":1,"name":"Portada","item":"https:\/\/conectamutual.cl\/trabajadores\/"},{"@type":"ListItem","position":2,"name":"Descubre c\u00f3mo lo que comes puede mejorar tu sue\u00f1o y bienestar"}]},{"@type":"WebSite","@id":"https:\/\/conectamutual.cl\/trabajadores\/#website","url":"https:\/\/conectamutual.cl\/trabajadores\/","name":"Conecta Mutual - Trabajadores","description":"","potentialAction":[{"@type":"SearchAction","target":{"@type":"EntryPoint","urlTemplate":"https:\/\/conectamutual.cl\/trabajadores\/?s={search_term_string}"},"query-input":"required name=search_term_string"}],"inLanguage":"es"},{"@type":"Person","@id":"https:\/\/conectamutual.cl\/trabajadores\/#\/schema\/person\/7e847879078c5ae3d0897e3588fbde1d","name":"Espacio Mutuo","image":{"@type":"ImageObject","inLanguage":"es","@id":"https:\/\/conectamutual.cl\/trabajadores\/#\/schema\/person\/image\/","url":"https:\/\/secure.gravatar.com\/avatar\/90d8821e32539b0b143885ed6e3a2e98f19e8a62b1e68e9d4539841a6aa1cf27?s=96&d=mm&r=g","contentUrl":"https:\/\/secure.gravatar.com\/avatar\/90d8821e32539b0b143885ed6e3a2e98f19e8a62b1e68e9d4539841a6aa1cf27?s=96&d=mm&r=g","caption":"Espacio Mutuo"},"sameAs":["http:\/\/conectamutual.cl\/trabajadores"],"url":"https:\/\/conectamutual.cl\/trabajadores\/author\/admin-emutuo\/"}]}},"_links":{"self":[{"href":"https:\/\/conectamutual.cl\/trabajadores\/wp-json\/wp\/v2\/posts\/887","targetHints":{"allow":["GET"]}}],"collection":[{"href":"https:\/\/conectamutual.cl\/trabajadores\/wp-json\/wp\/v2\/posts"}],"about":[{"href":"https:\/\/conectamutual.cl\/trabajadores\/wp-json\/wp\/v2\/types\/post"}],"author":[{"embeddable":true,"href":"https:\/\/conectamutual.cl\/trabajadores\/wp-json\/wp\/v2\/users\/1"}],"replies":[{"embeddable":true,"href":"https:\/\/conectamutual.cl\/trabajadores\/wp-json\/wp\/v2\/comments?post=887"}],"version-history":[{"count":5,"href":"https:\/\/conectamutual.cl\/trabajadores\/wp-json\/wp\/v2\/posts\/887\/revisions"}],"predecessor-version":[{"id":907,"href":"https:\/\/conectamutual.cl\/trabajadores\/wp-json\/wp\/v2\/posts\/887\/revisions\/907"}],"wp:featuredmedia":[{"embeddable":true,"href":"https:\/\/conectamutual.cl\/trabajadores\/wp-json\/wp\/v2\/media\/893"}],"wp:attachment":[{"href":"https:\/\/conectamutual.cl\/trabajadores\/wp-json\/wp\/v2\/media?parent=887"}],"wp:term":[{"taxonomy":"category","embeddable":true,"href":"https:\/\/conectamutual.cl\/trabajadores\/wp-json\/wp\/v2\/categories?post=887"},{"taxonomy":"post_tag","embeddable":true,"href":"https:\/\/conectamutual.cl\/trabajadores\/wp-json\/wp\/v2\/tags?post=887"}],"curies":[{"name":"wp","href":"https:\/\/api.w.org\/{rel}","templated":true}]}}