{"id":928,"date":"2023-10-31T23:26:31","date_gmt":"2023-10-31T23:26:31","guid":{"rendered":"https:\/\/conectamutual.cl\/trabajadores\/?p=928"},"modified":"2023-10-31T23:33:18","modified_gmt":"2023-10-31T23:33:18","slug":"primavera-en-forma-como-disfrutar-del-ejercicio-sin-riesgos","status":"publish","type":"post","link":"https:\/\/conectamutual.cl\/trabajadores\/alo-especialistas\/primavera-en-forma-como-disfrutar-del-ejercicio-sin-riesgos\/","title":{"rendered":"Primavera en forma: c\u00f3mo disfrutar del ejercicio sin riesgos"},"content":{"rendered":"<p>[et_pb_section fb_built=\u00bb1&#8243; _builder_version=\u00bb4.20.2&#8243; _module_preset=\u00bbdefault\u00bb custom_padding=\u00bb3px||12px|||\u00bb global_colors_info=\u00bb{}\u00bb][et_pb_row column_structure=\u00bb1_2,1_2&#8243; _builder_version=\u00bb4.20.2&#8243; _module_preset=\u00bbdefault\u00bb global_colors_info=\u00bb{}\u00bb][et_pb_column type=\u00bb1_2&#8243; _builder_version=\u00bb4.20.2&#8243; _module_preset=\u00bbdefault\u00bb global_colors_info=\u00bb{}\u00bb][et_pb_image src=\u00bbhttps:\/\/conectamutual.cl\/trabajadores\/wp-content\/uploads\/2023\/03\/logo-Espacio-Trabajadores-separados-12.png\u00bb title_text=\u00bblogo-Espacio-Trabajadores-separados-12&#8243; align=\u00bbcenter\u00bb _builder_version=\u00bb4.20.2&#8243; _module_preset=\u00bbdefault\u00bb width=\u00bb57%\u00bb width_tablet=\u00bb57%\u00bb width_phone=\u00bb99%\u00bb width_last_edited=\u00bbon|phone\u00bb max_width=\u00bb91%\u00bb module_alignment=\u00bbcenter\u00bb min_height_tablet=\u00bb\u00bb min_height_phone=\u00bb\u00bb min_height_last_edited=\u00bbon|desktop\u00bb global_colors_info=\u00bb{}\u00bb][\/et_pb_image][\/et_pb_column][et_pb_column type=\u00bb1_2&#8243; _builder_version=\u00bb4.20.2&#8243; _module_preset=\u00bbdefault\u00bb global_colors_info=\u00bb{}\u00bb][et_pb_image src=\u00bbhttps:\/\/conectamutual.cl\/trabajadores\/wp-content\/uploads\/2023\/03\/logo-Espacio-Trabajadores-separados-11.png\u00bb title_text=\u00bblogo-Espacio-Trabajadores-separados-11&#8243; align=\u00bbcenter\u00bb _builder_version=\u00bb4.20.2&#8243; _module_preset=\u00bbdefault\u00bb width=\u00bb62%\u00bb width_tablet=\u00bb62%\u00bb width_phone=\u00bb100%\u00bb width_last_edited=\u00bbon|phone\u00bb max_width=\u00bb90%\u00bb module_alignment=\u00bbcenter\u00bb custom_margin=\u00bb25px||||false|false\u00bb module_alignment_tablet=\u00bbcenter\u00bb module_alignment_phone=\u00bbcenter\u00bb module_alignment_last_edited=\u00bbon|desktop\u00bb global_colors_info=\u00bb{}\u00bb][\/et_pb_image][\/et_pb_column][\/et_pb_row][\/et_pb_section][et_pb_section fb_built=\u00bb1&#8243; _builder_version=\u00bb4.20.2&#8243; _module_preset=\u00bbdefault\u00bb background_color=\u00bb#f6eae3&#8243; custom_padding=\u00bb0px||0px|||\u00bb global_colors_info=\u00bb{}\u00bb][et_pb_row _builder_version=\u00bb4.20.2&#8243; _module_preset=\u00bbdefault\u00bb global_colors_info=\u00bb{}\u00bb][et_pb_column type=\u00bb4_4&#8243; _builder_version=\u00bb4.20.2&#8243; _module_preset=\u00bbdefault\u00bb global_colors_info=\u00bb{}\u00bb][et_pb_image src=\u00bbhttps:\/\/conectamutual.cl\/trabajadores\/wp-content\/uploads\/2023\/03\/Graf-Categorias-02.png\u00bb title_text=\u00bbGraf Categori\u0301as-02&#8243; _builder_version=\u00bb4.20.2&#8243; _module_preset=\u00bbdefault\u00bb width=\u00bb60%\u00bb width_tablet=\u00bb60%\u00bb width_phone=\u00bb100%\u00bb width_last_edited=\u00bbon|phone\u00bb custom_margin=\u00bb0px||0px||false|false\u00bb custom_margin_tablet=\u00bb0px||0px||false|false\u00bb custom_margin_phone=\u00bb20px||20px||false|false\u00bb custom_margin_last_edited=\u00bbon|phone\u00bb global_colors_info=\u00bb{}\u00bb][\/et_pb_image][\/et_pb_column][\/et_pb_row][\/et_pb_section][et_pb_section fb_built=\u00bb1&#8243; _builder_version=\u00bb4.20.2&#8243; _module_preset=\u00bbdefault\u00bb background_color=\u00bbrgba(240,238,228,0.34)\u00bb custom_padding=\u00bb42px||1px|||\u00bb global_colors_info=\u00bb{}\u00bb][et_pb_row column_structure=\u00bb3_5,2_5&#8243; _builder_version=\u00bb4.16&#8243; _module_preset=\u00bbdefault\u00bb custom_margin=\u00bb-63px|auto||auto||\u00bb custom_padding=\u00bb26px||0px|||\u00bb global_colors_info=\u00bb{}\u00bb][et_pb_column type=\u00bb3_5&#8243; _builder_version=\u00bb4.16&#8243; _module_preset=\u00bbdefault\u00bb global_colors_info=\u00bb{}\u00bb][et_pb_image src=\u00bbhttps:\/\/conectamutual.cl\/trabajadores\/wp-content\/uploads\/2023\/10\/Articulo-57-Ilustracion-Ejercitarse-sin-Riesgos.png\u00bb title_text=\u00bbArti\u0301culo 57 &#8211; Ilustracio\u0301n &#8211; Ejercitarse sin Riesgos\u00bb _builder_version=\u00bb4.20.2&#8243; _module_preset=\u00bbdefault\u00bb width=\u00bb92%\u00bb width_tablet=\u00bb77%\u00bb width_phone=\u00bb92%\u00bb width_last_edited=\u00bbon|phone\u00bb module_alignment=\u00bbcenter\u00bb custom_padding=\u00bb4px|||||\u00bb global_colors_info=\u00bb{}\u00bb][\/et_pb_image][\/et_pb_column][et_pb_column type=\u00bb2_5&#8243; _builder_version=\u00bb4.16&#8243; _module_preset=\u00bbdefault\u00bb global_colors_info=\u00bb{}\u00bb][et_pb_post_title comments=\u00bboff\u00bb featured_image=\u00bboff\u00bb _builder_version=\u00bb4.20.2&#8243; _module_preset=\u00bbdefault\u00bb title_level=\u00bbh2&#8243; title_font=\u00bbMontserrat|700|||||||\u00bb title_text_align=\u00bbleft\u00bb title_text_color=\u00bb#c4d600&#8243; title_font_size=\u00bb43px\u00bb title_line_height=\u00bb1.1em\u00bb meta_font=\u00bbMontserrat||||||||\u00bb meta_text_align=\u00bbleft\u00bb meta_font_size=\u00bb12px\u00bb custom_margin=\u00bb38px||||false|false\u00bb title_font_size_tablet=\u00bb\u00bb title_font_size_phone=\u00bb30px\u00bb title_font_size_last_edited=\u00bbon|phone\u00bb meta_font_size_tablet=\u00bb\u00bb meta_font_size_phone=\u00bb10px\u00bb meta_font_size_last_edited=\u00bbon|phone\u00bb global_colors_info=\u00bb{}\u00bb][\/et_pb_post_title][et_pb_text _builder_version=\u00bb4.20.2&#8243; _module_preset=\u00bbdefault\u00bb text_font_size=\u00bb18px\u00bb header_4_font=\u00bb|600|on||||||\u00bb header_4_text_color=\u00bb#7f7f7f\u00bb header_4_font_size=\u00bb16px\u00bb header_4_line_height=\u00bb1.9em\u00bb custom_padding=\u00bb0px|||||\u00bb text_font_size_tablet=\u00bb18px\u00bb text_font_size_phone=\u00bb18px\u00bb text_font_size_last_edited=\u00bbon|desktop\u00bb global_colors_info=\u00bb{}\u00bb]<\/p>\n<p><em><strong>La primavera nos brinda la oportunidad de despertar de nuestro letargo invernal y renovar el entusiasmo por el ejercicio y el bienestar personal.<\/strong><\/em><\/p>\n<p>[\/et_pb_text][\/et_pb_column][\/et_pb_row][\/et_pb_section][et_pb_section fb_built=\u00bb1&#8243; _builder_version=\u00bb4.18.0&#8243; _module_preset=\u00bbdefault\u00bb custom_padding=\u00bb0px||33px|||\u00bb global_colors_info=\u00bb{}\u00bb][et_pb_row column_structure=\u00bb2_3,1_3&#8243; _builder_version=\u00bb4.20.2&#8243; _module_preset=\u00bbdefault\u00bb custom_padding=\u00bb51px||0px|||\u00bb global_colors_info=\u00bb{}\u00bb][et_pb_column type=\u00bb2_3&#8243; _builder_version=\u00bb4.18.0&#8243; _module_preset=\u00bbdefault\u00bb global_colors_info=\u00bb{}\u00bb][et_pb_text _builder_version=\u00bb4.20.2&#8243; _module_preset=\u00bbdefault\u00bb text_line_height=\u00bb2.1em\u00bb ol_line_height=\u00bb2em\u00bb hover_enabled=\u00bb0&#8243; text_font_size_tablet=\u00bb\u00bb text_font_size_phone=\u00bb17px\u00bb text_font_size_last_edited=\u00bbon|phone\u00bb global_colors_info=\u00bb{}\u00bb sticky_enabled=\u00bb0&#8243;]<\/p>\n<blockquote>\n<p><span style=\"font-weight: 400;\">Muchos sienten el llamado de la actividad f\u00edsica con la esperanza de deshacerse de esos kilos extras acumulados. <\/span><\/p>\n<\/blockquote>\n<p><span style=\"font-weight: 400;\">Sin embargo, la emoci\u00f3n del comienzo puede tener sus trampas. \u00a1Vamos a descubrir c\u00f3mo abordar la temporada de ejercicios de forma segura y efectiva!.<\/span><\/p>\n<h2><b>EJERCICIO RESPONSABLE: LA CLAVE PARA EVITAR LESIONES<\/b><\/h2>\n<p><span style=\"font-weight: 400;\">La El Dr. Fernando Cubillos, Fisiatra y Jefe del <\/span><b>Instituto de Neuro-rehabilitaci\u00f3n del Hospital Cl\u00ednico de Mutual de Seguridad<\/b><span style=\"font-weight: 400;\">, nos recuerda que informarnos sobre los diferentes tipos de ejercicios y realizar un chequeo m\u00e9dico son pasos esenciales, especialmente si tenemos sobrepeso o afecciones card\u00edacas.<\/span><\/p>\n<p><span style=\"font-weight: 400;\">La primera regla de oro es que tu rutina de ejercicios se ajuste a tu ritmo y condici\u00f3n f\u00edsica. <\/span><b>No te exijas m\u00e1s de la cuenta desde el principio<\/b><span style=\"font-weight: 400;\">. Tambi\u00e9n, es recomendable comenzar bajo la supervisi\u00f3n de personal cualificado.<\/span><\/p>\n<h2><b>CONSEJOS PARA PREVENIR LESIONES<\/b><\/h2>\n<p><span style=\"font-weight: 400;\">Aqu\u00ed tienes algunos consejos pr\u00e1cticos para evitar lesiones mientras te pones en forma:<\/span><\/p>\n<ol>\n<li><b>Nutrici\u00f3n e hidrataci\u00f3n<\/b><span style=\"font-weight: 400;\">: Antes y despu\u00e9s del ejercicio, consume prote\u00ednas y mantente hidratado para preparar tu cuerpo y recuperarte adecuadamente.<\/span><\/li>\n<li><b>Vestimenta adecuada<\/b><span style=\"font-weight: 400;\">: Usa ropa y calzado apropiado para tu actividad. Las buenas zapatillas son esenciales, y evita joyas, cinturones y accesorios que puedan entorpecer tu ejercicio.<\/span><\/li>\n<li><b>Calentamiento y estiramiento<\/b><span style=\"font-weight: 400;\">: Aprende a calentar y elongar correctamente para evitar lesiones durante y despu\u00e9s del ejercicio. Realizar ejercicios aer\u00f3bicos de menor intensidad como calentamiento es \u00fatil. Descansa entre cada ejercicio.<\/span><\/li>\n<li><b>Conoce las m\u00e1quinas<\/b><span style=\"font-weight: 400;\">: Antes de utilizar m\u00e1quinas de ejercicio, verifica si puedes usarlas de manera adecuada. No dudes en preguntar si tienes dudas.<\/span><\/li>\n<li><b>Cinta deslizante segura<\/b><span style=\"font-weight: 400;\">: Si usas m\u00e1quinas con cintas deslizantes (como trotadoras), enci\u00e9ndelas una vez que est\u00e9s sobre ellas y comienza con una velocidad baja antes de aumentarla gradualmente.<\/span><\/li>\n<li><b>Mantenimiento de m\u00e1quinas<\/b><span style=\"font-weight: 400;\">: No uses m\u00e1quinas da\u00f1adas o con fallas. La seguridad es primordial.<\/span><\/li>\n<li><b>Equilibrio muscular<\/b><span style=\"font-weight: 400;\">: Evita enfocarte demasiado en un solo grupo muscular, ya que esto puede sobrecargar otros m\u00fasculos. Un instructor puede ayudarte a equilibrar tu entrenamiento.<\/span><\/li>\n<li><b>Escucha a tu cuerpo<\/b><span style=\"font-weight: 400;\">: Si un ejercicio te causa dolor o agrava una lesi\u00f3n existente, detente inmediatamente. Si te lesionas, descansa y busca atenci\u00f3n m\u00e9dica si es necesario.<\/span><\/li>\n<\/ol>\n<p><span style=\"font-weight: 400;\">La primavera es un excelente momento para reenfocarnos en nuestra salud y bienestar. Sin embargo, recuerda que la seguridad es clave.\u00a0 Escucha a tu cuerpo, ajusta tu rutina a tu nivel de condici\u00f3n f\u00edsica y busca orientaci\u00f3n cuando sea necesario. \u00a1Recuerda siempre moverte con sabidur\u00eda y disfrutar del proceso!<\/span><\/p>\n<p>[\/et_pb_text][\/et_pb_column][et_pb_column type=\u00bb1_3&#8243; disabled_on=\u00bbon|on|on\u00bb _builder_version=\u00bb4.20.2&#8243; _module_preset=\u00bbdefault\u00bb background_color=\u00bbrgba(240,238,228,0.43)\u00bb border_radii=\u00bbon|10px|10px|10px|10px\u00bb disabled=\u00bbon\u00bb global_colors_info=\u00bb{}\u00bb][et_pb_image src=\u00bbhttps:\/\/conectamutual.cl\/trabajadores\/wp-content\/uploads\/2023\/03\/Logo-Mutual.png\u00bb title_text=\u00bbLogo Mutual\u00bb _builder_version=\u00bb4.18.0&#8243; _module_preset=\u00bbdefault\u00bb width=\u00bb75%\u00bb module_alignment=\u00bbcenter\u00bb custom_padding=\u00bb21px|||||\u00bb global_colors_info=\u00bb{}\u00bb][\/et_pb_image][et_pb_image src=\u00bbhttps:\/\/conectamutual.cl\/trabajadores\/wp-content\/uploads\/2023\/03\/Captura-de-Pantalla-2023-03-02-a-las-11.22.47.png\u00bb title_text=\u00bbCaptura de Pantalla 2023-03-02 a la(s) 11.22.47&#8243; _builder_version=\u00bb4.18.0&#8243; _module_preset=\u00bbdefault\u00bb width=\u00bb91%\u00bb module_alignment=\u00bbcenter\u00bb custom_padding=\u00bb17px|||||\u00bb global_colors_info=\u00bb{}\u00bb][\/et_pb_image][et_pb_image src=\u00bbhttps:\/\/conectamutual.cl\/trabajadores\/wp-content\/uploads\/2023\/03\/Alo-especialista.png\u00bb title_text=\u00bbAlo especialista\u00bb _builder_version=\u00bb4.18.0&#8243; _module_preset=\u00bbdefault\u00bb custom_margin=\u00bb80px|||||\u00bb custom_padding=\u00bb|10px||10px|false|false\u00bb global_colors_info=\u00bb{}\u00bb][\/et_pb_image][et_pb_blurb title=\u00bbVideo: Dr. Pedro Alfaro nos habla del cuidado con el sol y los rayos U.V.\u00bb image=\u00bbhttps:\/\/conectamutual.cl\/trabajadores\/wp-content\/uploads\/2023\/03\/dostor-video.png\u00bb _builder_version=\u00bb4.18.0&#8243; _module_preset=\u00bbdefault\u00bb header_font=\u00bb|700|||||||\u00bb header_font_size=\u00bb22px\u00bb custom_padding=\u00bb|10px|35px|10px|false|false\u00bb global_colors_info=\u00bb{}\u00bb][\/et_pb_blurb][\/et_pb_column][\/et_pb_row][\/et_pb_section]<\/p>\n","protected":false},"excerpt":{"rendered":"<p>La primavera nos brinda la oportunidad de despertar de nuestro letargo invernal y renovar el entusiasmo por el ejercicio y el bienestar personal. Muchos sienten el llamado de la actividad f\u00edsica con la esperanza de deshacerse de esos kilos extras acumulados. Sin embargo, la emoci\u00f3n del comienzo puede tener sus trampas. \u00a1Vamos a descubrir c\u00f3mo [&hellip;]<\/p>\n","protected":false},"author":1,"featured_media":931,"comment_status":"closed","ping_status":"closed","sticky":false,"template":"","format":"standard","meta":{"_et_pb_use_builder":"on","_et_pb_old_content":"","_et_gb_content_width":"","footnotes":""},"categories":[6],"tags":[],"class_list":["post-928","post","type-post","status-publish","format-standard","has-post-thumbnail","hentry","category-alo-especialistas"],"yoast_head":"<!-- This site is optimized with the Yoast SEO plugin v22.4 - https:\/\/yoast.com\/wordpress\/plugins\/seo\/ -->\n<title>Primavera en forma: c\u00f3mo disfrutar del ejercicio sin riesgos - Conecta Mutual - Trabajadores<\/title>\n<meta name=\"robots\" content=\"index, follow, max-snippet:-1, max-image-preview:large, max-video-preview:-1\" \/>\n<link rel=\"canonical\" href=\"https:\/\/conectamutual.cl\/trabajadores\/alo-especialistas\/primavera-en-forma-como-disfrutar-del-ejercicio-sin-riesgos\/\" \/>\n<meta property=\"og:locale\" content=\"es_ES\" \/>\n<meta property=\"og:type\" content=\"article\" \/>\n<meta property=\"og:title\" content=\"Primavera en forma: c\u00f3mo disfrutar del ejercicio sin riesgos - Conecta Mutual - Trabajadores\" \/>\n<meta property=\"og:description\" content=\"La primavera nos brinda la oportunidad de despertar de nuestro letargo invernal y renovar el entusiasmo por el ejercicio y el bienestar personal. Muchos sienten el llamado de la actividad f\u00edsica con la esperanza de deshacerse de esos kilos extras acumulados. Sin embargo, la emoci\u00f3n del comienzo puede tener sus trampas. \u00a1Vamos a descubrir c\u00f3mo [&hellip;]\" \/>\n<meta property=\"og:url\" content=\"https:\/\/conectamutual.cl\/trabajadores\/alo-especialistas\/primavera-en-forma-como-disfrutar-del-ejercicio-sin-riesgos\/\" \/>\n<meta property=\"og:site_name\" content=\"Conecta Mutual - Trabajadores\" \/>\n<meta property=\"article:published_time\" content=\"2023-10-31T23:26:31+00:00\" \/>\n<meta property=\"article:modified_time\" content=\"2023-10-31T23:33:18+00:00\" \/>\n<meta property=\"og:image\" content=\"https:\/\/conectamutual.cl\/trabajadores\/wp-content\/uploads\/2023\/10\/Articulo-57-Ilustracion-Ejercitarse-sin-Riesgos.png\" \/>\n\t<meta property=\"og:image:width\" content=\"1563\" \/>\n\t<meta property=\"og:image:height\" content=\"1563\" \/>\n\t<meta property=\"og:image:type\" content=\"image\/png\" \/>\n<meta name=\"author\" content=\"Espacio Mutuo\" \/>\n<meta name=\"twitter:card\" content=\"summary_large_image\" \/>\n<meta name=\"twitter:label1\" content=\"Escrito por\" \/>\n\t<meta name=\"twitter:data1\" content=\"Espacio Mutuo\" \/>\n<script type=\"application\/ld+json\" class=\"yoast-schema-graph\">{\"@context\":\"https:\/\/schema.org\",\"@graph\":[{\"@type\":\"WebPage\",\"@id\":\"https:\/\/conectamutual.cl\/trabajadores\/alo-especialistas\/primavera-en-forma-como-disfrutar-del-ejercicio-sin-riesgos\/\",\"url\":\"https:\/\/conectamutual.cl\/trabajadores\/alo-especialistas\/primavera-en-forma-como-disfrutar-del-ejercicio-sin-riesgos\/\",\"name\":\"Primavera en forma: c\u00f3mo disfrutar del ejercicio sin riesgos - Conecta Mutual - Trabajadores\",\"isPartOf\":{\"@id\":\"https:\/\/conectamutual.cl\/trabajadores\/#website\"},\"primaryImageOfPage\":{\"@id\":\"https:\/\/conectamutual.cl\/trabajadores\/alo-especialistas\/primavera-en-forma-como-disfrutar-del-ejercicio-sin-riesgos\/#primaryimage\"},\"image\":{\"@id\":\"https:\/\/conectamutual.cl\/trabajadores\/alo-especialistas\/primavera-en-forma-como-disfrutar-del-ejercicio-sin-riesgos\/#primaryimage\"},\"thumbnailUrl\":\"https:\/\/conectamutual.cl\/trabajadores\/wp-content\/uploads\/2023\/10\/Articulo-57-Ilustracion-Ejercitarse-sin-Riesgos.png\",\"datePublished\":\"2023-10-31T23:26:31+00:00\",\"dateModified\":\"2023-10-31T23:33:18+00:00\",\"author\":{\"@id\":\"https:\/\/conectamutual.cl\/trabajadores\/#\/schema\/person\/7e847879078c5ae3d0897e3588fbde1d\"},\"breadcrumb\":{\"@id\":\"https:\/\/conectamutual.cl\/trabajadores\/alo-especialistas\/primavera-en-forma-como-disfrutar-del-ejercicio-sin-riesgos\/#breadcrumb\"},\"inLanguage\":\"es\",\"potentialAction\":[{\"@type\":\"ReadAction\",\"target\":[\"https:\/\/conectamutual.cl\/trabajadores\/alo-especialistas\/primavera-en-forma-como-disfrutar-del-ejercicio-sin-riesgos\/\"]}]},{\"@type\":\"ImageObject\",\"inLanguage\":\"es\",\"@id\":\"https:\/\/conectamutual.cl\/trabajadores\/alo-especialistas\/primavera-en-forma-como-disfrutar-del-ejercicio-sin-riesgos\/#primaryimage\",\"url\":\"https:\/\/conectamutual.cl\/trabajadores\/wp-content\/uploads\/2023\/10\/Articulo-57-Ilustracion-Ejercitarse-sin-Riesgos.png\",\"contentUrl\":\"https:\/\/conectamutual.cl\/trabajadores\/wp-content\/uploads\/2023\/10\/Articulo-57-Ilustracion-Ejercitarse-sin-Riesgos.png\",\"width\":1563,\"height\":1563},{\"@type\":\"BreadcrumbList\",\"@id\":\"https:\/\/conectamutual.cl\/trabajadores\/alo-especialistas\/primavera-en-forma-como-disfrutar-del-ejercicio-sin-riesgos\/#breadcrumb\",\"itemListElement\":[{\"@type\":\"ListItem\",\"position\":1,\"name\":\"Portada\",\"item\":\"https:\/\/conectamutual.cl\/trabajadores\/\"},{\"@type\":\"ListItem\",\"position\":2,\"name\":\"Primavera en forma: c\u00f3mo disfrutar del ejercicio sin riesgos\"}]},{\"@type\":\"WebSite\",\"@id\":\"https:\/\/conectamutual.cl\/trabajadores\/#website\",\"url\":\"https:\/\/conectamutual.cl\/trabajadores\/\",\"name\":\"Conecta Mutual - Trabajadores\",\"description\":\"\",\"potentialAction\":[{\"@type\":\"SearchAction\",\"target\":{\"@type\":\"EntryPoint\",\"urlTemplate\":\"https:\/\/conectamutual.cl\/trabajadores\/?s={search_term_string}\"},\"query-input\":\"required name=search_term_string\"}],\"inLanguage\":\"es\"},{\"@type\":\"Person\",\"@id\":\"https:\/\/conectamutual.cl\/trabajadores\/#\/schema\/person\/7e847879078c5ae3d0897e3588fbde1d\",\"name\":\"Espacio Mutuo\",\"image\":{\"@type\":\"ImageObject\",\"inLanguage\":\"es\",\"@id\":\"https:\/\/conectamutual.cl\/trabajadores\/#\/schema\/person\/image\/\",\"url\":\"https:\/\/secure.gravatar.com\/avatar\/90d8821e32539b0b143885ed6e3a2e98f19e8a62b1e68e9d4539841a6aa1cf27?s=96&d=mm&r=g\",\"contentUrl\":\"https:\/\/secure.gravatar.com\/avatar\/90d8821e32539b0b143885ed6e3a2e98f19e8a62b1e68e9d4539841a6aa1cf27?s=96&d=mm&r=g\",\"caption\":\"Espacio Mutuo\"},\"sameAs\":[\"http:\/\/conectamutual.cl\/trabajadores\"],\"url\":\"https:\/\/conectamutual.cl\/trabajadores\/author\/admin-emutuo\/\"}]}<\/script>\n<!-- \/ Yoast SEO plugin. -->","yoast_head_json":{"title":"Primavera en forma: c\u00f3mo disfrutar del ejercicio sin riesgos - Conecta Mutual - Trabajadores","robots":{"index":"index","follow":"follow","max-snippet":"max-snippet:-1","max-image-preview":"max-image-preview:large","max-video-preview":"max-video-preview:-1"},"canonical":"https:\/\/conectamutual.cl\/trabajadores\/alo-especialistas\/primavera-en-forma-como-disfrutar-del-ejercicio-sin-riesgos\/","og_locale":"es_ES","og_type":"article","og_title":"Primavera en forma: c\u00f3mo disfrutar del ejercicio sin riesgos - Conecta Mutual - Trabajadores","og_description":"La primavera nos brinda la oportunidad de despertar de nuestro letargo invernal y renovar el entusiasmo por el ejercicio y el bienestar personal. Muchos sienten el llamado de la actividad f\u00edsica con la esperanza de deshacerse de esos kilos extras acumulados. Sin embargo, la emoci\u00f3n del comienzo puede tener sus trampas. \u00a1Vamos a descubrir c\u00f3mo [&hellip;]","og_url":"https:\/\/conectamutual.cl\/trabajadores\/alo-especialistas\/primavera-en-forma-como-disfrutar-del-ejercicio-sin-riesgos\/","og_site_name":"Conecta Mutual - Trabajadores","article_published_time":"2023-10-31T23:26:31+00:00","article_modified_time":"2023-10-31T23:33:18+00:00","og_image":[{"width":1563,"height":1563,"url":"https:\/\/conectamutual.cl\/trabajadores\/wp-content\/uploads\/2023\/10\/Articulo-57-Ilustracion-Ejercitarse-sin-Riesgos.png","type":"image\/png"}],"author":"Espacio Mutuo","twitter_card":"summary_large_image","twitter_misc":{"Escrito por":"Espacio Mutuo"},"schema":{"@context":"https:\/\/schema.org","@graph":[{"@type":"WebPage","@id":"https:\/\/conectamutual.cl\/trabajadores\/alo-especialistas\/primavera-en-forma-como-disfrutar-del-ejercicio-sin-riesgos\/","url":"https:\/\/conectamutual.cl\/trabajadores\/alo-especialistas\/primavera-en-forma-como-disfrutar-del-ejercicio-sin-riesgos\/","name":"Primavera en forma: c\u00f3mo disfrutar del ejercicio sin riesgos - Conecta Mutual - Trabajadores","isPartOf":{"@id":"https:\/\/conectamutual.cl\/trabajadores\/#website"},"primaryImageOfPage":{"@id":"https:\/\/conectamutual.cl\/trabajadores\/alo-especialistas\/primavera-en-forma-como-disfrutar-del-ejercicio-sin-riesgos\/#primaryimage"},"image":{"@id":"https:\/\/conectamutual.cl\/trabajadores\/alo-especialistas\/primavera-en-forma-como-disfrutar-del-ejercicio-sin-riesgos\/#primaryimage"},"thumbnailUrl":"https:\/\/conectamutual.cl\/trabajadores\/wp-content\/uploads\/2023\/10\/Articulo-57-Ilustracion-Ejercitarse-sin-Riesgos.png","datePublished":"2023-10-31T23:26:31+00:00","dateModified":"2023-10-31T23:33:18+00:00","author":{"@id":"https:\/\/conectamutual.cl\/trabajadores\/#\/schema\/person\/7e847879078c5ae3d0897e3588fbde1d"},"breadcrumb":{"@id":"https:\/\/conectamutual.cl\/trabajadores\/alo-especialistas\/primavera-en-forma-como-disfrutar-del-ejercicio-sin-riesgos\/#breadcrumb"},"inLanguage":"es","potentialAction":[{"@type":"ReadAction","target":["https:\/\/conectamutual.cl\/trabajadores\/alo-especialistas\/primavera-en-forma-como-disfrutar-del-ejercicio-sin-riesgos\/"]}]},{"@type":"ImageObject","inLanguage":"es","@id":"https:\/\/conectamutual.cl\/trabajadores\/alo-especialistas\/primavera-en-forma-como-disfrutar-del-ejercicio-sin-riesgos\/#primaryimage","url":"https:\/\/conectamutual.cl\/trabajadores\/wp-content\/uploads\/2023\/10\/Articulo-57-Ilustracion-Ejercitarse-sin-Riesgos.png","contentUrl":"https:\/\/conectamutual.cl\/trabajadores\/wp-content\/uploads\/2023\/10\/Articulo-57-Ilustracion-Ejercitarse-sin-Riesgos.png","width":1563,"height":1563},{"@type":"BreadcrumbList","@id":"https:\/\/conectamutual.cl\/trabajadores\/alo-especialistas\/primavera-en-forma-como-disfrutar-del-ejercicio-sin-riesgos\/#breadcrumb","itemListElement":[{"@type":"ListItem","position":1,"name":"Portada","item":"https:\/\/conectamutual.cl\/trabajadores\/"},{"@type":"ListItem","position":2,"name":"Primavera en forma: c\u00f3mo disfrutar del ejercicio sin riesgos"}]},{"@type":"WebSite","@id":"https:\/\/conectamutual.cl\/trabajadores\/#website","url":"https:\/\/conectamutual.cl\/trabajadores\/","name":"Conecta Mutual - Trabajadores","description":"","potentialAction":[{"@type":"SearchAction","target":{"@type":"EntryPoint","urlTemplate":"https:\/\/conectamutual.cl\/trabajadores\/?s={search_term_string}"},"query-input":"required name=search_term_string"}],"inLanguage":"es"},{"@type":"Person","@id":"https:\/\/conectamutual.cl\/trabajadores\/#\/schema\/person\/7e847879078c5ae3d0897e3588fbde1d","name":"Espacio Mutuo","image":{"@type":"ImageObject","inLanguage":"es","@id":"https:\/\/conectamutual.cl\/trabajadores\/#\/schema\/person\/image\/","url":"https:\/\/secure.gravatar.com\/avatar\/90d8821e32539b0b143885ed6e3a2e98f19e8a62b1e68e9d4539841a6aa1cf27?s=96&d=mm&r=g","contentUrl":"https:\/\/secure.gravatar.com\/avatar\/90d8821e32539b0b143885ed6e3a2e98f19e8a62b1e68e9d4539841a6aa1cf27?s=96&d=mm&r=g","caption":"Espacio Mutuo"},"sameAs":["http:\/\/conectamutual.cl\/trabajadores"],"url":"https:\/\/conectamutual.cl\/trabajadores\/author\/admin-emutuo\/"}]}},"_links":{"self":[{"href":"https:\/\/conectamutual.cl\/trabajadores\/wp-json\/wp\/v2\/posts\/928","targetHints":{"allow":["GET"]}}],"collection":[{"href":"https:\/\/conectamutual.cl\/trabajadores\/wp-json\/wp\/v2\/posts"}],"about":[{"href":"https:\/\/conectamutual.cl\/trabajadores\/wp-json\/wp\/v2\/types\/post"}],"author":[{"embeddable":true,"href":"https:\/\/conectamutual.cl\/trabajadores\/wp-json\/wp\/v2\/users\/1"}],"replies":[{"embeddable":true,"href":"https:\/\/conectamutual.cl\/trabajadores\/wp-json\/wp\/v2\/comments?post=928"}],"version-history":[{"count":6,"href":"https:\/\/conectamutual.cl\/trabajadores\/wp-json\/wp\/v2\/posts\/928\/revisions"}],"predecessor-version":[{"id":936,"href":"https:\/\/conectamutual.cl\/trabajadores\/wp-json\/wp\/v2\/posts\/928\/revisions\/936"}],"wp:featuredmedia":[{"embeddable":true,"href":"https:\/\/conectamutual.cl\/trabajadores\/wp-json\/wp\/v2\/media\/931"}],"wp:attachment":[{"href":"https:\/\/conectamutual.cl\/trabajadores\/wp-json\/wp\/v2\/media?parent=928"}],"wp:term":[{"taxonomy":"category","embeddable":true,"href":"https:\/\/conectamutual.cl\/trabajadores\/wp-json\/wp\/v2\/categories?post=928"},{"taxonomy":"post_tag","embeddable":true,"href":"https:\/\/conectamutual.cl\/trabajadores\/wp-json\/wp\/v2\/tags?post=928"}],"curies":[{"name":"wp","href":"https:\/\/api.w.org\/{rel}","templated":true}]}}