{"id":946,"date":"2023-10-31T23:42:10","date_gmt":"2023-10-31T23:42:10","guid":{"rendered":"https:\/\/conectamutual.cl\/trabajadores\/?p=946"},"modified":"2023-10-31T23:48:06","modified_gmt":"2023-10-31T23:48:06","slug":"conoce-los-bonos-para-trabajadores-y-potencia-tu-bienestar-laboral","status":"publish","type":"post","link":"https:\/\/conectamutual.cl\/trabajadores\/datos-utiles\/conoce-los-bonos-para-trabajadores-y-potencia-tu-bienestar-laboral\/","title":{"rendered":"Conoce los bonos para trabajadores y potencia tu bienestar laboral"},"content":{"rendered":"<p>[et_pb_section fb_built=\u00bb1&#8243; _builder_version=\u00bb4.20.2&#8243; _module_preset=\u00bbdefault\u00bb custom_padding=\u00bb3px||12px|||\u00bb global_colors_info=\u00bb{}\u00bb][et_pb_row column_structure=\u00bb1_2,1_2&#8243; _builder_version=\u00bb4.20.2&#8243; _module_preset=\u00bbdefault\u00bb global_colors_info=\u00bb{}\u00bb][et_pb_column type=\u00bb1_2&#8243; _builder_version=\u00bb4.20.2&#8243; _module_preset=\u00bbdefault\u00bb global_colors_info=\u00bb{}\u00bb][et_pb_image src=\u00bbhttps:\/\/conectamutual.cl\/trabajadores\/wp-content\/uploads\/2023\/03\/logo-Espacio-Trabajadores-separados-12.png\u00bb title_text=\u00bblogo-Espacio-Trabajadores-separados-12&#8243; align=\u00bbcenter\u00bb _builder_version=\u00bb4.20.2&#8243; _module_preset=\u00bbdefault\u00bb width=\u00bb57%\u00bb width_tablet=\u00bb57%\u00bb width_phone=\u00bb99%\u00bb width_last_edited=\u00bbon|phone\u00bb max_width=\u00bb91%\u00bb module_alignment=\u00bbcenter\u00bb min_height_tablet=\u00bb\u00bb min_height_phone=\u00bb\u00bb min_height_last_edited=\u00bbon|desktop\u00bb global_colors_info=\u00bb{}\u00bb][\/et_pb_image][\/et_pb_column][et_pb_column type=\u00bb1_2&#8243; _builder_version=\u00bb4.20.2&#8243; _module_preset=\u00bbdefault\u00bb global_colors_info=\u00bb{}\u00bb][et_pb_image src=\u00bbhttps:\/\/conectamutual.cl\/trabajadores\/wp-content\/uploads\/2023\/03\/logo-Espacio-Trabajadores-separados-11.png\u00bb title_text=\u00bblogo-Espacio-Trabajadores-separados-11&#8243; align=\u00bbcenter\u00bb _builder_version=\u00bb4.20.2&#8243; _module_preset=\u00bbdefault\u00bb width=\u00bb62%\u00bb width_tablet=\u00bb62%\u00bb width_phone=\u00bb100%\u00bb width_last_edited=\u00bbon|phone\u00bb max_width=\u00bb90%\u00bb module_alignment=\u00bbcenter\u00bb custom_margin=\u00bb25px||||false|false\u00bb module_alignment_tablet=\u00bbcenter\u00bb module_alignment_phone=\u00bbcenter\u00bb module_alignment_last_edited=\u00bbon|desktop\u00bb global_colors_info=\u00bb{}\u00bb][\/et_pb_image][\/et_pb_column][\/et_pb_row][\/et_pb_section][et_pb_section fb_built=\u00bb1&#8243; _builder_version=\u00bb4.20.2&#8243; _module_preset=\u00bbdefault\u00bb background_color=\u00bb#ede2f1&#8243; custom_padding=\u00bb0px||0px|||\u00bb global_colors_info=\u00bb{}\u00bb][et_pb_row _builder_version=\u00bb4.20.2&#8243; _module_preset=\u00bbdefault\u00bb global_colors_info=\u00bb{}\u00bb][et_pb_column type=\u00bb4_4&#8243; _builder_version=\u00bb4.20.2&#8243; _module_preset=\u00bbdefault\u00bb global_colors_info=\u00bb{}\u00bb][et_pb_image src=\u00bbhttps:\/\/conectamutual.cl\/trabajadores\/wp-content\/uploads\/2023\/03\/Graf-Categorias-03.png\u00bb title_text=\u00bbGraf Categori\u0301as-03&#8243; _builder_version=\u00bb4.20.2&#8243; _module_preset=\u00bbdefault\u00bb width=\u00bb47%\u00bb width_tablet=\u00bb60%\u00bb width_phone=\u00bb100%\u00bb width_last_edited=\u00bbon|phone\u00bb custom_margin=\u00bb0px||0px||false|false\u00bb custom_margin_tablet=\u00bb0px||0px||false|false\u00bb custom_margin_phone=\u00bb20px||20px||false|false\u00bb custom_margin_last_edited=\u00bbon|phone\u00bb global_colors_info=\u00bb{}\u00bb][\/et_pb_image][\/et_pb_column][\/et_pb_row][\/et_pb_section][et_pb_section fb_built=\u00bb1&#8243; _builder_version=\u00bb4.20.2&#8243; _module_preset=\u00bbdefault\u00bb background_color=\u00bbrgba(240,238,228,0.34)\u00bb custom_padding=\u00bb42px||1px|||\u00bb global_colors_info=\u00bb{}\u00bb][et_pb_row column_structure=\u00bb2_5,3_5&#8243; _builder_version=\u00bb4.20.2&#8243; _module_preset=\u00bbdefault\u00bb custom_margin=\u00bb-65px|auto||auto||\u00bb custom_padding=\u00bb26px||5px|||\u00bb global_colors_info=\u00bb{}\u00bb][et_pb_column type=\u00bb2_5&#8243; _builder_version=\u00bb4.16&#8243; _module_preset=\u00bbdefault\u00bb global_colors_info=\u00bb{}\u00bb][et_pb_post_title comments=\u00bboff\u00bb featured_image=\u00bboff\u00bb _builder_version=\u00bb4.20.2&#8243; _module_preset=\u00bbdefault\u00bb title_level=\u00bbh2&#8243; title_font=\u00bbMontserrat|700|||||||\u00bb title_text_align=\u00bbright\u00bb title_text_color=\u00bb#c4d600&#8243; title_font_size=\u00bb43px\u00bb title_line_height=\u00bb1.1em\u00bb meta_font=\u00bbMontserrat||||||||\u00bb meta_text_align=\u00bbright\u00bb meta_font_size=\u00bb12px\u00bb custom_margin=\u00bb41px||||false|false\u00bb title_font_size_tablet=\u00bb\u00bb title_font_size_phone=\u00bb30px\u00bb title_font_size_last_edited=\u00bbon|phone\u00bb meta_font_size_tablet=\u00bb\u00bb meta_font_size_phone=\u00bb10px\u00bb meta_font_size_last_edited=\u00bbon|phone\u00bb global_colors_info=\u00bb{}\u00bb][\/et_pb_post_title][et_pb_text _builder_version=\u00bb4.20.2&#8243; _module_preset=\u00bbdefault\u00bb header_4_font=\u00bb|600|on||||||\u00bb header_4_text_color=\u00bb#000000&#8243; header_4_font_size=\u00bb16px\u00bb header_4_line_height=\u00bb1.9em\u00bb custom_padding=\u00bb0px|||||\u00bb hover_enabled=\u00bb0&#8243; global_colors_info=\u00bb{}\u00bb sticky_enabled=\u00bb0&#8243;]<\/p>\n<h4 style=\"text-align: right;\"><em><strong>La importancia de estar informado no radica solo en conocer las noticias del mundo, sino tambi\u00e9n en entender las ventajas y beneficios que se nos ofrecen a diario.<\/strong><\/em><\/h4>\n<p>[\/et_pb_text][\/et_pb_column][et_pb_column type=\u00bb3_5&#8243; _builder_version=\u00bb4.16&#8243; _module_preset=\u00bbdefault\u00bb global_colors_info=\u00bb{}\u00bb][et_pb_image src=\u00bbhttps:\/\/conectamutual.cl\/trabajadores\/wp-content\/uploads\/2023\/10\/Articulo-59-Ilustracion-Bonos-para-Trabajadores.png\u00bb title_text=\u00bbArti\u0301culo 59 &#8211; Ilustracio\u0301n &#8211; Bonos para Trabajadores\u00bb _builder_version=\u00bb4.20.2&#8243; _module_preset=\u00bbdefault\u00bb width=\u00bb75%\u00bb module_alignment=\u00bbleft\u00bb custom_margin=\u00bb-2px||||false|false\u00bb custom_margin_tablet=\u00bb47px||||false|false\u00bb custom_margin_phone=\u00bb5px||10px||false|false\u00bb custom_margin_last_edited=\u00bbon|desktop\u00bb hover_enabled=\u00bb0&#8243; global_colors_info=\u00bb{}\u00bb custom_margin__hover_enabled=\u00bbon|desktop\u00bb custom_margin__hover=\u00bb47px||||false|false\u00bb sticky_enabled=\u00bb0&#8243;][\/et_pb_image][\/et_pb_column][\/et_pb_row][\/et_pb_section][et_pb_section fb_built=\u00bb1&#8243; _builder_version=\u00bb4.18.0&#8243; _module_preset=\u00bbdefault\u00bb custom_padding=\u00bb0px|||||\u00bb global_colors_info=\u00bb{}\u00bb][et_pb_row column_structure=\u00bb2_3,1_3&#8243; _builder_version=\u00bb4.20.2&#8243; _module_preset=\u00bbdefault\u00bb custom_padding=\u00bb54px|||||\u00bb global_colors_info=\u00bb{}\u00bb][et_pb_column type=\u00bb2_3&#8243; _builder_version=\u00bb4.18.0&#8243; _module_preset=\u00bbdefault\u00bb global_colors_info=\u00bb{}\u00bb][et_pb_text ol_item_indent=\u00bb8px\u00bb _builder_version=\u00bb4.20.2&#8243; _module_preset=\u00bbdefault\u00bb text_line_height=\u00bb2.1em\u00bb ol_font=\u00bb|700|||||||\u00bb ol_line_height=\u00bb2.3em\u00bb hover_enabled=\u00bb0&#8243; text_font_size_tablet=\u00bb\u00bb text_font_size_phone=\u00bb17px\u00bb text_font_size_last_edited=\u00bbon|phone\u00bb global_colors_info=\u00bb{}\u00bb sticky_enabled=\u00bb0&#8243;]<\/p>\n<p><span style=\"font-weight: 400;\">Espec\u00edficamente, el Estado ofrece una serie de bonos y subsidios que buscan mejorar las condiciones laborales y la calidad de vida de los trabajadores. Pero, \u00bfsab\u00edas que existen? \u00a1Aqu\u00ed te los presentamos!<\/span><\/p>\n<h2><b>Bono al Trabajo de la Mujer<\/b><\/h2>\n<ul>\n<li style=\"list-style-type: none;\">\n<ul>\n<li style=\"font-weight: 400;\" aria-level=\"2\"><b>\u00bfPara qui\u00e9n?<\/b><span style=\"font-weight: 400;\"> Mujeres entre 25 y 59 a\u00f1os que pertenezcan al 40% m\u00e1s vulnerable seg\u00fan el <\/span><span style=\"font-weight: 400;\">Registro Social de Hogares<\/span><span style=\"font-weight: 400;\"> (RSH).<\/span><\/li>\n<li style=\"font-weight: 400;\" aria-level=\"2\"><b>\u00bfC\u00f3mo postular?<\/b><span style=\"font-weight: 400;\"> F\u00e1cilmente a trav\u00e9s del sitio web del <\/span><a href=\"https:\/\/sence.gob.cl\/personas\/bono-al-trabajo-de-la-mujer\"><span style=\"font-weight: 400;\">Sence<\/span><\/a><span style=\"font-weight: 400;\"> usando tu Clave \u00danica.<\/span><\/li>\n<li style=\"font-weight: 400;\" aria-level=\"2\"><b>\u00bfC\u00f3mo recibirlo?<\/b><span style=\"font-weight: 400;\"> Elige entre dep\u00f3sito en Cuenta RUT, cuenta bancaria, o retiro en Banco Estado. \u00a1Recuerda! El pago de octubre es el martes 3<\/span><\/li>\n<\/ul>\n<\/li>\n<\/ul>\n<h2><b>Subsidio al Empleo Joven<\/b><\/h2>\n<ul>\n<li style=\"list-style-type: none;\">\n<ul>\n<li style=\"font-weight: 400;\" aria-level=\"2\"><b>\u00bfPara qui\u00e9n?<\/b><span style=\"font-weight: 400;\"> J\u00f3venes trabajadores de 18 a 24 a\u00f1os que est\u00e9n en el 40% m\u00e1s vulnerable del RSH.<\/span><\/li>\n<li style=\"font-weight: 400;\" aria-level=\"2\"><b>\u00bfC\u00f3mo postular?<\/b><span style=\"font-weight: 400;\"> Online, durante todo el a\u00f1o.<\/span><\/li>\n<li style=\"font-weight: 400;\" aria-level=\"2\"><b>\u00bfC\u00f3mo recibirlo?<\/b><span style=\"font-weight: 400;\"> Elige entre dep\u00f3sito en Cuenta RUT, cuenta bancaria, o en sucursales de Banco Estado.<\/span><\/li>\n<\/ul>\n<\/li>\n<\/ul>\n<h2><b>Ingreso M\u00ednimo Garantizado<\/b><\/h2>\n<ul>\n<li style=\"list-style-type: none;\">\n<ul>\n<li style=\"font-weight: 400;\" aria-level=\"2\"><b>\u00bfPara qui\u00e9n?<\/b><span style=\"font-weight: 400;\"> Trabajadores dependientes que buscan asegurar un sueldo l\u00edquido de al menos $379.793.<\/span><\/li>\n<li style=\"font-weight: 400;\" aria-level=\"2\"><b>Requisitos clave:<\/b><span style=\"font-weight: 400;\"> Jornada laboral superior a 30 horas y renta bruta mensual menor a $497.272.<\/span><\/li>\n<li style=\"font-weight: 400;\" aria-level=\"2\"><b>\u00bfCu\u00e1ndo se paga?<\/b><span style=\"font-weight: 400;\"> A finales de cada mes, \u00a1as\u00ed que atento a las fechas!<\/span><\/li>\n<\/ul>\n<\/li>\n<\/ul>\n<h2><b>Subsidio a la Cotizaci\u00f3n de Trabajadores J\u00f3venes<\/b><\/h2>\n<ul>\n<li style=\"list-style-type: none;\">\n<ul>\n<li style=\"font-weight: 400;\" aria-level=\"2\"><b>\u00bfPara qui\u00e9n?<\/b><span style=\"font-weight: 400;\"> Personas de 18 a 35 a\u00f1os con contrato laboral.<\/span><\/li>\n<li style=\"font-weight: 400;\" aria-level=\"2\"><b>Beneficio:<\/b><span style=\"font-weight: 400;\"> $22.000 mensuales directo a tu cuenta de AFP.<\/span><\/li>\n<li style=\"font-weight: 400;\" aria-level=\"2\"><b>\u00bfC\u00f3mo saber si calificas?<\/b><span style=\"font-weight: 400;\"> Ingresa tu RUT en el sitio de <\/span><a href=\"https:\/\/www.chileatiende.gob.cl\/fichas\/5220-subsidio-a-la-cotizacion-de-trabajadores-jovenes\"><span style=\"font-weight: 400;\">ChileAtiende<\/span><\/a><span style=\"font-weight: 400;\">.<\/span><\/li>\n<li style=\"font-weight: 400;\" aria-level=\"2\"><b>\u00bfD\u00f3nde postular?<\/b><span style=\"font-weight: 400;\"> De manera presencial en oficinas de las AFP o ChileAtiende, o en l\u00ednea en el sitio del IPS.<\/span><\/li>\n<\/ul>\n<\/li>\n<\/ul>\n<p><span style=\"font-weight: 400;\">Los beneficios que el Estado ofrece son herramientas poderosas para mejorar las condiciones de vida de los trabajadores. Es esencial estar informados y aprovechar estos programas para maximizar tu bienestar y estabilidad financiera. Recuerda que estos bonos y subsidios est\u00e1n dise\u00f1ados para ti, \u00a1as\u00ed que no dejes pasar la oportunidad!<\/span><\/p>\n<p>[\/et_pb_text][\/et_pb_column][et_pb_column type=\u00bb1_3&#8243; disabled_on=\u00bbon|on|on\u00bb _builder_version=\u00bb4.20.2&#8243; _module_preset=\u00bbdefault\u00bb background_color=\u00bbrgba(240,238,228,0.43)\u00bb border_radii=\u00bbon|10px|10px|10px|10px\u00bb disabled=\u00bbon\u00bb global_colors_info=\u00bb{}\u00bb][et_pb_image src=\u00bbhttps:\/\/conectamutual.cl\/trabajadores\/wp-content\/uploads\/2023\/03\/Logo-Mutual.png\u00bb title_text=\u00bbLogo Mutual\u00bb _builder_version=\u00bb4.18.0&#8243; _module_preset=\u00bbdefault\u00bb width=\u00bb75%\u00bb module_alignment=\u00bbcenter\u00bb custom_padding=\u00bb21px|||||\u00bb global_colors_info=\u00bb{}\u00bb][\/et_pb_image][et_pb_image src=\u00bbhttps:\/\/conectamutual.cl\/trabajadores\/wp-content\/uploads\/2023\/03\/Captura-de-Pantalla-2023-03-02-a-las-11.22.47.png\u00bb title_text=\u00bbCaptura de Pantalla 2023-03-02 a la(s) 11.22.47&#8243; _builder_version=\u00bb4.18.0&#8243; _module_preset=\u00bbdefault\u00bb width=\u00bb91%\u00bb module_alignment=\u00bbcenter\u00bb custom_padding=\u00bb17px|||||\u00bb global_colors_info=\u00bb{}\u00bb][\/et_pb_image][et_pb_image src=\u00bbhttps:\/\/conectamutual.cl\/trabajadores\/wp-content\/uploads\/2023\/03\/Alo-especialista.png\u00bb title_text=\u00bbAlo especialista\u00bb _builder_version=\u00bb4.18.0&#8243; _module_preset=\u00bbdefault\u00bb custom_margin=\u00bb80px|||||\u00bb custom_padding=\u00bb|10px||10px|false|false\u00bb global_colors_info=\u00bb{}\u00bb][\/et_pb_image][et_pb_blurb title=\u00bbVideo: Dr. Pedro Alfaro nos habla del cuidado con el sol y los rayos U.V.\u00bb image=\u00bbhttps:\/\/conectamutual.cl\/trabajadores\/wp-content\/uploads\/2023\/03\/dostor-video.png\u00bb _builder_version=\u00bb4.18.0&#8243; _module_preset=\u00bbdefault\u00bb header_font=\u00bb|700|||||||\u00bb header_font_size=\u00bb22px\u00bb custom_padding=\u00bb|10px|35px|10px|false|false\u00bb global_colors_info=\u00bb{}\u00bb][\/et_pb_blurb][\/et_pb_column][\/et_pb_row][\/et_pb_section]<\/p>\n","protected":false},"excerpt":{"rendered":"<p>La importancia de estar informado no radica solo en conocer las noticias del mundo, sino tambi\u00e9n en entender las ventajas y beneficios que se nos ofrecen a diario.Espec\u00edficamente, el Estado ofrece una serie de bonos y subsidios que buscan mejorar las condiciones laborales y la calidad de vida de los trabajadores. Pero, \u00bfsab\u00edas que existen? [&hellip;]<\/p>\n","protected":false},"author":1,"featured_media":949,"comment_status":"closed","ping_status":"closed","sticky":false,"template":"","format":"standard","meta":{"_et_pb_use_builder":"on","_et_pb_old_content":"","_et_gb_content_width":"","footnotes":""},"categories":[5],"tags":[],"class_list":["post-946","post","type-post","status-publish","format-standard","has-post-thumbnail","hentry","category-datos-utiles"],"yoast_head":"<!-- This site is optimized with the Yoast SEO plugin v22.4 - https:\/\/yoast.com\/wordpress\/plugins\/seo\/ -->\n<title>Conoce los bonos para trabajadores y potencia tu bienestar laboral - Conecta Mutual - Trabajadores<\/title>\n<meta name=\"robots\" content=\"index, follow, max-snippet:-1, max-image-preview:large, max-video-preview:-1\" \/>\n<link rel=\"canonical\" href=\"https:\/\/conectamutual.cl\/trabajadores\/datos-utiles\/conoce-los-bonos-para-trabajadores-y-potencia-tu-bienestar-laboral\/\" \/>\n<meta property=\"og:locale\" content=\"es_ES\" \/>\n<meta property=\"og:type\" content=\"article\" \/>\n<meta property=\"og:title\" content=\"Conoce los bonos para trabajadores y potencia tu bienestar laboral - Conecta Mutual - Trabajadores\" \/>\n<meta property=\"og:description\" content=\"La importancia de estar informado no radica solo en conocer las noticias del mundo, sino tambi\u00e9n en entender las ventajas y beneficios que se nos ofrecen a diario.Espec\u00edficamente, el Estado ofrece una serie de bonos y subsidios que buscan mejorar las condiciones laborales y la calidad de vida de los trabajadores. Pero, \u00bfsab\u00edas que existen? [&hellip;]\" \/>\n<meta property=\"og:url\" content=\"https:\/\/conectamutual.cl\/trabajadores\/datos-utiles\/conoce-los-bonos-para-trabajadores-y-potencia-tu-bienestar-laboral\/\" \/>\n<meta property=\"og:site_name\" content=\"Conecta Mutual - Trabajadores\" \/>\n<meta property=\"article:published_time\" content=\"2023-10-31T23:42:10+00:00\" \/>\n<meta property=\"article:modified_time\" content=\"2023-10-31T23:48:06+00:00\" \/>\n<meta property=\"og:image\" content=\"https:\/\/conectamutual.cl\/trabajadores\/wp-content\/uploads\/2023\/10\/Articulo-59-Ilustracion-Bonos-para-Trabajadores.png\" \/>\n\t<meta property=\"og:image:width\" content=\"1563\" \/>\n\t<meta property=\"og:image:height\" content=\"1563\" \/>\n\t<meta property=\"og:image:type\" content=\"image\/png\" \/>\n<meta name=\"author\" content=\"Espacio Mutuo\" \/>\n<meta name=\"twitter:card\" content=\"summary_large_image\" \/>\n<meta name=\"twitter:label1\" content=\"Escrito por\" \/>\n\t<meta name=\"twitter:data1\" content=\"Espacio Mutuo\" \/>\n<script type=\"application\/ld+json\" class=\"yoast-schema-graph\">{\"@context\":\"https:\/\/schema.org\",\"@graph\":[{\"@type\":\"WebPage\",\"@id\":\"https:\/\/conectamutual.cl\/trabajadores\/datos-utiles\/conoce-los-bonos-para-trabajadores-y-potencia-tu-bienestar-laboral\/\",\"url\":\"https:\/\/conectamutual.cl\/trabajadores\/datos-utiles\/conoce-los-bonos-para-trabajadores-y-potencia-tu-bienestar-laboral\/\",\"name\":\"Conoce los bonos para trabajadores y potencia tu bienestar laboral - Conecta Mutual - Trabajadores\",\"isPartOf\":{\"@id\":\"https:\/\/conectamutual.cl\/trabajadores\/#website\"},\"primaryImageOfPage\":{\"@id\":\"https:\/\/conectamutual.cl\/trabajadores\/datos-utiles\/conoce-los-bonos-para-trabajadores-y-potencia-tu-bienestar-laboral\/#primaryimage\"},\"image\":{\"@id\":\"https:\/\/conectamutual.cl\/trabajadores\/datos-utiles\/conoce-los-bonos-para-trabajadores-y-potencia-tu-bienestar-laboral\/#primaryimage\"},\"thumbnailUrl\":\"https:\/\/conectamutual.cl\/trabajadores\/wp-content\/uploads\/2023\/10\/Articulo-59-Ilustracion-Bonos-para-Trabajadores.png\",\"datePublished\":\"2023-10-31T23:42:10+00:00\",\"dateModified\":\"2023-10-31T23:48:06+00:00\",\"author\":{\"@id\":\"https:\/\/conectamutual.cl\/trabajadores\/#\/schema\/person\/7e847879078c5ae3d0897e3588fbde1d\"},\"breadcrumb\":{\"@id\":\"https:\/\/conectamutual.cl\/trabajadores\/datos-utiles\/conoce-los-bonos-para-trabajadores-y-potencia-tu-bienestar-laboral\/#breadcrumb\"},\"inLanguage\":\"es\",\"potentialAction\":[{\"@type\":\"ReadAction\",\"target\":[\"https:\/\/conectamutual.cl\/trabajadores\/datos-utiles\/conoce-los-bonos-para-trabajadores-y-potencia-tu-bienestar-laboral\/\"]}]},{\"@type\":\"ImageObject\",\"inLanguage\":\"es\",\"@id\":\"https:\/\/conectamutual.cl\/trabajadores\/datos-utiles\/conoce-los-bonos-para-trabajadores-y-potencia-tu-bienestar-laboral\/#primaryimage\",\"url\":\"https:\/\/conectamutual.cl\/trabajadores\/wp-content\/uploads\/2023\/10\/Articulo-59-Ilustracion-Bonos-para-Trabajadores.png\",\"contentUrl\":\"https:\/\/conectamutual.cl\/trabajadores\/wp-content\/uploads\/2023\/10\/Articulo-59-Ilustracion-Bonos-para-Trabajadores.png\",\"width\":1563,\"height\":1563},{\"@type\":\"BreadcrumbList\",\"@id\":\"https:\/\/conectamutual.cl\/trabajadores\/datos-utiles\/conoce-los-bonos-para-trabajadores-y-potencia-tu-bienestar-laboral\/#breadcrumb\",\"itemListElement\":[{\"@type\":\"ListItem\",\"position\":1,\"name\":\"Portada\",\"item\":\"https:\/\/conectamutual.cl\/trabajadores\/\"},{\"@type\":\"ListItem\",\"position\":2,\"name\":\"Conoce los bonos para trabajadores y potencia tu bienestar laboral\"}]},{\"@type\":\"WebSite\",\"@id\":\"https:\/\/conectamutual.cl\/trabajadores\/#website\",\"url\":\"https:\/\/conectamutual.cl\/trabajadores\/\",\"name\":\"Conecta Mutual - Trabajadores\",\"description\":\"\",\"potentialAction\":[{\"@type\":\"SearchAction\",\"target\":{\"@type\":\"EntryPoint\",\"urlTemplate\":\"https:\/\/conectamutual.cl\/trabajadores\/?s={search_term_string}\"},\"query-input\":\"required name=search_term_string\"}],\"inLanguage\":\"es\"},{\"@type\":\"Person\",\"@id\":\"https:\/\/conectamutual.cl\/trabajadores\/#\/schema\/person\/7e847879078c5ae3d0897e3588fbde1d\",\"name\":\"Espacio Mutuo\",\"image\":{\"@type\":\"ImageObject\",\"inLanguage\":\"es\",\"@id\":\"https:\/\/conectamutual.cl\/trabajadores\/#\/schema\/person\/image\/\",\"url\":\"https:\/\/secure.gravatar.com\/avatar\/90d8821e32539b0b143885ed6e3a2e98f19e8a62b1e68e9d4539841a6aa1cf27?s=96&d=mm&r=g\",\"contentUrl\":\"https:\/\/secure.gravatar.com\/avatar\/90d8821e32539b0b143885ed6e3a2e98f19e8a62b1e68e9d4539841a6aa1cf27?s=96&d=mm&r=g\",\"caption\":\"Espacio Mutuo\"},\"sameAs\":[\"http:\/\/conectamutual.cl\/trabajadores\"],\"url\":\"https:\/\/conectamutual.cl\/trabajadores\/author\/admin-emutuo\/\"}]}<\/script>\n<!-- \/ Yoast SEO plugin. -->","yoast_head_json":{"title":"Conoce los bonos para trabajadores y potencia tu bienestar laboral - Conecta Mutual - Trabajadores","robots":{"index":"index","follow":"follow","max-snippet":"max-snippet:-1","max-image-preview":"max-image-preview:large","max-video-preview":"max-video-preview:-1"},"canonical":"https:\/\/conectamutual.cl\/trabajadores\/datos-utiles\/conoce-los-bonos-para-trabajadores-y-potencia-tu-bienestar-laboral\/","og_locale":"es_ES","og_type":"article","og_title":"Conoce los bonos para trabajadores y potencia tu bienestar laboral - Conecta Mutual - Trabajadores","og_description":"La importancia de estar informado no radica solo en conocer las noticias del mundo, sino tambi\u00e9n en entender las ventajas y beneficios que se nos ofrecen a diario.Espec\u00edficamente, el Estado ofrece una serie de bonos y subsidios que buscan mejorar las condiciones laborales y la calidad de vida de los trabajadores. Pero, \u00bfsab\u00edas que existen? [&hellip;]","og_url":"https:\/\/conectamutual.cl\/trabajadores\/datos-utiles\/conoce-los-bonos-para-trabajadores-y-potencia-tu-bienestar-laboral\/","og_site_name":"Conecta Mutual - Trabajadores","article_published_time":"2023-10-31T23:42:10+00:00","article_modified_time":"2023-10-31T23:48:06+00:00","og_image":[{"width":1563,"height":1563,"url":"https:\/\/conectamutual.cl\/trabajadores\/wp-content\/uploads\/2023\/10\/Articulo-59-Ilustracion-Bonos-para-Trabajadores.png","type":"image\/png"}],"author":"Espacio Mutuo","twitter_card":"summary_large_image","twitter_misc":{"Escrito por":"Espacio Mutuo"},"schema":{"@context":"https:\/\/schema.org","@graph":[{"@type":"WebPage","@id":"https:\/\/conectamutual.cl\/trabajadores\/datos-utiles\/conoce-los-bonos-para-trabajadores-y-potencia-tu-bienestar-laboral\/","url":"https:\/\/conectamutual.cl\/trabajadores\/datos-utiles\/conoce-los-bonos-para-trabajadores-y-potencia-tu-bienestar-laboral\/","name":"Conoce los bonos para trabajadores y potencia tu bienestar laboral - Conecta Mutual - Trabajadores","isPartOf":{"@id":"https:\/\/conectamutual.cl\/trabajadores\/#website"},"primaryImageOfPage":{"@id":"https:\/\/conectamutual.cl\/trabajadores\/datos-utiles\/conoce-los-bonos-para-trabajadores-y-potencia-tu-bienestar-laboral\/#primaryimage"},"image":{"@id":"https:\/\/conectamutual.cl\/trabajadores\/datos-utiles\/conoce-los-bonos-para-trabajadores-y-potencia-tu-bienestar-laboral\/#primaryimage"},"thumbnailUrl":"https:\/\/conectamutual.cl\/trabajadores\/wp-content\/uploads\/2023\/10\/Articulo-59-Ilustracion-Bonos-para-Trabajadores.png","datePublished":"2023-10-31T23:42:10+00:00","dateModified":"2023-10-31T23:48:06+00:00","author":{"@id":"https:\/\/conectamutual.cl\/trabajadores\/#\/schema\/person\/7e847879078c5ae3d0897e3588fbde1d"},"breadcrumb":{"@id":"https:\/\/conectamutual.cl\/trabajadores\/datos-utiles\/conoce-los-bonos-para-trabajadores-y-potencia-tu-bienestar-laboral\/#breadcrumb"},"inLanguage":"es","potentialAction":[{"@type":"ReadAction","target":["https:\/\/conectamutual.cl\/trabajadores\/datos-utiles\/conoce-los-bonos-para-trabajadores-y-potencia-tu-bienestar-laboral\/"]}]},{"@type":"ImageObject","inLanguage":"es","@id":"https:\/\/conectamutual.cl\/trabajadores\/datos-utiles\/conoce-los-bonos-para-trabajadores-y-potencia-tu-bienestar-laboral\/#primaryimage","url":"https:\/\/conectamutual.cl\/trabajadores\/wp-content\/uploads\/2023\/10\/Articulo-59-Ilustracion-Bonos-para-Trabajadores.png","contentUrl":"https:\/\/conectamutual.cl\/trabajadores\/wp-content\/uploads\/2023\/10\/Articulo-59-Ilustracion-Bonos-para-Trabajadores.png","width":1563,"height":1563},{"@type":"BreadcrumbList","@id":"https:\/\/conectamutual.cl\/trabajadores\/datos-utiles\/conoce-los-bonos-para-trabajadores-y-potencia-tu-bienestar-laboral\/#breadcrumb","itemListElement":[{"@type":"ListItem","position":1,"name":"Portada","item":"https:\/\/conectamutual.cl\/trabajadores\/"},{"@type":"ListItem","position":2,"name":"Conoce los bonos para trabajadores y potencia tu bienestar laboral"}]},{"@type":"WebSite","@id":"https:\/\/conectamutual.cl\/trabajadores\/#website","url":"https:\/\/conectamutual.cl\/trabajadores\/","name":"Conecta Mutual - Trabajadores","description":"","potentialAction":[{"@type":"SearchAction","target":{"@type":"EntryPoint","urlTemplate":"https:\/\/conectamutual.cl\/trabajadores\/?s={search_term_string}"},"query-input":"required name=search_term_string"}],"inLanguage":"es"},{"@type":"Person","@id":"https:\/\/conectamutual.cl\/trabajadores\/#\/schema\/person\/7e847879078c5ae3d0897e3588fbde1d","name":"Espacio Mutuo","image":{"@type":"ImageObject","inLanguage":"es","@id":"https:\/\/conectamutual.cl\/trabajadores\/#\/schema\/person\/image\/","url":"https:\/\/secure.gravatar.com\/avatar\/90d8821e32539b0b143885ed6e3a2e98f19e8a62b1e68e9d4539841a6aa1cf27?s=96&d=mm&r=g","contentUrl":"https:\/\/secure.gravatar.com\/avatar\/90d8821e32539b0b143885ed6e3a2e98f19e8a62b1e68e9d4539841a6aa1cf27?s=96&d=mm&r=g","caption":"Espacio Mutuo"},"sameAs":["http:\/\/conectamutual.cl\/trabajadores"],"url":"https:\/\/conectamutual.cl\/trabajadores\/author\/admin-emutuo\/"}]}},"_links":{"self":[{"href":"https:\/\/conectamutual.cl\/trabajadores\/wp-json\/wp\/v2\/posts\/946","targetHints":{"allow":["GET"]}}],"collection":[{"href":"https:\/\/conectamutual.cl\/trabajadores\/wp-json\/wp\/v2\/posts"}],"about":[{"href":"https:\/\/conectamutual.cl\/trabajadores\/wp-json\/wp\/v2\/types\/post"}],"author":[{"embeddable":true,"href":"https:\/\/conectamutual.cl\/trabajadores\/wp-json\/wp\/v2\/users\/1"}],"replies":[{"embeddable":true,"href":"https:\/\/conectamutual.cl\/trabajadores\/wp-json\/wp\/v2\/comments?post=946"}],"version-history":[{"count":3,"href":"https:\/\/conectamutual.cl\/trabajadores\/wp-json\/wp\/v2\/posts\/946\/revisions"}],"predecessor-version":[{"id":952,"href":"https:\/\/conectamutual.cl\/trabajadores\/wp-json\/wp\/v2\/posts\/946\/revisions\/952"}],"wp:featuredmedia":[{"embeddable":true,"href":"https:\/\/conectamutual.cl\/trabajadores\/wp-json\/wp\/v2\/media\/949"}],"wp:attachment":[{"href":"https:\/\/conectamutual.cl\/trabajadores\/wp-json\/wp\/v2\/media?parent=946"}],"wp:term":[{"taxonomy":"category","embeddable":true,"href":"https:\/\/conectamutual.cl\/trabajadores\/wp-json\/wp\/v2\/categories?post=946"},{"taxonomy":"post_tag","embeddable":true,"href":"https:\/\/conectamutual.cl\/trabajadores\/wp-json\/wp\/v2\/tags?post=946"}],"curies":[{"name":"wp","href":"https:\/\/api.w.org\/{rel}","templated":true}]}}